{"id":19019,"date":"2025-03-10T16:36:02","date_gmt":"2025-03-10T15:36:02","guid":{"rendered":"https:\/\/www.infarma.es\/?p=19019"},"modified":"2025-03-10T16:36:02","modified_gmt":"2025-03-10T15:36:02","slug":"matarrania-laboratorio-cosmetica-ecologica-corazon-matarrana","status":"publish","type":"post","link":"https:\/\/www.infarma.es\/en\/matarrania-laboratorio-cosmetica-ecologica-corazon-matarrana\/","title":{"rendered":"Un laboratorio de cosm\u00e9tica ecol\u00f3gica en el coraz\u00f3n del Matarra\u00f1a"},"content":{"rendered":"\n<p>En <a href=\"https:\/\/www.matarrania.com\/\" target=\"_blank\" rel=\"noreferrer noopener\"><strong>Matarrania<\/strong><\/a> estamos muy orgullosas de asegurarte que controlamos al 100% el proceso productivo de nuestra <a href=\"https:\/\/www.matarrania.com\/\" target=\"_blank\" rel=\"noreferrer noopener\"><strong>cosm\u00e9tica ecol\u00f3gica<\/strong><\/a>: desde el campo hasta tu piel, literalmente. Desde el cultivo de las plantas, la recolecci\u00f3n, la maceraci\u00f3n para conseguir los extractos vegetales, la formulaci\u00f3n y fabricaci\u00f3n hasta el envasado, almacenaje y env\u00edo a tu casa.<\/p>\n\n\n\n<p>Contamos con un <strong>laboratorio propio<\/strong>, ubicado en Pe\u00f1arroya de Tastavins, un pueblecito de la comarca del Matarra\u00f1a, en Teruel. Entre sus paredes anidan a\u00f1os de investigaci\u00f3n, pruebas y estudios; meses de f\u00f3rmulas preliminares antes de dar con la definitiva; d\u00edas y d\u00edas de trabajo apasionado.<\/p>\n\n\n\n<p>Nuestro <strong>laboratorio de cosm\u00e9tica bio<\/strong> tambi\u00e9n alberga horas de burocracia y papeleos para certificar nuestra cosm\u00e9tica como <strong>100% bio o ecol\u00f3gica<\/strong>, algo que para nosotras no tiene discusi\u00f3n, ya que es nuestra se\u00f1a de identidad y valor diferencial desde que lanzamos nuestro primer producto en 2007.<\/p>\n\n\n\n<div style=\"height:30px\" aria-hidden=\"true\" class=\"wp-block-spacer\"><\/div>\n\n\n\n<h4 class=\"wp-block-heading\"><strong>Cosm\u00e9tica con alma<\/strong><\/h4>\n\n\n\n<p>Pero si algo guardan los muros de la <strong>Mas\u00eda de Prades<\/strong>, el edificio original de nuestro laboratorio, es amor. El coraz\u00f3n de todas las mujeres que fabrican los productos de Matarrania de forma totalmente artesanal para crear <strong>cosm\u00e9tica con alma<\/strong> basada en las ra\u00edces de esta tierra: el aceite de oliva.<\/p>\n\n\n\n<div class=\"wp-block-columns is-layout-flex wp-container-core-columns-is-layout-9d6595d7 wp-block-columns-is-layout-flex\">\n<div class=\"wp-block-column is-layout-flow wp-block-column-is-layout-flow\" style=\"flex-basis:66.66%\">\n<p>Creamos <strong>cosm\u00e9tica real, eficaz y responsable<\/strong> con las personas y el planeta, para hacer de la belleza un patrimonio de todas y todos. Nuestras f\u00f3rmulas est\u00e1n inspiradas en la sabidur\u00eda ancestral de las gentes rurales y en ingredientes de origen vegetal y de proximidad, sin t\u00f3xicos ni qu\u00edmicos sint\u00e9ticos.<\/p>\n\n\n\n<p>Matarrania es un proyecto <strong>felizmente rural<\/strong>. Queremos divulgar un estilo de vida sin prisas, el denominado <strong>slow life<\/strong>, promoviendo un cuidado consciente y respetuoso con el entorno.<\/p>\n<\/div>\n\n\n\n<div class=\"wp-block-column is-layout-flow wp-block-column-is-layout-flow\" style=\"flex-basis:33.33%\">\n<figure class=\"wp-block-image size-full\"><img loading=\"lazy\" decoding=\"async\" width=\"300\" height=\"375\" src=\"https:\/\/www.infarma.es\/wp-content\/uploads\/2025\/03\/inf2025-matarrania-cosmetica-blog1.webp\" alt=\"\" class=\"wp-image-19020\" srcset=\"https:\/\/www.infarma.es\/wp-content\/uploads\/2025\/03\/inf2025-matarrania-cosmetica-blog1.webp 300w, https:\/\/www.infarma.es\/wp-content\/uploads\/2025\/03\/inf2025-matarrania-cosmetica-blog1-240x300.webp 240w\" sizes=\"auto, (max-width: 300px) 100vw, 300px\" \/><\/figure>\n<\/div>\n<\/div>\n\n\n\n<div style=\"height:30px\" aria-hidden=\"true\" class=\"wp-block-spacer\"><\/div>\n\n\n\n<h4 class=\"wp-block-heading\"><strong>Un ritual de belleza consciente<\/strong><\/h4>\n\n\n\n<div class=\"wp-block-columns is-layout-flex wp-container-core-columns-is-layout-9d6595d7 wp-block-columns-is-layout-flex\">\n<div class=\"wp-block-column is-layout-flow wp-block-column-is-layout-flow\" style=\"flex-basis:66.66%\">\n<p>Desde nuestro laboratorio creamos m\u00e1s que cosm\u00e9tica: fabricamos momentos, experiencias y sensaciones para que disfrutes a solas contigo, sin ruido ni compromisos. Te invitamos a reservar unos minutos al d\u00eda para conectar contigo misma y sentir la naturaleza viva sobre tu piel, sus aromas y texturas.<\/p>\n\n\n\n<p><a href=\"https:\/\/matarrania.com\/\" target=\"_blank\" rel=\"noreferrer noopener\">Nuestros productos<\/a> est\u00e1n formulados sin agua, por lo que el porcentaje de principio activo es muy alto y su textura es m\u00e1s densa. Es un ritual que requiere tiempo y un poquito m\u00e1s de paciencia. Queremos que esos minutos sean tu <strong>momento sagrado de autocuidado<\/strong>, un regalo de bienestar y salud.<\/p>\n<\/div>\n\n\n\n<div class=\"wp-block-column is-layout-flow wp-block-column-is-layout-flow\" style=\"flex-basis:33.33%\">\n<figure class=\"wp-block-image size-large\"><img loading=\"lazy\" decoding=\"async\" width=\"819\" height=\"1024\" src=\"https:\/\/www.infarma.es\/wp-content\/uploads\/2025\/03\/Imagen-extra-2-819x1024.jpg\" alt=\"\" class=\"wp-image-19023\" srcset=\"https:\/\/www.infarma.es\/wp-content\/uploads\/2025\/03\/Imagen-extra-2-819x1024.jpg 819w, https:\/\/www.infarma.es\/wp-content\/uploads\/2025\/03\/Imagen-extra-2-240x300.jpg 240w, https:\/\/www.infarma.es\/wp-content\/uploads\/2025\/03\/Imagen-extra-2-768x960.jpg 768w, https:\/\/www.infarma.es\/wp-content\/uploads\/2025\/03\/Imagen-extra-2.jpg 1080w\" sizes=\"auto, (max-width: 819px) 100vw, 819px\" \/><\/figure>\n<\/div>\n<\/div>\n\n\n\n<div style=\"height:30px\" aria-hidden=\"true\" class=\"wp-block-spacer\"><\/div>\n\n\n\n<h4 class=\"wp-block-heading\"><strong>Ven a conocer nuestro laboratorio<\/strong><\/h4>\n\n\n\n<p>Ahora que ya conoces la esencia de nuestro laboratorio, \u00bfte gustar\u00eda vivir la experiencia desde dentro? Organizamos <strong>visitas gratuitas<\/strong> por las tardes y los fines de semana. Contacta con nuestra compa\u00f1era Ester y reserva tu fecha: <strong>694 44 93 65<\/strong>.<\/p>\n\n\n\n<p><strong>Descubre m\u00e1s sobre nuestro laboratorio aqu\u00ed<\/strong>: <a href=\"http:\/\/www.matarrania.com\/laboratorio\" target=\"_blank\" rel=\"noreferrer noopener\">www.matarrania.com\/laboratorio<\/a><\/p>\n","protected":false},"excerpt":{"rendered":"<p>En Matarrania estamos muy orgullosas de asegurarte que controlamos al 100% el proceso productivo de nuestra cosm\u00e9tica ecol\u00f3gica: desde el campo hasta tu piel, literalmente. Desde el cultivo de las plantas, la recolecci\u00f3n, la maceraci\u00f3n para conseguir los extractos vegetales, la formulaci\u00f3n y fabricaci\u00f3n hasta el envasado, almacenaje y env\u00edo a tu casa. Contamos con [&hellip;]<\/p>\n","protected":false},"author":2,"featured_media":19026,"comment_status":"closed","ping_status":"open","sticky":false,"template":"","format":"standard","meta":{"footnotes":""},"categories":[141],"tags":[],"class_list":["post-19019","post","type-post","status-publish","format-standard","has-post-thumbnail","hentry","category-noticias-del-salon"],"yoast_head":"<!-- This site is optimized with the Yoast SEO plugin v27.4 - https:\/\/yoast.com\/product\/yoast-seo-wordpress\/ -->\n<title>Un laboratorio de cosm\u00e9tica ecol\u00f3gica en el coraz\u00f3n del Matarra\u00f1a - Infarma<\/title>\n<meta name=\"description\" content=\"Descubre el laboratorio de Matarrania, donde creamos cosm\u00e9tica ecol\u00f3gica 100% bio con ingredientes naturales y artesan\u00eda pura.\" \/>\n<meta name=\"robots\" content=\"index, follow, max-snippet:-1, max-image-preview:large, max-video-preview:-1\" \/>\n<link rel=\"canonical\" href=\"https:\/\/www.infarma.es\/en\/matarrania-laboratorio-cosmetica-ecologica-corazon-matarrana\/\" \/>\n<meta property=\"og:locale\" content=\"en_US\" \/>\n<meta property=\"og:type\" content=\"article\" \/>\n<meta property=\"og:title\" content=\"Un laboratorio de cosm\u00e9tica ecol\u00f3gica en el coraz\u00f3n del Matarra\u00f1a - Infarma\" \/>\n<meta property=\"og:description\" content=\"Descubre el laboratorio de Matarrania, donde creamos cosm\u00e9tica ecol\u00f3gica 100% bio con ingredientes naturales y artesan\u00eda pura.\" \/>\n<meta property=\"og:url\" content=\"https:\/\/www.infarma.es\/en\/matarrania-laboratorio-cosmetica-ecologica-corazon-matarrana\/\" \/>\n<meta property=\"og:site_name\" content=\"Infarma\" \/>\n<meta property=\"article:publisher\" content=\"https:\/\/www.facebook.com\/infarmaoficial\/\" \/>\n<meta property=\"article:published_time\" content=\"2025-03-10T15:36:02+00:00\" \/>\n<meta property=\"og:image\" content=\"https:\/\/www.infarma.es\/wp-content\/uploads\/2025\/03\/inf2025-matarrania-cosmetica-blog.webp\" \/>\n\t<meta property=\"og:image:width\" content=\"1600\" \/>\n\t<meta property=\"og:image:height\" content=\"900\" \/>\n\t<meta property=\"og:image:type\" content=\"image\/webp\" \/>\n<meta name=\"author\" content=\"xavier\" \/>\n<meta name=\"twitter:card\" content=\"summary_large_image\" \/>\n<meta name=\"twitter:creator\" content=\"@infarma_es\" \/>\n<meta name=\"twitter:site\" content=\"@infarma_es\" \/>\n<meta name=\"twitter:label1\" content=\"Written by\" \/>\n\t<meta name=\"twitter:data1\" content=\"xavier\" \/>\n\t<meta name=\"twitter:label2\" content=\"Est. reading time\" \/>\n\t<meta name=\"twitter:data2\" content=\"3 minutes\" \/>\n<script type=\"application\/ld+json\" class=\"yoast-schema-graph\">{\"@context\":\"https:\\\/\\\/schema.org\",\"@graph\":[{\"@type\":\"Article\",\"@id\":\"https:\\\/\\\/www.infarma.es\\\/en\\\/matarrania-laboratorio-cosmetica-ecologica-corazon-matarrana\\\/#article\",\"isPartOf\":{\"@id\":\"https:\\\/\\\/www.infarma.es\\\/en\\\/matarrania-laboratorio-cosmetica-ecologica-corazon-matarrana\\\/\"},\"author\":{\"name\":\"xavier\",\"@id\":\"https:\\\/\\\/www.infarma.es\\\/en\\\/#\\\/schema\\\/person\\\/e53486dc47606cc5c89217026a8a01a7\"},\"headline\":\"Un laboratorio de cosm\u00e9tica ecol\u00f3gica en el coraz\u00f3n del Matarra\u00f1a\",\"datePublished\":\"2025-03-10T15:36:02+00:00\",\"mainEntityOfPage\":{\"@id\":\"https:\\\/\\\/www.infarma.es\\\/en\\\/matarrania-laboratorio-cosmetica-ecologica-corazon-matarrana\\\/\"},\"wordCount\":479,\"publisher\":{\"@id\":\"https:\\\/\\\/www.infarma.es\\\/en\\\/#organization\"},\"image\":{\"@id\":\"https:\\\/\\\/www.infarma.es\\\/en\\\/matarrania-laboratorio-cosmetica-ecologica-corazon-matarrana\\\/#primaryimage\"},\"thumbnailUrl\":\"https:\\\/\\\/www.infarma.es\\\/wp-content\\\/uploads\\\/2025\\\/03\\\/inf2025-matarrania-cosmetica-blog.webp\",\"articleSection\":[\"Noticias del Sal\u00f3n\"],\"inLanguage\":\"en-US\"},{\"@type\":\"WebPage\",\"@id\":\"https:\\\/\\\/www.infarma.es\\\/en\\\/matarrania-laboratorio-cosmetica-ecologica-corazon-matarrana\\\/\",\"url\":\"https:\\\/\\\/www.infarma.es\\\/en\\\/matarrania-laboratorio-cosmetica-ecologica-corazon-matarrana\\\/\",\"name\":\"Un laboratorio de cosm\u00e9tica ecol\u00f3gica en el coraz\u00f3n del Matarra\u00f1a - Infarma\",\"isPartOf\":{\"@id\":\"https:\\\/\\\/www.infarma.es\\\/en\\\/#website\"},\"primaryImageOfPage\":{\"@id\":\"https:\\\/\\\/www.infarma.es\\\/en\\\/matarrania-laboratorio-cosmetica-ecologica-corazon-matarrana\\\/#primaryimage\"},\"image\":{\"@id\":\"https:\\\/\\\/www.infarma.es\\\/en\\\/matarrania-laboratorio-cosmetica-ecologica-corazon-matarrana\\\/#primaryimage\"},\"thumbnailUrl\":\"https:\\\/\\\/www.infarma.es\\\/wp-content\\\/uploads\\\/2025\\\/03\\\/inf2025-matarrania-cosmetica-blog.webp\",\"datePublished\":\"2025-03-10T15:36:02+00:00\",\"description\":\"Descubre el laboratorio de Matarrania, donde creamos cosm\u00e9tica ecol\u00f3gica 100% bio con ingredientes naturales y artesan\u00eda pura.\",\"breadcrumb\":{\"@id\":\"https:\\\/\\\/www.infarma.es\\\/en\\\/matarrania-laboratorio-cosmetica-ecologica-corazon-matarrana\\\/#breadcrumb\"},\"inLanguage\":\"en-US\",\"potentialAction\":[{\"@type\":\"ReadAction\",\"target\":[\"https:\\\/\\\/www.infarma.es\\\/en\\\/matarrania-laboratorio-cosmetica-ecologica-corazon-matarrana\\\/\"]}]},{\"@type\":\"ImageObject\",\"inLanguage\":\"en-US\",\"@id\":\"https:\\\/\\\/www.infarma.es\\\/en\\\/matarrania-laboratorio-cosmetica-ecologica-corazon-matarrana\\\/#primaryimage\",\"url\":\"https:\\\/\\\/www.infarma.es\\\/wp-content\\\/uploads\\\/2025\\\/03\\\/inf2025-matarrania-cosmetica-blog.webp\",\"contentUrl\":\"https:\\\/\\\/www.infarma.es\\\/wp-content\\\/uploads\\\/2025\\\/03\\\/inf2025-matarrania-cosmetica-blog.webp\",\"width\":1600,\"height\":900},{\"@type\":\"BreadcrumbList\",\"@id\":\"https:\\\/\\\/www.infarma.es\\\/en\\\/matarrania-laboratorio-cosmetica-ecologica-corazon-matarrana\\\/#breadcrumb\",\"itemListElement\":[{\"@type\":\"ListItem\",\"position\":1,\"name\":\"Portada\",\"item\":\"https:\\\/\\\/www.infarma.es\\\/en\\\/\"},{\"@type\":\"ListItem\",\"position\":2,\"name\":\"Un laboratorio de cosm\u00e9tica ecol\u00f3gica en el coraz\u00f3n del Matarra\u00f1a\"}]},{\"@type\":\"WebSite\",\"@id\":\"https:\\\/\\\/www.infarma.es\\\/en\\\/#website\",\"url\":\"https:\\\/\\\/www.infarma.es\\\/en\\\/\",\"name\":\"Infarma\",\"description\":\"El mayor encuentro de farmacia\",\"publisher\":{\"@id\":\"https:\\\/\\\/www.infarma.es\\\/en\\\/#organization\"},\"potentialAction\":[{\"@type\":\"SearchAction\",\"target\":{\"@type\":\"EntryPoint\",\"urlTemplate\":\"https:\\\/\\\/www.infarma.es\\\/en\\\/?s={search_term_string}\"},\"query-input\":{\"@type\":\"PropertyValueSpecification\",\"valueRequired\":true,\"valueName\":\"search_term_string\"}}],\"inLanguage\":\"en-US\"},{\"@type\":\"Organization\",\"@id\":\"https:\\\/\\\/www.infarma.es\\\/en\\\/#organization\",\"name\":\"Infarma\",\"url\":\"https:\\\/\\\/www.infarma.es\\\/en\\\/\",\"logo\":{\"@type\":\"ImageObject\",\"inLanguage\":\"en-US\",\"@id\":\"https:\\\/\\\/www.infarma.es\\\/en\\\/#\\\/schema\\\/logo\\\/image\\\/\",\"url\":\"https:\\\/\\\/www.infarma.es\\\/wp-content\\\/uploads\\\/2024\\\/10\\\/logo-simple.svg\",\"contentUrl\":\"https:\\\/\\\/www.infarma.es\\\/wp-content\\\/uploads\\\/2024\\\/10\\\/logo-simple.svg\",\"width\":1,\"height\":1,\"caption\":\"Infarma\"},\"image\":{\"@id\":\"https:\\\/\\\/www.infarma.es\\\/en\\\/#\\\/schema\\\/logo\\\/image\\\/\"},\"sameAs\":[\"https:\\\/\\\/www.facebook.com\\\/infarmaoficial\\\/\",\"https:\\\/\\\/x.com\\\/infarma_es\",\"https:\\\/\\\/www.instagram.com\\\/infarma_oficial\\\/\",\"https:\\\/\\\/www.linkedin.com\\\/showcase\\\/infarma-salon\\\/\",\"https:\\\/\\\/www.youtube.com\\\/@INFARMAOFICIAL\"]},{\"@type\":\"Person\",\"@id\":\"https:\\\/\\\/www.infarma.es\\\/en\\\/#\\\/schema\\\/person\\\/e53486dc47606cc5c89217026a8a01a7\",\"name\":\"xavier\",\"image\":{\"@type\":\"ImageObject\",\"inLanguage\":\"en-US\",\"@id\":\"https:\\\/\\\/secure.gravatar.com\\\/avatar\\\/9014b89254123c1f240ae636cc793b98ce50ec2df162909756be1d23adc503e4?s=96&d=mm&r=g\",\"url\":\"https:\\\/\\\/secure.gravatar.com\\\/avatar\\\/9014b89254123c1f240ae636cc793b98ce50ec2df162909756be1d23adc503e4?s=96&d=mm&r=g\",\"contentUrl\":\"https:\\\/\\\/secure.gravatar.com\\\/avatar\\\/9014b89254123c1f240ae636cc793b98ce50ec2df162909756be1d23adc503e4?s=96&d=mm&r=g\",\"caption\":\"xavier\"},\"url\":\"https:\\\/\\\/www.infarma.es\\\/en\\\/author\\\/xavier\\\/\"}]}<\/script>\n<!-- \/ Yoast SEO plugin. -->","yoast_head_json":{"title":"Un laboratorio de cosm\u00e9tica ecol\u00f3gica en el coraz\u00f3n del Matarra\u00f1a - Infarma","description":"Descubre el laboratorio de Matarrania, donde creamos cosm\u00e9tica ecol\u00f3gica 100% bio con ingredientes naturales y artesan\u00eda pura.","robots":{"index":"index","follow":"follow","max-snippet":"max-snippet:-1","max-image-preview":"max-image-preview:large","max-video-preview":"max-video-preview:-1"},"canonical":"https:\/\/www.infarma.es\/en\/matarrania-laboratorio-cosmetica-ecologica-corazon-matarrana\/","og_locale":"en_US","og_type":"article","og_title":"Un laboratorio de cosm\u00e9tica ecol\u00f3gica en el coraz\u00f3n del Matarra\u00f1a - Infarma","og_description":"Descubre el laboratorio de Matarrania, donde creamos cosm\u00e9tica ecol\u00f3gica 100% bio con ingredientes naturales y artesan\u00eda pura.","og_url":"https:\/\/www.infarma.es\/en\/matarrania-laboratorio-cosmetica-ecologica-corazon-matarrana\/","og_site_name":"Infarma","article_publisher":"https:\/\/www.facebook.com\/infarmaoficial\/","article_published_time":"2025-03-10T15:36:02+00:00","og_image":[{"width":1600,"height":900,"url":"https:\/\/www.infarma.es\/wp-content\/uploads\/2025\/03\/inf2025-matarrania-cosmetica-blog.webp","type":"image\/webp"}],"author":"xavier","twitter_card":"summary_large_image","twitter_creator":"@infarma_es","twitter_site":"@infarma_es","twitter_misc":{"Written by":"xavier","Est. reading time":"3 minutes"},"schema":{"@context":"https:\/\/schema.org","@graph":[{"@type":"Article","@id":"https:\/\/www.infarma.es\/en\/matarrania-laboratorio-cosmetica-ecologica-corazon-matarrana\/#article","isPartOf":{"@id":"https:\/\/www.infarma.es\/en\/matarrania-laboratorio-cosmetica-ecologica-corazon-matarrana\/"},"author":{"name":"xavier","@id":"https:\/\/www.infarma.es\/en\/#\/schema\/person\/e53486dc47606cc5c89217026a8a01a7"},"headline":"Un laboratorio de cosm\u00e9tica ecol\u00f3gica en el coraz\u00f3n del Matarra\u00f1a","datePublished":"2025-03-10T15:36:02+00:00","mainEntityOfPage":{"@id":"https:\/\/www.infarma.es\/en\/matarrania-laboratorio-cosmetica-ecologica-corazon-matarrana\/"},"wordCount":479,"publisher":{"@id":"https:\/\/www.infarma.es\/en\/#organization"},"image":{"@id":"https:\/\/www.infarma.es\/en\/matarrania-laboratorio-cosmetica-ecologica-corazon-matarrana\/#primaryimage"},"thumbnailUrl":"https:\/\/www.infarma.es\/wp-content\/uploads\/2025\/03\/inf2025-matarrania-cosmetica-blog.webp","articleSection":["Noticias del Sal\u00f3n"],"inLanguage":"en-US"},{"@type":"WebPage","@id":"https:\/\/www.infarma.es\/en\/matarrania-laboratorio-cosmetica-ecologica-corazon-matarrana\/","url":"https:\/\/www.infarma.es\/en\/matarrania-laboratorio-cosmetica-ecologica-corazon-matarrana\/","name":"Un laboratorio de cosm\u00e9tica ecol\u00f3gica en el coraz\u00f3n del Matarra\u00f1a - Infarma","isPartOf":{"@id":"https:\/\/www.infarma.es\/en\/#website"},"primaryImageOfPage":{"@id":"https:\/\/www.infarma.es\/en\/matarrania-laboratorio-cosmetica-ecologica-corazon-matarrana\/#primaryimage"},"image":{"@id":"https:\/\/www.infarma.es\/en\/matarrania-laboratorio-cosmetica-ecologica-corazon-matarrana\/#primaryimage"},"thumbnailUrl":"https:\/\/www.infarma.es\/wp-content\/uploads\/2025\/03\/inf2025-matarrania-cosmetica-blog.webp","datePublished":"2025-03-10T15:36:02+00:00","description":"Descubre el laboratorio de Matarrania, donde creamos cosm\u00e9tica ecol\u00f3gica 100% bio con ingredientes naturales y artesan\u00eda pura.","breadcrumb":{"@id":"https:\/\/www.infarma.es\/en\/matarrania-laboratorio-cosmetica-ecologica-corazon-matarrana\/#breadcrumb"},"inLanguage":"en-US","potentialAction":[{"@type":"ReadAction","target":["https:\/\/www.infarma.es\/en\/matarrania-laboratorio-cosmetica-ecologica-corazon-matarrana\/"]}]},{"@type":"ImageObject","inLanguage":"en-US","@id":"https:\/\/www.infarma.es\/en\/matarrania-laboratorio-cosmetica-ecologica-corazon-matarrana\/#primaryimage","url":"https:\/\/www.infarma.es\/wp-content\/uploads\/2025\/03\/inf2025-matarrania-cosmetica-blog.webp","contentUrl":"https:\/\/www.infarma.es\/wp-content\/uploads\/2025\/03\/inf2025-matarrania-cosmetica-blog.webp","width":1600,"height":900},{"@type":"BreadcrumbList","@id":"https:\/\/www.infarma.es\/en\/matarrania-laboratorio-cosmetica-ecologica-corazon-matarrana\/#breadcrumb","itemListElement":[{"@type":"ListItem","position":1,"name":"Portada","item":"https:\/\/www.infarma.es\/en\/"},{"@type":"ListItem","position":2,"name":"Un laboratorio de cosm\u00e9tica ecol\u00f3gica en el coraz\u00f3n del Matarra\u00f1a"}]},{"@type":"WebSite","@id":"https:\/\/www.infarma.es\/en\/#website","url":"https:\/\/www.infarma.es\/en\/","name":"Infarma","description":"El mayor encuentro de farmacia","publisher":{"@id":"https:\/\/www.infarma.es\/en\/#organization"},"potentialAction":[{"@type":"SearchAction","target":{"@type":"EntryPoint","urlTemplate":"https:\/\/www.infarma.es\/en\/?s={search_term_string}"},"query-input":{"@type":"PropertyValueSpecification","valueRequired":true,"valueName":"search_term_string"}}],"inLanguage":"en-US"},{"@type":"Organization","@id":"https:\/\/www.infarma.es\/en\/#organization","name":"Infarma","url":"https:\/\/www.infarma.es\/en\/","logo":{"@type":"ImageObject","inLanguage":"en-US","@id":"https:\/\/www.infarma.es\/en\/#\/schema\/logo\/image\/","url":"https:\/\/www.infarma.es\/wp-content\/uploads\/2024\/10\/logo-simple.svg","contentUrl":"https:\/\/www.infarma.es\/wp-content\/uploads\/2024\/10\/logo-simple.svg","width":1,"height":1,"caption":"Infarma"},"image":{"@id":"https:\/\/www.infarma.es\/en\/#\/schema\/logo\/image\/"},"sameAs":["https:\/\/www.facebook.com\/infarmaoficial\/","https:\/\/x.com\/infarma_es","https:\/\/www.instagram.com\/infarma_oficial\/","https:\/\/www.linkedin.com\/showcase\/infarma-salon\/","https:\/\/www.youtube.com\/@INFARMAOFICIAL"]},{"@type":"Person","@id":"https:\/\/www.infarma.es\/en\/#\/schema\/person\/e53486dc47606cc5c89217026a8a01a7","name":"xavier","image":{"@type":"ImageObject","inLanguage":"en-US","@id":"https:\/\/secure.gravatar.com\/avatar\/9014b89254123c1f240ae636cc793b98ce50ec2df162909756be1d23adc503e4?s=96&d=mm&r=g","url":"https:\/\/secure.gravatar.com\/avatar\/9014b89254123c1f240ae636cc793b98ce50ec2df162909756be1d23adc503e4?s=96&d=mm&r=g","contentUrl":"https:\/\/secure.gravatar.com\/avatar\/9014b89254123c1f240ae636cc793b98ce50ec2df162909756be1d23adc503e4?s=96&d=mm&r=g","caption":"xavier"},"url":"https:\/\/www.infarma.es\/en\/author\/xavier\/"}]}},"_links":{"self":[{"href":"https:\/\/www.infarma.es\/en\/wp-json\/wp\/v2\/posts\/19019","targetHints":{"allow":["GET"]}}],"collection":[{"href":"https:\/\/www.infarma.es\/en\/wp-json\/wp\/v2\/posts"}],"about":[{"href":"https:\/\/www.infarma.es\/en\/wp-json\/wp\/v2\/types\/post"}],"author":[{"embeddable":true,"href":"https:\/\/www.infarma.es\/en\/wp-json\/wp\/v2\/users\/2"}],"replies":[{"embeddable":true,"href":"https:\/\/www.infarma.es\/en\/wp-json\/wp\/v2\/comments?post=19019"}],"version-history":[{"count":2,"href":"https:\/\/www.infarma.es\/en\/wp-json\/wp\/v2\/posts\/19019\/revisions"}],"predecessor-version":[{"id":19030,"href":"https:\/\/www.infarma.es\/en\/wp-json\/wp\/v2\/posts\/19019\/revisions\/19030"}],"wp:featuredmedia":[{"embeddable":true,"href":"https:\/\/www.infarma.es\/en\/wp-json\/wp\/v2\/media\/19026"}],"wp:attachment":[{"href":"https:\/\/www.infarma.es\/en\/wp-json\/wp\/v2\/media?parent=19019"}],"wp:term":[{"taxonomy":"category","embeddable":true,"href":"https:\/\/www.infarma.es\/en\/wp-json\/wp\/v2\/categories?post=19019"},{"taxonomy":"post_tag","embeddable":true,"href":"https:\/\/www.infarma.es\/en\/wp-json\/wp\/v2\/tags?post=19019"}],"curies":[{"name":"wp","href":"https:\/\/api.w.org\/{rel}","templated":true}]}}