{"id":19046,"date":"2025-03-11T16:30:07","date_gmt":"2025-03-11T15:30:07","guid":{"rendered":"https:\/\/www.infarma.es\/?p=19046"},"modified":"2025-03-11T16:30:07","modified_gmt":"2025-03-11T15:30:07","slug":"carbonellfarma-vuelve-infarma-ofrecer-experiencia-compraventa-farmacias-servicios-juridicos-especializados","status":"publish","type":"post","link":"https:\/\/www.infarma.es\/en\/carbonellfarma-vuelve-infarma-ofrecer-experiencia-compraventa-farmacias-servicios-juridicos-especializados\/","title":{"rendered":"CarbonellFarma vuelve a Infarma para ofrecer su experiencia en la compraventa de farmacias y servicios jur\u00eddicos especializados"},"content":{"rendered":"\n<p>\u00a0<a href=\"https:\/\/www.carbonellfarma.com\/farmacias-en-venta\/\" target=\"_blank\" rel=\"noreferrer noopener\"><strong>CarbonellFarma<\/strong><\/a>, la asesor\u00eda l\u00edder en la compraventa de farmacias en Catalu\u00f1a, confirma su participaci\u00f3n en una nueva edici\u00f3n de <strong>Infarma<\/strong>, el evento de referencia para el sector farmac\u00e9utico que se celebrar\u00e1 en Barcelona. Tras m\u00e1s de diez a\u00f1os de presencia en la feria, CarbonellFarma regresa para reafirmar su compromiso con los farmac\u00e9uticos, ofreciendo un servicio integral y personalizado para la compra y venta de farmacias, as\u00ed como servicios jur\u00eddicos especializados para oficinas de farmacia.<\/p>\n\n\n\n<p>Con una experiencia consolidada de m\u00e1s de 400 operaciones exitosas y una cuota de mercado del 60% en Catalu\u00f1a, CarbonellFarma se ha consolidado como la empresa de referencia para farmac\u00e9uticos que buscan vender o adquirir una farmacia. La clave de su \u00e9xito radica en un enfoque cercano y profesional, acompa\u00f1ado de un equipo de expertos que ofrece soluciones a medida para cada operaci\u00f3n.<\/p>\n\n\n\n<p>En Infarma, el equipo de CarbonellFarma estar\u00e1 disponible para asesorar a los asistentes sobre:<\/p>\n\n\n\n<ul class=\"wp-block-list\">\n<li><strong>Compra y venta de farmacias<\/strong>: an\u00e1lisis de oportunidades, b\u00fasqueda personalizada y acompa\u00f1amiento durante todo el proceso de negociaci\u00f3n y cierre.<\/li>\n\n\n\n<li><strong>Tasaci\u00f3n y valoraci\u00f3n de farmacias<\/strong>: estimaci\u00f3n precisa basada en el mercado y las caracter\u00edsticas espec\u00edficas de cada farmacia.<\/li>\n\n\n\n<li><strong>Asesor\u00eda jur\u00eddica especializada<\/strong>: gracias a la presencia de la \u00fanica abogada del sector que tambi\u00e9n es perito judicial, CarbonellFarma ofrece un valor a\u00f1adido en la gesti\u00f3n legal de cada operaci\u00f3n.<\/li>\n\n\n\n<li><strong>Gesti\u00f3n de financiaci\u00f3n<\/strong>: apoyo integral para asegurar que cada operaci\u00f3n se cierre con las mejores condiciones posibles.<\/li>\n<\/ul>\n\n\n\n<p><em>&#8220;Infarma es una oportunidad clave para conectar con farmac\u00e9uticos y entender sus necesidades. Nuestro objetivo es seguir siendo el referente en la compraventa de farmacias y ayudar a cada cliente a encontrar la soluci\u00f3n que mejor se adapte a sus objetivos&#8221;,<\/em> explica Albert Puig, responsable comercial.<\/p>\n\n\n\n<p>CarbonellFarma invita a todos los asistentes de Infarma a visitar su stand para conocer de cerca sus servicios y descubrir por qu\u00e9 es la empresa l\u00edder en la compraventa de farmacias en Catalu\u00f1a.<\/p>\n\n\n\n<div style=\"height:40px\" aria-hidden=\"true\" class=\"wp-block-spacer\"><\/div>\n\n\n\n<h4 class=\"wp-block-heading\"><strong>Sobre CarbonellFarma<\/strong><\/h4>\n\n\n\n<p>CarbonellFarma cuenta con m\u00e1s de una d\u00e9cada de experiencia en la compraventa de farmacias, con un enfoque personalizado que abarca desde la b\u00fasqueda de oportunidades hasta la gesti\u00f3n legal y financiera de cada operaci\u00f3n. La empresa ha sido reconocida por su profesionalidad y cercan\u00eda, consolid\u00e1ndose como la asesor\u00eda de referencia en Catalu\u00f1a para farmac\u00e9uticos que buscan comprar o vender su farmacia.<\/p>\n","protected":false},"excerpt":{"rendered":"<p>\u00a0CarbonellFarma, la asesor\u00eda l\u00edder en la compraventa de farmacias en Catalu\u00f1a, confirma su participaci\u00f3n en una nueva edici\u00f3n de Infarma, el evento de referencia para el sector farmac\u00e9utico que se celebrar\u00e1 en Barcelona. Tras m\u00e1s de diez a\u00f1os de presencia en la feria, CarbonellFarma regresa para reafirmar su compromiso con los farmac\u00e9uticos, ofreciendo un servicio [&hellip;]<\/p>\n","protected":false},"author":2,"featured_media":19047,"comment_status":"closed","ping_status":"open","sticky":false,"template":"","format":"standard","meta":{"footnotes":""},"categories":[141],"tags":[],"class_list":["post-19046","post","type-post","status-publish","format-standard","has-post-thumbnail","hentry","category-noticias-del-salon"],"yoast_head":"<!-- This site is optimized with the Yoast SEO plugin v27.4 - https:\/\/yoast.com\/product\/yoast-seo-wordpress\/ -->\n<title>CarbonellFarma vuelve a Infarma para ofrecer su experiencia en la compraventa de farmacias y servicios jur\u00eddicos especializados<\/title>\n<meta name=\"description\" content=\"Tras m\u00e1s de diez a\u00f1os de presencia en la feria, CarbonellFarma regresa para reafirmar su compromiso con los farmac\u00e9uticos.\" \/>\n<meta name=\"robots\" content=\"index, follow, max-snippet:-1, max-image-preview:large, max-video-preview:-1\" \/>\n<link rel=\"canonical\" href=\"https:\/\/www.infarma.es\/en\/carbonellfarma-vuelve-infarma-ofrecer-experiencia-compraventa-farmacias-servicios-juridicos-especializados\/\" \/>\n<meta property=\"og:locale\" content=\"en_US\" \/>\n<meta property=\"og:type\" content=\"article\" \/>\n<meta property=\"og:title\" content=\"CarbonellFarma vuelve a Infarma para ofrecer su experiencia en la compraventa de farmacias y servicios jur\u00eddicos especializados\" \/>\n<meta property=\"og:description\" content=\"Tras m\u00e1s de diez a\u00f1os de presencia en la feria, CarbonellFarma regresa para reafirmar su compromiso con los farmac\u00e9uticos.\" \/>\n<meta property=\"og:url\" content=\"https:\/\/www.infarma.es\/en\/carbonellfarma-vuelve-infarma-ofrecer-experiencia-compraventa-farmacias-servicios-juridicos-especializados\/\" \/>\n<meta property=\"og:site_name\" content=\"Infarma\" \/>\n<meta property=\"article:publisher\" content=\"https:\/\/www.facebook.com\/infarmaoficial\/\" \/>\n<meta property=\"article:published_time\" content=\"2025-03-11T15:30:07+00:00\" \/>\n<meta property=\"og:image\" content=\"https:\/\/www.infarma.es\/wp-content\/uploads\/2025\/03\/inf2025-carbonellfarma-blog.webp\" \/>\n\t<meta property=\"og:image:width\" content=\"1600\" \/>\n\t<meta property=\"og:image:height\" content=\"900\" \/>\n\t<meta property=\"og:image:type\" content=\"image\/webp\" \/>\n<meta name=\"author\" content=\"xavier\" \/>\n<meta name=\"twitter:card\" content=\"summary_large_image\" \/>\n<meta name=\"twitter:creator\" content=\"@infarma_es\" \/>\n<meta name=\"twitter:site\" content=\"@infarma_es\" \/>\n<meta name=\"twitter:label1\" content=\"Written by\" \/>\n\t<meta name=\"twitter:data1\" content=\"xavier\" \/>\n\t<meta name=\"twitter:label2\" content=\"Est. reading time\" \/>\n\t<meta name=\"twitter:data2\" content=\"2 minutes\" \/>\n<script type=\"application\/ld+json\" class=\"yoast-schema-graph\">{\"@context\":\"https:\\\/\\\/schema.org\",\"@graph\":[{\"@type\":\"Article\",\"@id\":\"https:\\\/\\\/www.infarma.es\\\/en\\\/carbonellfarma-vuelve-infarma-ofrecer-experiencia-compraventa-farmacias-servicios-juridicos-especializados\\\/#article\",\"isPartOf\":{\"@id\":\"https:\\\/\\\/www.infarma.es\\\/en\\\/carbonellfarma-vuelve-infarma-ofrecer-experiencia-compraventa-farmacias-servicios-juridicos-especializados\\\/\"},\"author\":{\"name\":\"xavier\",\"@id\":\"https:\\\/\\\/www.infarma.es\\\/en\\\/#\\\/schema\\\/person\\\/e53486dc47606cc5c89217026a8a01a7\"},\"headline\":\"CarbonellFarma vuelve a Infarma para ofrecer su experiencia en la compraventa de farmacias y servicios jur\u00eddicos especializados\",\"datePublished\":\"2025-03-11T15:30:07+00:00\",\"mainEntityOfPage\":{\"@id\":\"https:\\\/\\\/www.infarma.es\\\/en\\\/carbonellfarma-vuelve-infarma-ofrecer-experiencia-compraventa-farmacias-servicios-juridicos-especializados\\\/\"},\"wordCount\":441,\"publisher\":{\"@id\":\"https:\\\/\\\/www.infarma.es\\\/en\\\/#organization\"},\"image\":{\"@id\":\"https:\\\/\\\/www.infarma.es\\\/en\\\/carbonellfarma-vuelve-infarma-ofrecer-experiencia-compraventa-farmacias-servicios-juridicos-especializados\\\/#primaryimage\"},\"thumbnailUrl\":\"https:\\\/\\\/www.infarma.es\\\/wp-content\\\/uploads\\\/2025\\\/03\\\/inf2025-carbonellfarma-blog.webp\",\"articleSection\":[\"Noticias del Sal\u00f3n\"],\"inLanguage\":\"en-US\"},{\"@type\":\"WebPage\",\"@id\":\"https:\\\/\\\/www.infarma.es\\\/en\\\/carbonellfarma-vuelve-infarma-ofrecer-experiencia-compraventa-farmacias-servicios-juridicos-especializados\\\/\",\"url\":\"https:\\\/\\\/www.infarma.es\\\/en\\\/carbonellfarma-vuelve-infarma-ofrecer-experiencia-compraventa-farmacias-servicios-juridicos-especializados\\\/\",\"name\":\"CarbonellFarma vuelve a Infarma para ofrecer su experiencia en la compraventa de farmacias y servicios jur\u00eddicos especializados\",\"isPartOf\":{\"@id\":\"https:\\\/\\\/www.infarma.es\\\/en\\\/#website\"},\"primaryImageOfPage\":{\"@id\":\"https:\\\/\\\/www.infarma.es\\\/en\\\/carbonellfarma-vuelve-infarma-ofrecer-experiencia-compraventa-farmacias-servicios-juridicos-especializados\\\/#primaryimage\"},\"image\":{\"@id\":\"https:\\\/\\\/www.infarma.es\\\/en\\\/carbonellfarma-vuelve-infarma-ofrecer-experiencia-compraventa-farmacias-servicios-juridicos-especializados\\\/#primaryimage\"},\"thumbnailUrl\":\"https:\\\/\\\/www.infarma.es\\\/wp-content\\\/uploads\\\/2025\\\/03\\\/inf2025-carbonellfarma-blog.webp\",\"datePublished\":\"2025-03-11T15:30:07+00:00\",\"description\":\"Tras m\u00e1s de diez a\u00f1os de presencia en la feria, CarbonellFarma regresa para reafirmar su compromiso con los farmac\u00e9uticos.\",\"breadcrumb\":{\"@id\":\"https:\\\/\\\/www.infarma.es\\\/en\\\/carbonellfarma-vuelve-infarma-ofrecer-experiencia-compraventa-farmacias-servicios-juridicos-especializados\\\/#breadcrumb\"},\"inLanguage\":\"en-US\",\"potentialAction\":[{\"@type\":\"ReadAction\",\"target\":[\"https:\\\/\\\/www.infarma.es\\\/en\\\/carbonellfarma-vuelve-infarma-ofrecer-experiencia-compraventa-farmacias-servicios-juridicos-especializados\\\/\"]}]},{\"@type\":\"ImageObject\",\"inLanguage\":\"en-US\",\"@id\":\"https:\\\/\\\/www.infarma.es\\\/en\\\/carbonellfarma-vuelve-infarma-ofrecer-experiencia-compraventa-farmacias-servicios-juridicos-especializados\\\/#primaryimage\",\"url\":\"https:\\\/\\\/www.infarma.es\\\/wp-content\\\/uploads\\\/2025\\\/03\\\/inf2025-carbonellfarma-blog.webp\",\"contentUrl\":\"https:\\\/\\\/www.infarma.es\\\/wp-content\\\/uploads\\\/2025\\\/03\\\/inf2025-carbonellfarma-blog.webp\",\"width\":1600,\"height\":900},{\"@type\":\"BreadcrumbList\",\"@id\":\"https:\\\/\\\/www.infarma.es\\\/en\\\/carbonellfarma-vuelve-infarma-ofrecer-experiencia-compraventa-farmacias-servicios-juridicos-especializados\\\/#breadcrumb\",\"itemListElement\":[{\"@type\":\"ListItem\",\"position\":1,\"name\":\"Portada\",\"item\":\"https:\\\/\\\/www.infarma.es\\\/en\\\/\"},{\"@type\":\"ListItem\",\"position\":2,\"name\":\"CarbonellFarma vuelve a Infarma para ofrecer su experiencia en la compraventa de farmacias y servicios jur\u00eddicos especializados\"}]},{\"@type\":\"WebSite\",\"@id\":\"https:\\\/\\\/www.infarma.es\\\/en\\\/#website\",\"url\":\"https:\\\/\\\/www.infarma.es\\\/en\\\/\",\"name\":\"Infarma\",\"description\":\"El mayor encuentro de farmacia\",\"publisher\":{\"@id\":\"https:\\\/\\\/www.infarma.es\\\/en\\\/#organization\"},\"potentialAction\":[{\"@type\":\"SearchAction\",\"target\":{\"@type\":\"EntryPoint\",\"urlTemplate\":\"https:\\\/\\\/www.infarma.es\\\/en\\\/?s={search_term_string}\"},\"query-input\":{\"@type\":\"PropertyValueSpecification\",\"valueRequired\":true,\"valueName\":\"search_term_string\"}}],\"inLanguage\":\"en-US\"},{\"@type\":\"Organization\",\"@id\":\"https:\\\/\\\/www.infarma.es\\\/en\\\/#organization\",\"name\":\"Infarma\",\"url\":\"https:\\\/\\\/www.infarma.es\\\/en\\\/\",\"logo\":{\"@type\":\"ImageObject\",\"inLanguage\":\"en-US\",\"@id\":\"https:\\\/\\\/www.infarma.es\\\/en\\\/#\\\/schema\\\/logo\\\/image\\\/\",\"url\":\"https:\\\/\\\/www.infarma.es\\\/wp-content\\\/uploads\\\/2024\\\/10\\\/logo-simple.svg\",\"contentUrl\":\"https:\\\/\\\/www.infarma.es\\\/wp-content\\\/uploads\\\/2024\\\/10\\\/logo-simple.svg\",\"width\":1,\"height\":1,\"caption\":\"Infarma\"},\"image\":{\"@id\":\"https:\\\/\\\/www.infarma.es\\\/en\\\/#\\\/schema\\\/logo\\\/image\\\/\"},\"sameAs\":[\"https:\\\/\\\/www.facebook.com\\\/infarmaoficial\\\/\",\"https:\\\/\\\/x.com\\\/infarma_es\",\"https:\\\/\\\/www.instagram.com\\\/infarma_oficial\\\/\",\"https:\\\/\\\/www.linkedin.com\\\/showcase\\\/infarma-salon\\\/\",\"https:\\\/\\\/www.youtube.com\\\/@INFARMAOFICIAL\"]},{\"@type\":\"Person\",\"@id\":\"https:\\\/\\\/www.infarma.es\\\/en\\\/#\\\/schema\\\/person\\\/e53486dc47606cc5c89217026a8a01a7\",\"name\":\"xavier\",\"image\":{\"@type\":\"ImageObject\",\"inLanguage\":\"en-US\",\"@id\":\"https:\\\/\\\/secure.gravatar.com\\\/avatar\\\/9014b89254123c1f240ae636cc793b98ce50ec2df162909756be1d23adc503e4?s=96&d=mm&r=g\",\"url\":\"https:\\\/\\\/secure.gravatar.com\\\/avatar\\\/9014b89254123c1f240ae636cc793b98ce50ec2df162909756be1d23adc503e4?s=96&d=mm&r=g\",\"contentUrl\":\"https:\\\/\\\/secure.gravatar.com\\\/avatar\\\/9014b89254123c1f240ae636cc793b98ce50ec2df162909756be1d23adc503e4?s=96&d=mm&r=g\",\"caption\":\"xavier\"},\"url\":\"https:\\\/\\\/www.infarma.es\\\/en\\\/author\\\/xavier\\\/\"}]}<\/script>\n<!-- \/ Yoast SEO plugin. -->","yoast_head_json":{"title":"CarbonellFarma vuelve a Infarma para ofrecer su experiencia en la compraventa de farmacias y servicios jur\u00eddicos especializados","description":"Tras m\u00e1s de diez a\u00f1os de presencia en la feria, CarbonellFarma regresa para reafirmar su compromiso con los farmac\u00e9uticos.","robots":{"index":"index","follow":"follow","max-snippet":"max-snippet:-1","max-image-preview":"max-image-preview:large","max-video-preview":"max-video-preview:-1"},"canonical":"https:\/\/www.infarma.es\/en\/carbonellfarma-vuelve-infarma-ofrecer-experiencia-compraventa-farmacias-servicios-juridicos-especializados\/","og_locale":"en_US","og_type":"article","og_title":"CarbonellFarma vuelve a Infarma para ofrecer su experiencia en la compraventa de farmacias y servicios jur\u00eddicos especializados","og_description":"Tras m\u00e1s de diez a\u00f1os de presencia en la feria, CarbonellFarma regresa para reafirmar su compromiso con los farmac\u00e9uticos.","og_url":"https:\/\/www.infarma.es\/en\/carbonellfarma-vuelve-infarma-ofrecer-experiencia-compraventa-farmacias-servicios-juridicos-especializados\/","og_site_name":"Infarma","article_publisher":"https:\/\/www.facebook.com\/infarmaoficial\/","article_published_time":"2025-03-11T15:30:07+00:00","og_image":[{"width":1600,"height":900,"url":"https:\/\/www.infarma.es\/wp-content\/uploads\/2025\/03\/inf2025-carbonellfarma-blog.webp","type":"image\/webp"}],"author":"xavier","twitter_card":"summary_large_image","twitter_creator":"@infarma_es","twitter_site":"@infarma_es","twitter_misc":{"Written by":"xavier","Est. reading time":"2 minutes"},"schema":{"@context":"https:\/\/schema.org","@graph":[{"@type":"Article","@id":"https:\/\/www.infarma.es\/en\/carbonellfarma-vuelve-infarma-ofrecer-experiencia-compraventa-farmacias-servicios-juridicos-especializados\/#article","isPartOf":{"@id":"https:\/\/www.infarma.es\/en\/carbonellfarma-vuelve-infarma-ofrecer-experiencia-compraventa-farmacias-servicios-juridicos-especializados\/"},"author":{"name":"xavier","@id":"https:\/\/www.infarma.es\/en\/#\/schema\/person\/e53486dc47606cc5c89217026a8a01a7"},"headline":"CarbonellFarma vuelve a Infarma para ofrecer su experiencia en la compraventa de farmacias y servicios jur\u00eddicos especializados","datePublished":"2025-03-11T15:30:07+00:00","mainEntityOfPage":{"@id":"https:\/\/www.infarma.es\/en\/carbonellfarma-vuelve-infarma-ofrecer-experiencia-compraventa-farmacias-servicios-juridicos-especializados\/"},"wordCount":441,"publisher":{"@id":"https:\/\/www.infarma.es\/en\/#organization"},"image":{"@id":"https:\/\/www.infarma.es\/en\/carbonellfarma-vuelve-infarma-ofrecer-experiencia-compraventa-farmacias-servicios-juridicos-especializados\/#primaryimage"},"thumbnailUrl":"https:\/\/www.infarma.es\/wp-content\/uploads\/2025\/03\/inf2025-carbonellfarma-blog.webp","articleSection":["Noticias del Sal\u00f3n"],"inLanguage":"en-US"},{"@type":"WebPage","@id":"https:\/\/www.infarma.es\/en\/carbonellfarma-vuelve-infarma-ofrecer-experiencia-compraventa-farmacias-servicios-juridicos-especializados\/","url":"https:\/\/www.infarma.es\/en\/carbonellfarma-vuelve-infarma-ofrecer-experiencia-compraventa-farmacias-servicios-juridicos-especializados\/","name":"CarbonellFarma vuelve a Infarma para ofrecer su experiencia en la compraventa de farmacias y servicios jur\u00eddicos especializados","isPartOf":{"@id":"https:\/\/www.infarma.es\/en\/#website"},"primaryImageOfPage":{"@id":"https:\/\/www.infarma.es\/en\/carbonellfarma-vuelve-infarma-ofrecer-experiencia-compraventa-farmacias-servicios-juridicos-especializados\/#primaryimage"},"image":{"@id":"https:\/\/www.infarma.es\/en\/carbonellfarma-vuelve-infarma-ofrecer-experiencia-compraventa-farmacias-servicios-juridicos-especializados\/#primaryimage"},"thumbnailUrl":"https:\/\/www.infarma.es\/wp-content\/uploads\/2025\/03\/inf2025-carbonellfarma-blog.webp","datePublished":"2025-03-11T15:30:07+00:00","description":"Tras m\u00e1s de diez a\u00f1os de presencia en la feria, CarbonellFarma regresa para reafirmar su compromiso con los farmac\u00e9uticos.","breadcrumb":{"@id":"https:\/\/www.infarma.es\/en\/carbonellfarma-vuelve-infarma-ofrecer-experiencia-compraventa-farmacias-servicios-juridicos-especializados\/#breadcrumb"},"inLanguage":"en-US","potentialAction":[{"@type":"ReadAction","target":["https:\/\/www.infarma.es\/en\/carbonellfarma-vuelve-infarma-ofrecer-experiencia-compraventa-farmacias-servicios-juridicos-especializados\/"]}]},{"@type":"ImageObject","inLanguage":"en-US","@id":"https:\/\/www.infarma.es\/en\/carbonellfarma-vuelve-infarma-ofrecer-experiencia-compraventa-farmacias-servicios-juridicos-especializados\/#primaryimage","url":"https:\/\/www.infarma.es\/wp-content\/uploads\/2025\/03\/inf2025-carbonellfarma-blog.webp","contentUrl":"https:\/\/www.infarma.es\/wp-content\/uploads\/2025\/03\/inf2025-carbonellfarma-blog.webp","width":1600,"height":900},{"@type":"BreadcrumbList","@id":"https:\/\/www.infarma.es\/en\/carbonellfarma-vuelve-infarma-ofrecer-experiencia-compraventa-farmacias-servicios-juridicos-especializados\/#breadcrumb","itemListElement":[{"@type":"ListItem","position":1,"name":"Portada","item":"https:\/\/www.infarma.es\/en\/"},{"@type":"ListItem","position":2,"name":"CarbonellFarma vuelve a Infarma para ofrecer su experiencia en la compraventa de farmacias y servicios jur\u00eddicos especializados"}]},{"@type":"WebSite","@id":"https:\/\/www.infarma.es\/en\/#website","url":"https:\/\/www.infarma.es\/en\/","name":"Infarma","description":"El mayor encuentro de farmacia","publisher":{"@id":"https:\/\/www.infarma.es\/en\/#organization"},"potentialAction":[{"@type":"SearchAction","target":{"@type":"EntryPoint","urlTemplate":"https:\/\/www.infarma.es\/en\/?s={search_term_string}"},"query-input":{"@type":"PropertyValueSpecification","valueRequired":true,"valueName":"search_term_string"}}],"inLanguage":"en-US"},{"@type":"Organization","@id":"https:\/\/www.infarma.es\/en\/#organization","name":"Infarma","url":"https:\/\/www.infarma.es\/en\/","logo":{"@type":"ImageObject","inLanguage":"en-US","@id":"https:\/\/www.infarma.es\/en\/#\/schema\/logo\/image\/","url":"https:\/\/www.infarma.es\/wp-content\/uploads\/2024\/10\/logo-simple.svg","contentUrl":"https:\/\/www.infarma.es\/wp-content\/uploads\/2024\/10\/logo-simple.svg","width":1,"height":1,"caption":"Infarma"},"image":{"@id":"https:\/\/www.infarma.es\/en\/#\/schema\/logo\/image\/"},"sameAs":["https:\/\/www.facebook.com\/infarmaoficial\/","https:\/\/x.com\/infarma_es","https:\/\/www.instagram.com\/infarma_oficial\/","https:\/\/www.linkedin.com\/showcase\/infarma-salon\/","https:\/\/www.youtube.com\/@INFARMAOFICIAL"]},{"@type":"Person","@id":"https:\/\/www.infarma.es\/en\/#\/schema\/person\/e53486dc47606cc5c89217026a8a01a7","name":"xavier","image":{"@type":"ImageObject","inLanguage":"en-US","@id":"https:\/\/secure.gravatar.com\/avatar\/9014b89254123c1f240ae636cc793b98ce50ec2df162909756be1d23adc503e4?s=96&d=mm&r=g","url":"https:\/\/secure.gravatar.com\/avatar\/9014b89254123c1f240ae636cc793b98ce50ec2df162909756be1d23adc503e4?s=96&d=mm&r=g","contentUrl":"https:\/\/secure.gravatar.com\/avatar\/9014b89254123c1f240ae636cc793b98ce50ec2df162909756be1d23adc503e4?s=96&d=mm&r=g","caption":"xavier"},"url":"https:\/\/www.infarma.es\/en\/author\/xavier\/"}]}},"_links":{"self":[{"href":"https:\/\/www.infarma.es\/en\/wp-json\/wp\/v2\/posts\/19046","targetHints":{"allow":["GET"]}}],"collection":[{"href":"https:\/\/www.infarma.es\/en\/wp-json\/wp\/v2\/posts"}],"about":[{"href":"https:\/\/www.infarma.es\/en\/wp-json\/wp\/v2\/types\/post"}],"author":[{"embeddable":true,"href":"https:\/\/www.infarma.es\/en\/wp-json\/wp\/v2\/users\/2"}],"replies":[{"embeddable":true,"href":"https:\/\/www.infarma.es\/en\/wp-json\/wp\/v2\/comments?post=19046"}],"version-history":[{"count":2,"href":"https:\/\/www.infarma.es\/en\/wp-json\/wp\/v2\/posts\/19046\/revisions"}],"predecessor-version":[{"id":19051,"href":"https:\/\/www.infarma.es\/en\/wp-json\/wp\/v2\/posts\/19046\/revisions\/19051"}],"wp:featuredmedia":[{"embeddable":true,"href":"https:\/\/www.infarma.es\/en\/wp-json\/wp\/v2\/media\/19047"}],"wp:attachment":[{"href":"https:\/\/www.infarma.es\/en\/wp-json\/wp\/v2\/media?parent=19046"}],"wp:term":[{"taxonomy":"category","embeddable":true,"href":"https:\/\/www.infarma.es\/en\/wp-json\/wp\/v2\/categories?post=19046"},{"taxonomy":"post_tag","embeddable":true,"href":"https:\/\/www.infarma.es\/en\/wp-json\/wp\/v2\/tags?post=19046"}],"curies":[{"name":"wp","href":"https:\/\/api.w.org\/{rel}","templated":true}]}}