{"id":19312,"date":"2025-03-21T23:59:50","date_gmt":"2025-03-21T22:59:50","guid":{"rendered":"https:\/\/www.infarma.es\/?p=19312"},"modified":"2025-03-21T23:59:50","modified_gmt":"2025-03-21T22:59:50","slug":"laboratorios-vinas-infarma-belcils-emolienta-radio-salil-vitacrecil-complex-forte","status":"publish","type":"post","link":"https:\/\/www.infarma.es\/en\/laboratorios-vinas-infarma-belcils-emolienta-radio-salil-vitacrecil-complex-forte\/","title":{"rendered":"Laboratorios Vi\u00f1as da el protagonismo a sus marcas Belcils, Emolienta, Radio Salil y Vitacrecil Complex Forte en Infarma"},"content":{"rendered":"\n<ul class=\"wp-block-list\">\n<li><strong>En un stand abierto, los responsables de cada una de las cuatro marcas estar\u00e1n a disposici\u00f3n de los visitantes para explicar los argumentos cient\u00edficos que avalan las gamas destacadas en esta nueva edici\u00f3n de Infarma.<\/strong><\/li>\n\n\n\n<li><strong>Laboratorios Vi\u00f1as investiga, desarrolla, produce y comercializa sus productos farmac\u00e9uticos en un amplio espectro de \u00e1reas terap\u00e9uticas, siempre desde el rigor y la eficacia. Cada una de sus f\u00f3rmulas, productos y tratamientos est\u00e1n estudiados, testados y comprobados para garantizar su absoluta fiabilidad y asegurar, as\u00ed, el bienestar de todos los miembros de la familia y mejorar la vida de las personas.<\/strong><\/li>\n<\/ul>\n\n\n\n<p>Un a\u00f1o m\u00e1s, <strong>Laboratorios Vi\u00f1as<\/strong> acude a Infarma, el mayor encuentro de Farmacia que re\u00fane las empresas l\u00edderes con los farmac\u00e9uticos para intercambiar el conocimiento y la innovaci\u00f3n de los laboratorios con la informaci\u00f3n recogida en el d\u00eda a d\u00eda a pie del mostrador, fuente de experiencia imprescindible para una sinergia muy necesaria. La combinaci\u00f3n del Congreso Europeo de Oficina de Farmacia y el Sal\u00f3n de Medicamentos y Parafarmacia hacen de este encuentro uno de los m\u00e1s relevantes de su sector a nivel mundial.<\/p>\n\n\n\n<p>Esta cita anual es imprescindible para un laboratorio que desde 1911 pone todo su esfuerzo y conocimiento en asegurar el bienestar de todos y mejorar la vida de las personas. Desde su origen, <strong>Laboratorios Vi\u00f1as investiga, desarrolla, produce y comercializa<\/strong> sus productos farmac\u00e9uticos en un amplio abanico de \u00e1reas terap\u00e9uticas.<\/p>\n\n\n\n<div style=\"height:30px\" aria-hidden=\"true\" class=\"wp-block-spacer\"><\/div>\n\n\n\n<h4 class=\"wp-block-heading\">Acercar el conocimiento cient\u00edfico<\/h4>\n\n\n\n<p>Si bien <strong>Laboratorios Vi\u00f1as<\/strong> cuenta con un extenso porfolio de marcas l\u00edderes en distintas \u00e1reas, en esta edici\u00f3n de Infarma quiere dar protagonismo a cuatro de sus l\u00edneas m\u00e1s emblem\u00e1ticas: <strong>Belcils<\/strong>, la marca especialista en el cuidado y belleza de los ojos sensibles; <strong>Emolienta<\/strong>, l\u00ednea desarrollada para el tratamiento de la piel seca, sensible y at\u00f3pica; <strong>Radio Salil,<\/strong> una gama para el dolor muscular y articular; y, <strong>Vitacrecil Complex Forte,<\/strong> para la nutrici\u00f3n de cabello y u\u00f1as.<\/p>\n\n\n\n<p>El dise\u00f1o del stand est\u00e1 pensado para ello con cuatro \u00e1reas delimitadas, una por marca, con equipos comerciales y de marketing en cada una. A fin de explicar los <strong>argumentos cient\u00edficos de cada una<\/strong> de ellas, los responsables de las marcas estar\u00e1n a disposici\u00f3n de todas las personas que les visiten.<\/p>\n\n\n\n<p>En esta ocasi\u00f3n, se ha ideado un recorrido f\u00e1cil para conseguir toda la informaci\u00f3n:<\/p>\n\n\n\n<ul class=\"wp-block-list\">\n<li><strong>Belcils:<\/strong> aunque se presentar\u00e1 la gama completa se har\u00e1 \u00e9nfasis en cuatro productos: Belcils Crema Regeneradora Intensiva, Belcils Espuma Limpiadora, Belcils Gotas Oft\u00e1lmicas y Belcils M\u00e1scara Sublime.<\/li>\n\n\n\n<li>De igual manera, estar\u00e1 presente la gama <strong>Emolienta <\/strong>al completo, aunque destacando Emolienta Palpebral y Emolienta Scalp.<\/li>\n\n\n\n<li>Los dos productos Radio Salil, spray y crema, compartir\u00e1n protagonismo en su zona.<\/li>\n\n\n\n<li><strong>Vitacrecil Complex Forte<\/strong> contar\u00e1 con las presentaciones en c\u00e1psulas y sobres para 1, 2 y 3 meses de tratamiento.<\/li>\n<\/ul>\n\n\n\n<p>El stand est\u00e1 pensado para poder acceder a las distintas zonas f\u00e1cilmente.<\/p>\n\n\n\n<p>Para no perder detalle ni contenido interesante, <strong>Laboratorios Vi\u00f1as<\/strong> ha ideado en una acci\u00f3n muy f\u00e1cil de seguir: en la primera \u00e1rea que se visite, el profesional de la salud recibir\u00e1 un \u201c<strong>pasaporte<\/strong>\u201d, que deber\u00e1 validarse con un sello en cada una de las cuatro para, en la \u00faltima, recibir un obsequio: un neceser de algod\u00f3n sostenible con muestras de productos en su interior.<\/p>\n\n\n\n<p>Es un regalo que apoya el comercio justo, alineado con las acciones de Responsabilidad Social Corporativa que la compa\u00f1\u00eda desarrolla desde hace a\u00f1os.<\/p>\n\n\n\n<p>Para <strong>Laboratorios Vi\u00f1as<\/strong>, Infarma ser\u00e1 de nuevo una oportunidad para compartir su misi\u00f3n que es <em>\u201cmejorar la salud y la calidad de vida de las personas mediante la innovaci\u00f3n y la excelencia dentro de sus propuestas terap\u00e9uticas estrat\u00e9gicas para contribuir al bienestar de las familias que integran la empresa\u201d<\/em> para verse reconocida como una empresa innovadora, solvente y socialmente comprometida.<\/p>\n\n\n\n<p><strong>Laboratorios Vi\u00f1as<\/strong> acoger\u00e1 a todos los visitantes en el <strong>Stand B65<\/strong>, situado en el pabell\u00f3n 3 de la Feria de Gran V\u00eda en Barcelona.<\/p>\n\n\n\n<div style=\"height:35px\" aria-hidden=\"true\" class=\"wp-block-spacer\"><\/div>\n\n\n\n<h4 class=\"wp-block-heading\">Sobre Laboratorios Vi\u00f1as<\/h4>\n\n\n\n<p>Laboratorios Vi\u00f1as, empresa farmac\u00e9utica familiar fundada en Barcelona en 1911, investiga, desarrolla, produce y comercializa sus f\u00e1rmacos y productos farmac\u00e9uticos para un amplio espectro de \u00e1reas terap\u00e9uticas, entre las que destacan las del cuidado de la piel. Nuestra misi\u00f3n es mejorar la salud y la calidad de vida de las personas mediante la excelencia y la innovaci\u00f3n, para ganar la confianza de los m\u00e9dicos, farmac\u00e9uticos y de la poblaci\u00f3n en general.<\/p>\n","protected":false},"excerpt":{"rendered":"<p>Un a\u00f1o m\u00e1s, Laboratorios Vi\u00f1as acude a Infarma, el mayor encuentro de Farmacia que re\u00fane las empresas l\u00edderes con los farmac\u00e9uticos para intercambiar el conocimiento y la innovaci\u00f3n de los laboratorios con la informaci\u00f3n recogida en el d\u00eda a d\u00eda a pie del mostrador, fuente de experiencia imprescindible para una sinergia muy necesaria. La combinaci\u00f3n [&hellip;]<\/p>\n","protected":false},"author":2,"featured_media":19313,"comment_status":"closed","ping_status":"open","sticky":false,"template":"","format":"standard","meta":{"footnotes":""},"categories":[141],"tags":[],"class_list":["post-19312","post","type-post","status-publish","format-standard","has-post-thumbnail","hentry","category-noticias-del-salon"],"yoast_head":"<!-- This site is optimized with the Yoast SEO plugin v27.4 - https:\/\/yoast.com\/product\/yoast-seo-wordpress\/ -->\n<title>Laboratorios Vi\u00f1as da el protagonismo a sus marcas Belcils, Emolienta, Radio Salil y Vitacrecil Complex Forte en Infarma<\/title>\n<meta name=\"description\" content=\"Desde 1911 pone todo su esfuerzo y conocimiento en asegurar el bienestar de todos y mejorar la vida de las personas.\" \/>\n<meta name=\"robots\" content=\"index, follow, max-snippet:-1, max-image-preview:large, max-video-preview:-1\" \/>\n<link rel=\"canonical\" href=\"https:\/\/www.infarma.es\/en\/laboratorios-vinas-infarma-belcils-emolienta-radio-salil-vitacrecil-complex-forte\/\" \/>\n<meta property=\"og:locale\" content=\"en_US\" \/>\n<meta property=\"og:type\" content=\"article\" \/>\n<meta property=\"og:title\" content=\"Laboratorios Vi\u00f1as da el protagonismo a sus marcas Belcils, Emolienta, Radio Salil y Vitacrecil Complex Forte en Infarma\" \/>\n<meta property=\"og:description\" content=\"Desde 1911 pone todo su esfuerzo y conocimiento en asegurar el bienestar de todos y mejorar la vida de las personas.\" \/>\n<meta property=\"og:url\" content=\"https:\/\/www.infarma.es\/en\/laboratorios-vinas-infarma-belcils-emolienta-radio-salil-vitacrecil-complex-forte\/\" \/>\n<meta property=\"og:site_name\" content=\"Infarma\" \/>\n<meta property=\"article:publisher\" content=\"https:\/\/www.facebook.com\/infarmaoficial\/\" \/>\n<meta property=\"article:published_time\" content=\"2025-03-21T22:59:50+00:00\" \/>\n<meta property=\"og:image\" content=\"https:\/\/www.infarma.es\/wp-content\/uploads\/2025\/03\/inf2025-LV-stand-blog.webp\" \/>\n\t<meta property=\"og:image:width\" content=\"1600\" \/>\n\t<meta property=\"og:image:height\" content=\"900\" \/>\n\t<meta property=\"og:image:type\" content=\"image\/webp\" \/>\n<meta name=\"author\" content=\"xavier\" \/>\n<meta name=\"twitter:card\" content=\"summary_large_image\" \/>\n<meta name=\"twitter:creator\" content=\"@infarma_es\" \/>\n<meta name=\"twitter:site\" content=\"@infarma_es\" \/>\n<meta name=\"twitter:label1\" content=\"Written by\" \/>\n\t<meta name=\"twitter:data1\" content=\"xavier\" \/>\n\t<meta name=\"twitter:label2\" content=\"Est. reading time\" \/>\n\t<meta name=\"twitter:data2\" content=\"4 minutes\" \/>\n<script type=\"application\/ld+json\" class=\"yoast-schema-graph\">{\"@context\":\"https:\\\/\\\/schema.org\",\"@graph\":[{\"@type\":\"Article\",\"@id\":\"https:\\\/\\\/www.infarma.es\\\/en\\\/laboratorios-vinas-infarma-belcils-emolienta-radio-salil-vitacrecil-complex-forte\\\/#article\",\"isPartOf\":{\"@id\":\"https:\\\/\\\/www.infarma.es\\\/en\\\/laboratorios-vinas-infarma-belcils-emolienta-radio-salil-vitacrecil-complex-forte\\\/\"},\"author\":{\"name\":\"xavier\",\"@id\":\"https:\\\/\\\/www.infarma.es\\\/en\\\/#\\\/schema\\\/person\\\/e53486dc47606cc5c89217026a8a01a7\"},\"headline\":\"Laboratorios Vi\u00f1as da el protagonismo a sus marcas Belcils, Emolienta, Radio Salil y Vitacrecil Complex Forte en Infarma\",\"datePublished\":\"2025-03-21T22:59:50+00:00\",\"mainEntityOfPage\":{\"@id\":\"https:\\\/\\\/www.infarma.es\\\/en\\\/laboratorios-vinas-infarma-belcils-emolienta-radio-salil-vitacrecil-complex-forte\\\/\"},\"wordCount\":795,\"publisher\":{\"@id\":\"https:\\\/\\\/www.infarma.es\\\/en\\\/#organization\"},\"image\":{\"@id\":\"https:\\\/\\\/www.infarma.es\\\/en\\\/laboratorios-vinas-infarma-belcils-emolienta-radio-salil-vitacrecil-complex-forte\\\/#primaryimage\"},\"thumbnailUrl\":\"https:\\\/\\\/www.infarma.es\\\/wp-content\\\/uploads\\\/2025\\\/03\\\/inf2025-LV-stand-blog.webp\",\"articleSection\":[\"Noticias del Sal\u00f3n\"],\"inLanguage\":\"en-US\"},{\"@type\":\"WebPage\",\"@id\":\"https:\\\/\\\/www.infarma.es\\\/en\\\/laboratorios-vinas-infarma-belcils-emolienta-radio-salil-vitacrecil-complex-forte\\\/\",\"url\":\"https:\\\/\\\/www.infarma.es\\\/en\\\/laboratorios-vinas-infarma-belcils-emolienta-radio-salil-vitacrecil-complex-forte\\\/\",\"name\":\"Laboratorios Vi\u00f1as da el protagonismo a sus marcas Belcils, Emolienta, Radio Salil y Vitacrecil Complex Forte en Infarma\",\"isPartOf\":{\"@id\":\"https:\\\/\\\/www.infarma.es\\\/en\\\/#website\"},\"primaryImageOfPage\":{\"@id\":\"https:\\\/\\\/www.infarma.es\\\/en\\\/laboratorios-vinas-infarma-belcils-emolienta-radio-salil-vitacrecil-complex-forte\\\/#primaryimage\"},\"image\":{\"@id\":\"https:\\\/\\\/www.infarma.es\\\/en\\\/laboratorios-vinas-infarma-belcils-emolienta-radio-salil-vitacrecil-complex-forte\\\/#primaryimage\"},\"thumbnailUrl\":\"https:\\\/\\\/www.infarma.es\\\/wp-content\\\/uploads\\\/2025\\\/03\\\/inf2025-LV-stand-blog.webp\",\"datePublished\":\"2025-03-21T22:59:50+00:00\",\"description\":\"Desde 1911 pone todo su esfuerzo y conocimiento en asegurar el bienestar de todos y mejorar la vida de las personas.\",\"breadcrumb\":{\"@id\":\"https:\\\/\\\/www.infarma.es\\\/en\\\/laboratorios-vinas-infarma-belcils-emolienta-radio-salil-vitacrecil-complex-forte\\\/#breadcrumb\"},\"inLanguage\":\"en-US\",\"potentialAction\":[{\"@type\":\"ReadAction\",\"target\":[\"https:\\\/\\\/www.infarma.es\\\/en\\\/laboratorios-vinas-infarma-belcils-emolienta-radio-salil-vitacrecil-complex-forte\\\/\"]}]},{\"@type\":\"ImageObject\",\"inLanguage\":\"en-US\",\"@id\":\"https:\\\/\\\/www.infarma.es\\\/en\\\/laboratorios-vinas-infarma-belcils-emolienta-radio-salil-vitacrecil-complex-forte\\\/#primaryimage\",\"url\":\"https:\\\/\\\/www.infarma.es\\\/wp-content\\\/uploads\\\/2025\\\/03\\\/inf2025-LV-stand-blog.webp\",\"contentUrl\":\"https:\\\/\\\/www.infarma.es\\\/wp-content\\\/uploads\\\/2025\\\/03\\\/inf2025-LV-stand-blog.webp\",\"width\":1600,\"height\":900},{\"@type\":\"BreadcrumbList\",\"@id\":\"https:\\\/\\\/www.infarma.es\\\/en\\\/laboratorios-vinas-infarma-belcils-emolienta-radio-salil-vitacrecil-complex-forte\\\/#breadcrumb\",\"itemListElement\":[{\"@type\":\"ListItem\",\"position\":1,\"name\":\"Portada\",\"item\":\"https:\\\/\\\/www.infarma.es\\\/en\\\/\"},{\"@type\":\"ListItem\",\"position\":2,\"name\":\"Laboratorios Vi\u00f1as da el protagonismo a sus marcas Belcils, Emolienta, Radio Salil y Vitacrecil Complex Forte en Infarma\"}]},{\"@type\":\"WebSite\",\"@id\":\"https:\\\/\\\/www.infarma.es\\\/en\\\/#website\",\"url\":\"https:\\\/\\\/www.infarma.es\\\/en\\\/\",\"name\":\"Infarma\",\"description\":\"El mayor encuentro de farmacia\",\"publisher\":{\"@id\":\"https:\\\/\\\/www.infarma.es\\\/en\\\/#organization\"},\"potentialAction\":[{\"@type\":\"SearchAction\",\"target\":{\"@type\":\"EntryPoint\",\"urlTemplate\":\"https:\\\/\\\/www.infarma.es\\\/en\\\/?s={search_term_string}\"},\"query-input\":{\"@type\":\"PropertyValueSpecification\",\"valueRequired\":true,\"valueName\":\"search_term_string\"}}],\"inLanguage\":\"en-US\"},{\"@type\":\"Organization\",\"@id\":\"https:\\\/\\\/www.infarma.es\\\/en\\\/#organization\",\"name\":\"Infarma\",\"url\":\"https:\\\/\\\/www.infarma.es\\\/en\\\/\",\"logo\":{\"@type\":\"ImageObject\",\"inLanguage\":\"en-US\",\"@id\":\"https:\\\/\\\/www.infarma.es\\\/en\\\/#\\\/schema\\\/logo\\\/image\\\/\",\"url\":\"https:\\\/\\\/www.infarma.es\\\/wp-content\\\/uploads\\\/2024\\\/10\\\/logo-simple.svg\",\"contentUrl\":\"https:\\\/\\\/www.infarma.es\\\/wp-content\\\/uploads\\\/2024\\\/10\\\/logo-simple.svg\",\"width\":1,\"height\":1,\"caption\":\"Infarma\"},\"image\":{\"@id\":\"https:\\\/\\\/www.infarma.es\\\/en\\\/#\\\/schema\\\/logo\\\/image\\\/\"},\"sameAs\":[\"https:\\\/\\\/www.facebook.com\\\/infarmaoficial\\\/\",\"https:\\\/\\\/x.com\\\/infarma_es\",\"https:\\\/\\\/www.instagram.com\\\/infarma_oficial\\\/\",\"https:\\\/\\\/www.linkedin.com\\\/showcase\\\/infarma-salon\\\/\",\"https:\\\/\\\/www.youtube.com\\\/@INFARMAOFICIAL\"]},{\"@type\":\"Person\",\"@id\":\"https:\\\/\\\/www.infarma.es\\\/en\\\/#\\\/schema\\\/person\\\/e53486dc47606cc5c89217026a8a01a7\",\"name\":\"xavier\",\"image\":{\"@type\":\"ImageObject\",\"inLanguage\":\"en-US\",\"@id\":\"https:\\\/\\\/secure.gravatar.com\\\/avatar\\\/9014b89254123c1f240ae636cc793b98ce50ec2df162909756be1d23adc503e4?s=96&d=mm&r=g\",\"url\":\"https:\\\/\\\/secure.gravatar.com\\\/avatar\\\/9014b89254123c1f240ae636cc793b98ce50ec2df162909756be1d23adc503e4?s=96&d=mm&r=g\",\"contentUrl\":\"https:\\\/\\\/secure.gravatar.com\\\/avatar\\\/9014b89254123c1f240ae636cc793b98ce50ec2df162909756be1d23adc503e4?s=96&d=mm&r=g\",\"caption\":\"xavier\"},\"url\":\"https:\\\/\\\/www.infarma.es\\\/en\\\/author\\\/xavier\\\/\"}]}<\/script>\n<!-- \/ Yoast SEO plugin. -->","yoast_head_json":{"title":"Laboratorios Vi\u00f1as da el protagonismo a sus marcas Belcils, Emolienta, Radio Salil y Vitacrecil Complex Forte en Infarma","description":"Desde 1911 pone todo su esfuerzo y conocimiento en asegurar el bienestar de todos y mejorar la vida de las personas.","robots":{"index":"index","follow":"follow","max-snippet":"max-snippet:-1","max-image-preview":"max-image-preview:large","max-video-preview":"max-video-preview:-1"},"canonical":"https:\/\/www.infarma.es\/en\/laboratorios-vinas-infarma-belcils-emolienta-radio-salil-vitacrecil-complex-forte\/","og_locale":"en_US","og_type":"article","og_title":"Laboratorios Vi\u00f1as da el protagonismo a sus marcas Belcils, Emolienta, Radio Salil y Vitacrecil Complex Forte en Infarma","og_description":"Desde 1911 pone todo su esfuerzo y conocimiento en asegurar el bienestar de todos y mejorar la vida de las personas.","og_url":"https:\/\/www.infarma.es\/en\/laboratorios-vinas-infarma-belcils-emolienta-radio-salil-vitacrecil-complex-forte\/","og_site_name":"Infarma","article_publisher":"https:\/\/www.facebook.com\/infarmaoficial\/","article_published_time":"2025-03-21T22:59:50+00:00","og_image":[{"width":1600,"height":900,"url":"https:\/\/www.infarma.es\/wp-content\/uploads\/2025\/03\/inf2025-LV-stand-blog.webp","type":"image\/webp"}],"author":"xavier","twitter_card":"summary_large_image","twitter_creator":"@infarma_es","twitter_site":"@infarma_es","twitter_misc":{"Written by":"xavier","Est. reading time":"4 minutes"},"schema":{"@context":"https:\/\/schema.org","@graph":[{"@type":"Article","@id":"https:\/\/www.infarma.es\/en\/laboratorios-vinas-infarma-belcils-emolienta-radio-salil-vitacrecil-complex-forte\/#article","isPartOf":{"@id":"https:\/\/www.infarma.es\/en\/laboratorios-vinas-infarma-belcils-emolienta-radio-salil-vitacrecil-complex-forte\/"},"author":{"name":"xavier","@id":"https:\/\/www.infarma.es\/en\/#\/schema\/person\/e53486dc47606cc5c89217026a8a01a7"},"headline":"Laboratorios Vi\u00f1as da el protagonismo a sus marcas Belcils, Emolienta, Radio Salil y Vitacrecil Complex Forte en Infarma","datePublished":"2025-03-21T22:59:50+00:00","mainEntityOfPage":{"@id":"https:\/\/www.infarma.es\/en\/laboratorios-vinas-infarma-belcils-emolienta-radio-salil-vitacrecil-complex-forte\/"},"wordCount":795,"publisher":{"@id":"https:\/\/www.infarma.es\/en\/#organization"},"image":{"@id":"https:\/\/www.infarma.es\/en\/laboratorios-vinas-infarma-belcils-emolienta-radio-salil-vitacrecil-complex-forte\/#primaryimage"},"thumbnailUrl":"https:\/\/www.infarma.es\/wp-content\/uploads\/2025\/03\/inf2025-LV-stand-blog.webp","articleSection":["Noticias del Sal\u00f3n"],"inLanguage":"en-US"},{"@type":"WebPage","@id":"https:\/\/www.infarma.es\/en\/laboratorios-vinas-infarma-belcils-emolienta-radio-salil-vitacrecil-complex-forte\/","url":"https:\/\/www.infarma.es\/en\/laboratorios-vinas-infarma-belcils-emolienta-radio-salil-vitacrecil-complex-forte\/","name":"Laboratorios Vi\u00f1as da el protagonismo a sus marcas Belcils, Emolienta, Radio Salil y Vitacrecil Complex Forte en Infarma","isPartOf":{"@id":"https:\/\/www.infarma.es\/en\/#website"},"primaryImageOfPage":{"@id":"https:\/\/www.infarma.es\/en\/laboratorios-vinas-infarma-belcils-emolienta-radio-salil-vitacrecil-complex-forte\/#primaryimage"},"image":{"@id":"https:\/\/www.infarma.es\/en\/laboratorios-vinas-infarma-belcils-emolienta-radio-salil-vitacrecil-complex-forte\/#primaryimage"},"thumbnailUrl":"https:\/\/www.infarma.es\/wp-content\/uploads\/2025\/03\/inf2025-LV-stand-blog.webp","datePublished":"2025-03-21T22:59:50+00:00","description":"Desde 1911 pone todo su esfuerzo y conocimiento en asegurar el bienestar de todos y mejorar la vida de las personas.","breadcrumb":{"@id":"https:\/\/www.infarma.es\/en\/laboratorios-vinas-infarma-belcils-emolienta-radio-salil-vitacrecil-complex-forte\/#breadcrumb"},"inLanguage":"en-US","potentialAction":[{"@type":"ReadAction","target":["https:\/\/www.infarma.es\/en\/laboratorios-vinas-infarma-belcils-emolienta-radio-salil-vitacrecil-complex-forte\/"]}]},{"@type":"ImageObject","inLanguage":"en-US","@id":"https:\/\/www.infarma.es\/en\/laboratorios-vinas-infarma-belcils-emolienta-radio-salil-vitacrecil-complex-forte\/#primaryimage","url":"https:\/\/www.infarma.es\/wp-content\/uploads\/2025\/03\/inf2025-LV-stand-blog.webp","contentUrl":"https:\/\/www.infarma.es\/wp-content\/uploads\/2025\/03\/inf2025-LV-stand-blog.webp","width":1600,"height":900},{"@type":"BreadcrumbList","@id":"https:\/\/www.infarma.es\/en\/laboratorios-vinas-infarma-belcils-emolienta-radio-salil-vitacrecil-complex-forte\/#breadcrumb","itemListElement":[{"@type":"ListItem","position":1,"name":"Portada","item":"https:\/\/www.infarma.es\/en\/"},{"@type":"ListItem","position":2,"name":"Laboratorios Vi\u00f1as da el protagonismo a sus marcas Belcils, Emolienta, Radio Salil y Vitacrecil Complex Forte en Infarma"}]},{"@type":"WebSite","@id":"https:\/\/www.infarma.es\/en\/#website","url":"https:\/\/www.infarma.es\/en\/","name":"Infarma","description":"El mayor encuentro de farmacia","publisher":{"@id":"https:\/\/www.infarma.es\/en\/#organization"},"potentialAction":[{"@type":"SearchAction","target":{"@type":"EntryPoint","urlTemplate":"https:\/\/www.infarma.es\/en\/?s={search_term_string}"},"query-input":{"@type":"PropertyValueSpecification","valueRequired":true,"valueName":"search_term_string"}}],"inLanguage":"en-US"},{"@type":"Organization","@id":"https:\/\/www.infarma.es\/en\/#organization","name":"Infarma","url":"https:\/\/www.infarma.es\/en\/","logo":{"@type":"ImageObject","inLanguage":"en-US","@id":"https:\/\/www.infarma.es\/en\/#\/schema\/logo\/image\/","url":"https:\/\/www.infarma.es\/wp-content\/uploads\/2024\/10\/logo-simple.svg","contentUrl":"https:\/\/www.infarma.es\/wp-content\/uploads\/2024\/10\/logo-simple.svg","width":1,"height":1,"caption":"Infarma"},"image":{"@id":"https:\/\/www.infarma.es\/en\/#\/schema\/logo\/image\/"},"sameAs":["https:\/\/www.facebook.com\/infarmaoficial\/","https:\/\/x.com\/infarma_es","https:\/\/www.instagram.com\/infarma_oficial\/","https:\/\/www.linkedin.com\/showcase\/infarma-salon\/","https:\/\/www.youtube.com\/@INFARMAOFICIAL"]},{"@type":"Person","@id":"https:\/\/www.infarma.es\/en\/#\/schema\/person\/e53486dc47606cc5c89217026a8a01a7","name":"xavier","image":{"@type":"ImageObject","inLanguage":"en-US","@id":"https:\/\/secure.gravatar.com\/avatar\/9014b89254123c1f240ae636cc793b98ce50ec2df162909756be1d23adc503e4?s=96&d=mm&r=g","url":"https:\/\/secure.gravatar.com\/avatar\/9014b89254123c1f240ae636cc793b98ce50ec2df162909756be1d23adc503e4?s=96&d=mm&r=g","contentUrl":"https:\/\/secure.gravatar.com\/avatar\/9014b89254123c1f240ae636cc793b98ce50ec2df162909756be1d23adc503e4?s=96&d=mm&r=g","caption":"xavier"},"url":"https:\/\/www.infarma.es\/en\/author\/xavier\/"}]}},"_links":{"self":[{"href":"https:\/\/www.infarma.es\/en\/wp-json\/wp\/v2\/posts\/19312","targetHints":{"allow":["GET"]}}],"collection":[{"href":"https:\/\/www.infarma.es\/en\/wp-json\/wp\/v2\/posts"}],"about":[{"href":"https:\/\/www.infarma.es\/en\/wp-json\/wp\/v2\/types\/post"}],"author":[{"embeddable":true,"href":"https:\/\/www.infarma.es\/en\/wp-json\/wp\/v2\/users\/2"}],"replies":[{"embeddable":true,"href":"https:\/\/www.infarma.es\/en\/wp-json\/wp\/v2\/comments?post=19312"}],"version-history":[{"count":2,"href":"https:\/\/www.infarma.es\/en\/wp-json\/wp\/v2\/posts\/19312\/revisions"}],"predecessor-version":[{"id":19317,"href":"https:\/\/www.infarma.es\/en\/wp-json\/wp\/v2\/posts\/19312\/revisions\/19317"}],"wp:featuredmedia":[{"embeddable":true,"href":"https:\/\/www.infarma.es\/en\/wp-json\/wp\/v2\/media\/19313"}],"wp:attachment":[{"href":"https:\/\/www.infarma.es\/en\/wp-json\/wp\/v2\/media?parent=19312"}],"wp:term":[{"taxonomy":"category","embeddable":true,"href":"https:\/\/www.infarma.es\/en\/wp-json\/wp\/v2\/categories?post=19312"},{"taxonomy":"post_tag","embeddable":true,"href":"https:\/\/www.infarma.es\/en\/wp-json\/wp\/v2\/tags?post=19312"}],"curies":[{"name":"wp","href":"https:\/\/api.w.org\/{rel}","templated":true}]}}