{"id":19318,"date":"2025-03-22T01:13:48","date_gmt":"2025-03-22T00:13:48","guid":{"rendered":"https:\/\/www.infarma.es\/?p=19318"},"modified":"2025-03-22T01:13:49","modified_gmt":"2025-03-22T00:13:49","slug":"babybio-renueva-imagen-dleche-cabra-caprea","status":"publish","type":"post","link":"https:\/\/www.infarma.es\/en\/babybio-renueva-imagen-dleche-cabra-caprea\/","title":{"rendered":"Babybio renueva la imagen de su leche de cabra Caprea"},"content":{"rendered":"\n<p>Babybio, marca referente en alimentaci\u00f3n infantil ecol\u00f3gica, presenta la nueva imagen de su leche de cabra <strong>Caprea<\/strong>, con un dise\u00f1o m\u00e1s claro y moderno que facilita su identificaci\u00f3n. Ahora, cada una de las tres etapas est\u00e1 diferenciada con un color espec\u00edfico, permitiendo a los padres seleccionar f\u00e1cilmente la f\u00f3rmula adecuada seg\u00fan la edad y las necesidades nutricionales de su beb\u00e9.<\/p>\n\n\n\n<p>La leche de cabra <strong>Caprea<\/strong> es una alternativa ideal para la alimentaci\u00f3n infantil desde el nacimiento. Su perfil nutricional la hace m\u00e1s digestiva en comparaci\u00f3n con la leche de vaca, siendo una excelente opci\u00f3n para los beb\u00e9s con sensibilidad digestiva. Adem\u00e1s, es una leche segura y nutricionalmente completa, con los nutrientes esenciales que favorecen el desarrollo \u00f3ptimo del beb\u00e9.<\/p>\n\n\n\n<p><strong>Caprea<\/strong> mantiene el compromiso de Babybio con la calidad y la sostenibilidad. Elaborada con ingredientes ecol\u00f3gicos cuidadosamente seleccionados, proviene de ganader\u00edas responsables donde las cabras son criadas en condiciones respetuosas con su bienestar y alimentaci\u00f3n natural. Esto garantiza un producto de alta calidad, sin aceites de palma y libre de pesticidas ni organismos modificados gen\u00e9ticamente.<\/p>\n\n\n\n<p>Este cambio de imagen refuerza la identidad de <strong>Caprea<\/strong> como una opci\u00f3n premium dentro de la categor\u00eda de leches infantiles en farmacias, aline\u00e1ndose con las expectativas de los padres que buscan lo mejor para la nutrici\u00f3n de sus hijos.<\/p>\n\n\n\n<p><strong>Descubre la nueva imagen de Caprea y acompa\u00f1a a tu beb\u00e9 con una leche natural, ecol\u00f3gica y adaptada a cada etapa de su crecimiento.<\/strong><\/p>\n","protected":false},"excerpt":{"rendered":"<p>Babybio, marca referente en alimentaci\u00f3n infantil ecol\u00f3gica, presenta la nueva imagen de su leche de cabra Caprea, con un dise\u00f1o m\u00e1s claro y moderno que facilita su identificaci\u00f3n. Ahora, cada una de las tres etapas est\u00e1 diferenciada con un color espec\u00edfico, permitiendo a los padres seleccionar f\u00e1cilmente la f\u00f3rmula adecuada seg\u00fan la edad y las [&hellip;]<\/p>\n","protected":false},"author":2,"featured_media":19319,"comment_status":"closed","ping_status":"open","sticky":false,"template":"","format":"standard","meta":{"footnotes":""},"categories":[141],"tags":[],"class_list":["post-19318","post","type-post","status-publish","format-standard","has-post-thumbnail","hentry","category-noticias-del-salon"],"yoast_head":"<!-- This site is optimized with the Yoast SEO plugin v27.4 - https:\/\/yoast.com\/product\/yoast-seo-wordpress\/ -->\n<title>Babybio renueva la imagen de su leche de cabra Caprea<\/title>\n<meta name=\"description\" content=\"Alternativa ideal para la alimentaci\u00f3n infantil desde el nacimiento. Su perfil nutricional la hace m\u00e1s digestiva en comparaci\u00f3n con la leche de vaca.\" \/>\n<meta name=\"robots\" content=\"index, follow, max-snippet:-1, max-image-preview:large, max-video-preview:-1\" \/>\n<link rel=\"canonical\" href=\"https:\/\/www.infarma.es\/en\/babybio-renueva-imagen-dleche-cabra-caprea\/\" \/>\n<meta property=\"og:locale\" content=\"en_US\" \/>\n<meta property=\"og:type\" content=\"article\" \/>\n<meta property=\"og:title\" content=\"Babybio renueva la imagen de su leche de cabra Caprea\" \/>\n<meta property=\"og:description\" content=\"Alternativa ideal para la alimentaci\u00f3n infantil desde el nacimiento. Su perfil nutricional la hace m\u00e1s digestiva en comparaci\u00f3n con la leche de vaca.\" \/>\n<meta property=\"og:url\" content=\"https:\/\/www.infarma.es\/en\/babybio-renueva-imagen-dleche-cabra-caprea\/\" \/>\n<meta property=\"og:site_name\" content=\"Infarma\" \/>\n<meta property=\"article:publisher\" content=\"https:\/\/www.facebook.com\/infarmaoficial\/\" \/>\n<meta property=\"article:published_time\" content=\"2025-03-22T00:13:48+00:00\" \/>\n<meta property=\"article:modified_time\" content=\"2025-03-22T00:13:49+00:00\" \/>\n<meta property=\"og:image\" content=\"https:\/\/www.infarma.es\/wp-content\/uploads\/2025\/03\/inf2025-babybio-caprea-blog.webp\" \/>\n\t<meta property=\"og:image:width\" content=\"1600\" \/>\n\t<meta property=\"og:image:height\" content=\"900\" \/>\n\t<meta property=\"og:image:type\" content=\"image\/webp\" \/>\n<meta name=\"author\" content=\"xavier\" \/>\n<meta name=\"twitter:card\" content=\"summary_large_image\" \/>\n<meta name=\"twitter:creator\" content=\"@infarma_es\" \/>\n<meta name=\"twitter:site\" content=\"@infarma_es\" \/>\n<meta name=\"twitter:label1\" content=\"Written by\" \/>\n\t<meta name=\"twitter:data1\" content=\"xavier\" \/>\n\t<meta name=\"twitter:label2\" content=\"Est. reading time\" \/>\n\t<meta name=\"twitter:data2\" content=\"2 minutes\" \/>\n<script type=\"application\/ld+json\" class=\"yoast-schema-graph\">{\"@context\":\"https:\\\/\\\/schema.org\",\"@graph\":[{\"@type\":\"Article\",\"@id\":\"https:\\\/\\\/www.infarma.es\\\/en\\\/babybio-renueva-imagen-dleche-cabra-caprea\\\/#article\",\"isPartOf\":{\"@id\":\"https:\\\/\\\/www.infarma.es\\\/en\\\/babybio-renueva-imagen-dleche-cabra-caprea\\\/\"},\"author\":{\"name\":\"xavier\",\"@id\":\"https:\\\/\\\/www.infarma.es\\\/en\\\/#\\\/schema\\\/person\\\/e53486dc47606cc5c89217026a8a01a7\"},\"headline\":\"Babybio renueva la imagen de su leche de cabra Caprea\",\"datePublished\":\"2025-03-22T00:13:48+00:00\",\"dateModified\":\"2025-03-22T00:13:49+00:00\",\"mainEntityOfPage\":{\"@id\":\"https:\\\/\\\/www.infarma.es\\\/en\\\/babybio-renueva-imagen-dleche-cabra-caprea\\\/\"},\"wordCount\":272,\"publisher\":{\"@id\":\"https:\\\/\\\/www.infarma.es\\\/en\\\/#organization\"},\"image\":{\"@id\":\"https:\\\/\\\/www.infarma.es\\\/en\\\/babybio-renueva-imagen-dleche-cabra-caprea\\\/#primaryimage\"},\"thumbnailUrl\":\"https:\\\/\\\/www.infarma.es\\\/wp-content\\\/uploads\\\/2025\\\/03\\\/inf2025-babybio-caprea-blog.webp\",\"articleSection\":[\"Noticias del Sal\u00f3n\"],\"inLanguage\":\"en-US\"},{\"@type\":\"WebPage\",\"@id\":\"https:\\\/\\\/www.infarma.es\\\/en\\\/babybio-renueva-imagen-dleche-cabra-caprea\\\/\",\"url\":\"https:\\\/\\\/www.infarma.es\\\/en\\\/babybio-renueva-imagen-dleche-cabra-caprea\\\/\",\"name\":\"Babybio renueva la imagen de su leche de cabra Caprea\",\"isPartOf\":{\"@id\":\"https:\\\/\\\/www.infarma.es\\\/en\\\/#website\"},\"primaryImageOfPage\":{\"@id\":\"https:\\\/\\\/www.infarma.es\\\/en\\\/babybio-renueva-imagen-dleche-cabra-caprea\\\/#primaryimage\"},\"image\":{\"@id\":\"https:\\\/\\\/www.infarma.es\\\/en\\\/babybio-renueva-imagen-dleche-cabra-caprea\\\/#primaryimage\"},\"thumbnailUrl\":\"https:\\\/\\\/www.infarma.es\\\/wp-content\\\/uploads\\\/2025\\\/03\\\/inf2025-babybio-caprea-blog.webp\",\"datePublished\":\"2025-03-22T00:13:48+00:00\",\"dateModified\":\"2025-03-22T00:13:49+00:00\",\"description\":\"Alternativa ideal para la alimentaci\u00f3n infantil desde el nacimiento. Su perfil nutricional la hace m\u00e1s digestiva en comparaci\u00f3n con la leche de vaca.\",\"breadcrumb\":{\"@id\":\"https:\\\/\\\/www.infarma.es\\\/en\\\/babybio-renueva-imagen-dleche-cabra-caprea\\\/#breadcrumb\"},\"inLanguage\":\"en-US\",\"potentialAction\":[{\"@type\":\"ReadAction\",\"target\":[\"https:\\\/\\\/www.infarma.es\\\/en\\\/babybio-renueva-imagen-dleche-cabra-caprea\\\/\"]}]},{\"@type\":\"ImageObject\",\"inLanguage\":\"en-US\",\"@id\":\"https:\\\/\\\/www.infarma.es\\\/en\\\/babybio-renueva-imagen-dleche-cabra-caprea\\\/#primaryimage\",\"url\":\"https:\\\/\\\/www.infarma.es\\\/wp-content\\\/uploads\\\/2025\\\/03\\\/inf2025-babybio-caprea-blog.webp\",\"contentUrl\":\"https:\\\/\\\/www.infarma.es\\\/wp-content\\\/uploads\\\/2025\\\/03\\\/inf2025-babybio-caprea-blog.webp\",\"width\":1600,\"height\":900},{\"@type\":\"BreadcrumbList\",\"@id\":\"https:\\\/\\\/www.infarma.es\\\/en\\\/babybio-renueva-imagen-dleche-cabra-caprea\\\/#breadcrumb\",\"itemListElement\":[{\"@type\":\"ListItem\",\"position\":1,\"name\":\"Portada\",\"item\":\"https:\\\/\\\/www.infarma.es\\\/en\\\/\"},{\"@type\":\"ListItem\",\"position\":2,\"name\":\"Babybio renueva la imagen de su leche de cabra Caprea\"}]},{\"@type\":\"WebSite\",\"@id\":\"https:\\\/\\\/www.infarma.es\\\/en\\\/#website\",\"url\":\"https:\\\/\\\/www.infarma.es\\\/en\\\/\",\"name\":\"Infarma\",\"description\":\"El mayor encuentro de farmacia\",\"publisher\":{\"@id\":\"https:\\\/\\\/www.infarma.es\\\/en\\\/#organization\"},\"potentialAction\":[{\"@type\":\"SearchAction\",\"target\":{\"@type\":\"EntryPoint\",\"urlTemplate\":\"https:\\\/\\\/www.infarma.es\\\/en\\\/?s={search_term_string}\"},\"query-input\":{\"@type\":\"PropertyValueSpecification\",\"valueRequired\":true,\"valueName\":\"search_term_string\"}}],\"inLanguage\":\"en-US\"},{\"@type\":\"Organization\",\"@id\":\"https:\\\/\\\/www.infarma.es\\\/en\\\/#organization\",\"name\":\"Infarma\",\"url\":\"https:\\\/\\\/www.infarma.es\\\/en\\\/\",\"logo\":{\"@type\":\"ImageObject\",\"inLanguage\":\"en-US\",\"@id\":\"https:\\\/\\\/www.infarma.es\\\/en\\\/#\\\/schema\\\/logo\\\/image\\\/\",\"url\":\"https:\\\/\\\/www.infarma.es\\\/wp-content\\\/uploads\\\/2024\\\/10\\\/logo-simple.svg\",\"contentUrl\":\"https:\\\/\\\/www.infarma.es\\\/wp-content\\\/uploads\\\/2024\\\/10\\\/logo-simple.svg\",\"width\":1,\"height\":1,\"caption\":\"Infarma\"},\"image\":{\"@id\":\"https:\\\/\\\/www.infarma.es\\\/en\\\/#\\\/schema\\\/logo\\\/image\\\/\"},\"sameAs\":[\"https:\\\/\\\/www.facebook.com\\\/infarmaoficial\\\/\",\"https:\\\/\\\/x.com\\\/infarma_es\",\"https:\\\/\\\/www.instagram.com\\\/infarma_oficial\\\/\",\"https:\\\/\\\/www.linkedin.com\\\/showcase\\\/infarma-salon\\\/\",\"https:\\\/\\\/www.youtube.com\\\/@INFARMAOFICIAL\"]},{\"@type\":\"Person\",\"@id\":\"https:\\\/\\\/www.infarma.es\\\/en\\\/#\\\/schema\\\/person\\\/e53486dc47606cc5c89217026a8a01a7\",\"name\":\"xavier\",\"image\":{\"@type\":\"ImageObject\",\"inLanguage\":\"en-US\",\"@id\":\"https:\\\/\\\/secure.gravatar.com\\\/avatar\\\/9014b89254123c1f240ae636cc793b98ce50ec2df162909756be1d23adc503e4?s=96&d=mm&r=g\",\"url\":\"https:\\\/\\\/secure.gravatar.com\\\/avatar\\\/9014b89254123c1f240ae636cc793b98ce50ec2df162909756be1d23adc503e4?s=96&d=mm&r=g\",\"contentUrl\":\"https:\\\/\\\/secure.gravatar.com\\\/avatar\\\/9014b89254123c1f240ae636cc793b98ce50ec2df162909756be1d23adc503e4?s=96&d=mm&r=g\",\"caption\":\"xavier\"},\"url\":\"https:\\\/\\\/www.infarma.es\\\/en\\\/author\\\/xavier\\\/\"}]}<\/script>\n<!-- \/ Yoast SEO plugin. -->","yoast_head_json":{"title":"Babybio renueva la imagen de su leche de cabra Caprea","description":"Alternativa ideal para la alimentaci\u00f3n infantil desde el nacimiento. Su perfil nutricional la hace m\u00e1s digestiva en comparaci\u00f3n con la leche de vaca.","robots":{"index":"index","follow":"follow","max-snippet":"max-snippet:-1","max-image-preview":"max-image-preview:large","max-video-preview":"max-video-preview:-1"},"canonical":"https:\/\/www.infarma.es\/en\/babybio-renueva-imagen-dleche-cabra-caprea\/","og_locale":"en_US","og_type":"article","og_title":"Babybio renueva la imagen de su leche de cabra Caprea","og_description":"Alternativa ideal para la alimentaci\u00f3n infantil desde el nacimiento. Su perfil nutricional la hace m\u00e1s digestiva en comparaci\u00f3n con la leche de vaca.","og_url":"https:\/\/www.infarma.es\/en\/babybio-renueva-imagen-dleche-cabra-caprea\/","og_site_name":"Infarma","article_publisher":"https:\/\/www.facebook.com\/infarmaoficial\/","article_published_time":"2025-03-22T00:13:48+00:00","article_modified_time":"2025-03-22T00:13:49+00:00","og_image":[{"width":1600,"height":900,"url":"https:\/\/www.infarma.es\/wp-content\/uploads\/2025\/03\/inf2025-babybio-caprea-blog.webp","type":"image\/webp"}],"author":"xavier","twitter_card":"summary_large_image","twitter_creator":"@infarma_es","twitter_site":"@infarma_es","twitter_misc":{"Written by":"xavier","Est. reading time":"2 minutes"},"schema":{"@context":"https:\/\/schema.org","@graph":[{"@type":"Article","@id":"https:\/\/www.infarma.es\/en\/babybio-renueva-imagen-dleche-cabra-caprea\/#article","isPartOf":{"@id":"https:\/\/www.infarma.es\/en\/babybio-renueva-imagen-dleche-cabra-caprea\/"},"author":{"name":"xavier","@id":"https:\/\/www.infarma.es\/en\/#\/schema\/person\/e53486dc47606cc5c89217026a8a01a7"},"headline":"Babybio renueva la imagen de su leche de cabra Caprea","datePublished":"2025-03-22T00:13:48+00:00","dateModified":"2025-03-22T00:13:49+00:00","mainEntityOfPage":{"@id":"https:\/\/www.infarma.es\/en\/babybio-renueva-imagen-dleche-cabra-caprea\/"},"wordCount":272,"publisher":{"@id":"https:\/\/www.infarma.es\/en\/#organization"},"image":{"@id":"https:\/\/www.infarma.es\/en\/babybio-renueva-imagen-dleche-cabra-caprea\/#primaryimage"},"thumbnailUrl":"https:\/\/www.infarma.es\/wp-content\/uploads\/2025\/03\/inf2025-babybio-caprea-blog.webp","articleSection":["Noticias del Sal\u00f3n"],"inLanguage":"en-US"},{"@type":"WebPage","@id":"https:\/\/www.infarma.es\/en\/babybio-renueva-imagen-dleche-cabra-caprea\/","url":"https:\/\/www.infarma.es\/en\/babybio-renueva-imagen-dleche-cabra-caprea\/","name":"Babybio renueva la imagen de su leche de cabra Caprea","isPartOf":{"@id":"https:\/\/www.infarma.es\/en\/#website"},"primaryImageOfPage":{"@id":"https:\/\/www.infarma.es\/en\/babybio-renueva-imagen-dleche-cabra-caprea\/#primaryimage"},"image":{"@id":"https:\/\/www.infarma.es\/en\/babybio-renueva-imagen-dleche-cabra-caprea\/#primaryimage"},"thumbnailUrl":"https:\/\/www.infarma.es\/wp-content\/uploads\/2025\/03\/inf2025-babybio-caprea-blog.webp","datePublished":"2025-03-22T00:13:48+00:00","dateModified":"2025-03-22T00:13:49+00:00","description":"Alternativa ideal para la alimentaci\u00f3n infantil desde el nacimiento. Su perfil nutricional la hace m\u00e1s digestiva en comparaci\u00f3n con la leche de vaca.","breadcrumb":{"@id":"https:\/\/www.infarma.es\/en\/babybio-renueva-imagen-dleche-cabra-caprea\/#breadcrumb"},"inLanguage":"en-US","potentialAction":[{"@type":"ReadAction","target":["https:\/\/www.infarma.es\/en\/babybio-renueva-imagen-dleche-cabra-caprea\/"]}]},{"@type":"ImageObject","inLanguage":"en-US","@id":"https:\/\/www.infarma.es\/en\/babybio-renueva-imagen-dleche-cabra-caprea\/#primaryimage","url":"https:\/\/www.infarma.es\/wp-content\/uploads\/2025\/03\/inf2025-babybio-caprea-blog.webp","contentUrl":"https:\/\/www.infarma.es\/wp-content\/uploads\/2025\/03\/inf2025-babybio-caprea-blog.webp","width":1600,"height":900},{"@type":"BreadcrumbList","@id":"https:\/\/www.infarma.es\/en\/babybio-renueva-imagen-dleche-cabra-caprea\/#breadcrumb","itemListElement":[{"@type":"ListItem","position":1,"name":"Portada","item":"https:\/\/www.infarma.es\/en\/"},{"@type":"ListItem","position":2,"name":"Babybio renueva la imagen de su leche de cabra Caprea"}]},{"@type":"WebSite","@id":"https:\/\/www.infarma.es\/en\/#website","url":"https:\/\/www.infarma.es\/en\/","name":"Infarma","description":"El mayor encuentro de farmacia","publisher":{"@id":"https:\/\/www.infarma.es\/en\/#organization"},"potentialAction":[{"@type":"SearchAction","target":{"@type":"EntryPoint","urlTemplate":"https:\/\/www.infarma.es\/en\/?s={search_term_string}"},"query-input":{"@type":"PropertyValueSpecification","valueRequired":true,"valueName":"search_term_string"}}],"inLanguage":"en-US"},{"@type":"Organization","@id":"https:\/\/www.infarma.es\/en\/#organization","name":"Infarma","url":"https:\/\/www.infarma.es\/en\/","logo":{"@type":"ImageObject","inLanguage":"en-US","@id":"https:\/\/www.infarma.es\/en\/#\/schema\/logo\/image\/","url":"https:\/\/www.infarma.es\/wp-content\/uploads\/2024\/10\/logo-simple.svg","contentUrl":"https:\/\/www.infarma.es\/wp-content\/uploads\/2024\/10\/logo-simple.svg","width":1,"height":1,"caption":"Infarma"},"image":{"@id":"https:\/\/www.infarma.es\/en\/#\/schema\/logo\/image\/"},"sameAs":["https:\/\/www.facebook.com\/infarmaoficial\/","https:\/\/x.com\/infarma_es","https:\/\/www.instagram.com\/infarma_oficial\/","https:\/\/www.linkedin.com\/showcase\/infarma-salon\/","https:\/\/www.youtube.com\/@INFARMAOFICIAL"]},{"@type":"Person","@id":"https:\/\/www.infarma.es\/en\/#\/schema\/person\/e53486dc47606cc5c89217026a8a01a7","name":"xavier","image":{"@type":"ImageObject","inLanguage":"en-US","@id":"https:\/\/secure.gravatar.com\/avatar\/9014b89254123c1f240ae636cc793b98ce50ec2df162909756be1d23adc503e4?s=96&d=mm&r=g","url":"https:\/\/secure.gravatar.com\/avatar\/9014b89254123c1f240ae636cc793b98ce50ec2df162909756be1d23adc503e4?s=96&d=mm&r=g","contentUrl":"https:\/\/secure.gravatar.com\/avatar\/9014b89254123c1f240ae636cc793b98ce50ec2df162909756be1d23adc503e4?s=96&d=mm&r=g","caption":"xavier"},"url":"https:\/\/www.infarma.es\/en\/author\/xavier\/"}]}},"_links":{"self":[{"href":"https:\/\/www.infarma.es\/en\/wp-json\/wp\/v2\/posts\/19318","targetHints":{"allow":["GET"]}}],"collection":[{"href":"https:\/\/www.infarma.es\/en\/wp-json\/wp\/v2\/posts"}],"about":[{"href":"https:\/\/www.infarma.es\/en\/wp-json\/wp\/v2\/types\/post"}],"author":[{"embeddable":true,"href":"https:\/\/www.infarma.es\/en\/wp-json\/wp\/v2\/users\/2"}],"replies":[{"embeddable":true,"href":"https:\/\/www.infarma.es\/en\/wp-json\/wp\/v2\/comments?post=19318"}],"version-history":[{"count":2,"href":"https:\/\/www.infarma.es\/en\/wp-json\/wp\/v2\/posts\/19318\/revisions"}],"predecessor-version":[{"id":19323,"href":"https:\/\/www.infarma.es\/en\/wp-json\/wp\/v2\/posts\/19318\/revisions\/19323"}],"wp:featuredmedia":[{"embeddable":true,"href":"https:\/\/www.infarma.es\/en\/wp-json\/wp\/v2\/media\/19319"}],"wp:attachment":[{"href":"https:\/\/www.infarma.es\/en\/wp-json\/wp\/v2\/media?parent=19318"}],"wp:term":[{"taxonomy":"category","embeddable":true,"href":"https:\/\/www.infarma.es\/en\/wp-json\/wp\/v2\/categories?post=19318"},{"taxonomy":"post_tag","embeddable":true,"href":"https:\/\/www.infarma.es\/en\/wp-json\/wp\/v2\/tags?post=19318"}],"curies":[{"name":"wp","href":"https:\/\/api.w.org\/{rel}","templated":true}]}}