{"id":19324,"date":"2025-03-22T13:03:06","date_gmt":"2025-03-22T12:03:06","guid":{"rendered":"https:\/\/www.infarma.es\/?p=19324"},"modified":"2025-03-22T13:03:06","modified_gmt":"2025-03-22T12:03:06","slug":"two-poles-nuevo-lanzamiento-the-ultra-lift-serum","status":"publish","type":"post","link":"https:\/\/www.infarma.es\/en\/two-poles-nuevo-lanzamiento-the-ultra-lift-serum\/","title":{"rendered":"Two Poles va un paso m\u00e1s all\u00e1 del retinol con su nuevo lanzamiento: The Ultra-Lift Serum"},"content":{"rendered":"\n<ul class=\"wp-block-list\">\n<li><strong>Una nueva era en la Cosm\u00e9tica Molecular con una revolucionaria propuesta well-aging que a\u00fana el poder de exosomas bioactivos, factores de crecimiento y p\u00e9ptidos<\/strong><\/li>\n\n\n\n<li><strong>Este nuevo lanzamiento redefine los l\u00edmites de la dermocosm\u00e9tica al incluir una tecnolog\u00eda regeneradora hasta ahora presente solo en tratamientos inyectables<\/strong><\/li>\n<\/ul>\n\n\n\n<p>Durante a\u00f1os, los <strong>tratamientos <\/strong>m\u00e1s efectivos <strong>para combatir arrugas, l\u00edneas de expresi\u00f3n y la p\u00e9rdida de elasticidad de la piel<\/strong> solo pod\u00edan realizarse con medicina est\u00e9tica. Sin embargo, <strong><a href=\"https:\/\/twopoles.co\/\" target=\"_blank\" rel=\"noreferrer noopener\">Two Poles<\/a><\/strong>, marca de cosm\u00e9tica espa\u00f1ola reconocida por sus f\u00f3rmulas innovadoras y altamente eficaces ha creado una f\u00f3rmula revolucionaria que a\u00fana los activos m\u00e1s potentes en el cuidado de arrugas y l\u00edneas de expresi\u00f3n en un solo producto: <strong><a href=\"https:\/\/twopoles.co\/pages\/landing-ultra-lift\" target=\"_blank\" rel=\"noreferrer noopener\">The Ultra-Lift Serum<\/a><\/strong>.<\/p>\n\n\n\n<p>Es un <strong>tratamiento well-aging<\/strong> basado en el poder de la biotecnolog\u00eda molecular con una combinaci\u00f3n de ingredientes cl\u00ednicamente probados. Esto diferencia a <strong>The Ultra-Lift Serum<\/strong> de otros s\u00e9rums y lo convierte en un lanzamiento novedoso que redefine los l\u00edmites de la dermocosm\u00e9tica gracias a su tecnolog\u00eda, que consigue combatir la flacidez, las arrugas, la hiperpigmentaci\u00f3n de la piel y revertir gran parte de los signos del envejecimiento, sin tener que recurrir a tratamientos inyectables.<\/p>\n\n\n\n<p>Su f\u00f3rmula altamente sofisticada combina <strong>los tres activos m\u00e1s disruptivos de 2025:<\/strong><\/p>\n\n\n\n<ul class=\"wp-block-list\">\n<li><strong>2% de exosomas.<\/strong> Estos, son microves\u00edculas extracelulares que mejoran la firmeza de la piel gracias a su <strong>capacidad regenerativa avanzada<\/strong> que eleva los niveles de col\u00e1geno.<\/li>\n\n\n\n<li>2% p\u00e9ptidos. Este activo estimula profundamente la dermis, garantizando su <strong>efecto reafirmante<\/strong>. Concretamente para esta funci\u00f3n, utiliza el <strong>MatrixyITM 3000<\/strong>, conocido como el <strong>\u201cFerrari\u201d de los p\u00e9ptidos<\/strong> y hoy en d\u00eda reconocido como el m\u00e1s prestigioso y eficaz ya que mejora y unifica el tono, suaviza arrugas y potencia el col\u00e1geno de la piel.<\/li>\n\n\n\n<li><strong>1% de factores de crecimiento.<\/strong> Los cuales <strong>reducen las l\u00edneas de expresi\u00f3n y la profundidad de las arrugas.<\/strong> Aunque en este caso, el nuevo lanzamiento de Two Poles tambi\u00e9n incluye en su f\u00f3rmula un 5% de Hydrolite-5 que trabaja reparando la funci\u00f3n barrera.<\/li>\n<\/ul>\n\n\n\n<p>El resultado es una <strong>piel m\u00e1s firme, tersa y rejuvenecida.<\/strong> De hecho, la eficacia de Epitensive, ingrediente de <strong>The Ultra-Lift Serum<\/strong>, est\u00e1 demostrada en estudio cl\u00ednico en vivo donde se observa una mejora de un 32% de arrugas en 28 d\u00edas. Este ingrediente junto con el anteriormente citado <strong>Matrixyl 3000<\/strong> son factores de crecimiento y un complejo pept\u00eddico altamente reconocidos en Europa y con f\u00f3rmula patentada.<\/p>\n\n\n\n<p><strong><a href=\"https:\/\/twopoles.co\/pages\/landing-ultra-lift\" target=\"_blank\" rel=\"noreferrer noopener\">The Ultra-Lift Serum<\/a><\/strong> puede incluirse en la <strong>rutina de d\u00eda y\/o de noche,<\/strong> pudi\u00e9ndose aplicar una o dos veces al d\u00eda y <strong>siendo apto incluso en pieles sensibles, en mujeres embarazadas o en periodo de lactancia.<\/strong> Debe aplicarse sobre el rostro limpio y seco tras el contorno de ojos y se puede combinar con otros s\u00e9rums, siendo aconsejable aplicar primero el de textura m\u00e1s ligera.<\/p>\n\n\n\n<p>Estar\u00e1 disponible desde el 18 de marzo en la web de Two Poles en un formato de 30ml.<\/p>\n\n\n\n<div style=\"height:35px\" aria-hidden=\"true\" class=\"wp-block-spacer\"><\/div>\n\n\n\n<h4 class=\"wp-block-heading\">Sobre Two Poles<\/h4>\n\n\n\n<p>TWO POLES, honest cosmetics, es una marca de cosm\u00e9tica innovadora que irrumpe en el mercado con el objetivo de cambiar la cosm\u00e9tica tal y como la concebimos. Combinando la mejor parte de dos polos que no son opuestos naturaleza y ciencia, eficacia y honestidad.<\/p>\n\n\n\n<p>El proyecto nace del empe\u00f1o de Anna Fuster en encontrar una cosm\u00e9tica espa\u00f1ola y transparente con su composici\u00f3n y eficaz. Con <a href=\"https:\/\/www.instagram.com\/twopolescosmetics\/\" target=\"_blank\" rel=\"noreferrer noopener\">@twopolescosmetics<\/a> y el perfil <a href=\"https:\/\/www.instagram.com\/partners.incream\/\" target=\"_blank\" rel=\"noreferrer noopener\">@partners.incream<\/a> busca empoderar al consumidor form\u00e1ndole sobre cosm\u00e9tica, ingredientes y composici\u00f3n.<\/p>\n","protected":false},"excerpt":{"rendered":"<p>Durante a\u00f1os, los tratamientos m\u00e1s efectivos para combatir arrugas, l\u00edneas de expresi\u00f3n y la p\u00e9rdida de elasticidad de la piel solo pod\u00edan realizarse con medicina est\u00e9tica. Sin embargo, Two Poles, marca de cosm\u00e9tica espa\u00f1ola reconocida por sus f\u00f3rmulas innovadoras y altamente eficaces ha creado una f\u00f3rmula revolucionaria que a\u00fana los activos m\u00e1s potentes en el [&hellip;]<\/p>\n","protected":false},"author":2,"featured_media":19325,"comment_status":"closed","ping_status":"open","sticky":false,"template":"","format":"standard","meta":{"footnotes":""},"categories":[141],"tags":[],"class_list":["post-19324","post","type-post","status-publish","format-standard","has-post-thumbnail","hentry","category-noticias-del-salon"],"yoast_head":"<!-- This site is optimized with the Yoast SEO plugin v27.4 - https:\/\/yoast.com\/product\/yoast-seo-wordpress\/ -->\n<title>Two Poles va un paso m\u00e1s all\u00e1 del retinol con su nuevo lanzamiento: The Ultra-Lift Serum<\/title>\n<meta name=\"description\" content=\"Tratamiento well-aging basado en el poder de la biotecnolog\u00eda molecular con una combinaci\u00f3n de ingredientes cl\u00ednicamente probados.\" \/>\n<meta name=\"robots\" content=\"index, follow, max-snippet:-1, max-image-preview:large, max-video-preview:-1\" \/>\n<link rel=\"canonical\" href=\"https:\/\/www.infarma.es\/en\/two-poles-nuevo-lanzamiento-the-ultra-lift-serum\/\" \/>\n<meta property=\"og:locale\" content=\"en_US\" \/>\n<meta property=\"og:type\" content=\"article\" \/>\n<meta property=\"og:title\" content=\"Two Poles va un paso m\u00e1s all\u00e1 del retinol con su nuevo lanzamiento: The Ultra-Lift Serum\" \/>\n<meta property=\"og:description\" content=\"Tratamiento well-aging basado en el poder de la biotecnolog\u00eda molecular con una combinaci\u00f3n de ingredientes cl\u00ednicamente probados.\" \/>\n<meta property=\"og:url\" content=\"https:\/\/www.infarma.es\/en\/two-poles-nuevo-lanzamiento-the-ultra-lift-serum\/\" \/>\n<meta property=\"og:site_name\" content=\"Infarma\" \/>\n<meta property=\"article:publisher\" content=\"https:\/\/www.facebook.com\/infarmaoficial\/\" \/>\n<meta property=\"article:published_time\" content=\"2025-03-22T12:03:06+00:00\" \/>\n<meta property=\"og:image\" content=\"https:\/\/www.infarma.es\/wp-content\/uploads\/2025\/03\/inf2025-TwoPoles-TheUltra-Lift-serum-blog.webp\" \/>\n\t<meta property=\"og:image:width\" content=\"1600\" \/>\n\t<meta property=\"og:image:height\" content=\"900\" \/>\n\t<meta property=\"og:image:type\" content=\"image\/webp\" \/>\n<meta name=\"author\" content=\"xavier\" \/>\n<meta name=\"twitter:card\" content=\"summary_large_image\" \/>\n<meta name=\"twitter:creator\" content=\"@infarma_es\" \/>\n<meta name=\"twitter:site\" content=\"@infarma_es\" \/>\n<meta name=\"twitter:label1\" content=\"Written by\" \/>\n\t<meta name=\"twitter:data1\" content=\"xavier\" \/>\n\t<meta name=\"twitter:label2\" content=\"Est. reading time\" \/>\n\t<meta name=\"twitter:data2\" content=\"3 minutes\" \/>\n<script type=\"application\/ld+json\" class=\"yoast-schema-graph\">{\"@context\":\"https:\\\/\\\/schema.org\",\"@graph\":[{\"@type\":\"Article\",\"@id\":\"https:\\\/\\\/www.infarma.es\\\/en\\\/two-poles-nuevo-lanzamiento-the-ultra-lift-serum\\\/#article\",\"isPartOf\":{\"@id\":\"https:\\\/\\\/www.infarma.es\\\/en\\\/two-poles-nuevo-lanzamiento-the-ultra-lift-serum\\\/\"},\"author\":{\"name\":\"xavier\",\"@id\":\"https:\\\/\\\/www.infarma.es\\\/en\\\/#\\\/schema\\\/person\\\/e53486dc47606cc5c89217026a8a01a7\"},\"headline\":\"Two Poles va un paso m\u00e1s all\u00e1 del retinol con su nuevo lanzamiento: The Ultra-Lift Serum\",\"datePublished\":\"2025-03-22T12:03:06+00:00\",\"mainEntityOfPage\":{\"@id\":\"https:\\\/\\\/www.infarma.es\\\/en\\\/two-poles-nuevo-lanzamiento-the-ultra-lift-serum\\\/\"},\"wordCount\":627,\"publisher\":{\"@id\":\"https:\\\/\\\/www.infarma.es\\\/en\\\/#organization\"},\"image\":{\"@id\":\"https:\\\/\\\/www.infarma.es\\\/en\\\/two-poles-nuevo-lanzamiento-the-ultra-lift-serum\\\/#primaryimage\"},\"thumbnailUrl\":\"https:\\\/\\\/www.infarma.es\\\/wp-content\\\/uploads\\\/2025\\\/03\\\/inf2025-TwoPoles-TheUltra-Lift-serum-blog.webp\",\"articleSection\":[\"Noticias del Sal\u00f3n\"],\"inLanguage\":\"en-US\"},{\"@type\":\"WebPage\",\"@id\":\"https:\\\/\\\/www.infarma.es\\\/en\\\/two-poles-nuevo-lanzamiento-the-ultra-lift-serum\\\/\",\"url\":\"https:\\\/\\\/www.infarma.es\\\/en\\\/two-poles-nuevo-lanzamiento-the-ultra-lift-serum\\\/\",\"name\":\"Two Poles va un paso m\u00e1s all\u00e1 del retinol con su nuevo lanzamiento: The Ultra-Lift Serum\",\"isPartOf\":{\"@id\":\"https:\\\/\\\/www.infarma.es\\\/en\\\/#website\"},\"primaryImageOfPage\":{\"@id\":\"https:\\\/\\\/www.infarma.es\\\/en\\\/two-poles-nuevo-lanzamiento-the-ultra-lift-serum\\\/#primaryimage\"},\"image\":{\"@id\":\"https:\\\/\\\/www.infarma.es\\\/en\\\/two-poles-nuevo-lanzamiento-the-ultra-lift-serum\\\/#primaryimage\"},\"thumbnailUrl\":\"https:\\\/\\\/www.infarma.es\\\/wp-content\\\/uploads\\\/2025\\\/03\\\/inf2025-TwoPoles-TheUltra-Lift-serum-blog.webp\",\"datePublished\":\"2025-03-22T12:03:06+00:00\",\"description\":\"Tratamiento well-aging basado en el poder de la biotecnolog\u00eda molecular con una combinaci\u00f3n de ingredientes cl\u00ednicamente probados.\",\"breadcrumb\":{\"@id\":\"https:\\\/\\\/www.infarma.es\\\/en\\\/two-poles-nuevo-lanzamiento-the-ultra-lift-serum\\\/#breadcrumb\"},\"inLanguage\":\"en-US\",\"potentialAction\":[{\"@type\":\"ReadAction\",\"target\":[\"https:\\\/\\\/www.infarma.es\\\/en\\\/two-poles-nuevo-lanzamiento-the-ultra-lift-serum\\\/\"]}]},{\"@type\":\"ImageObject\",\"inLanguage\":\"en-US\",\"@id\":\"https:\\\/\\\/www.infarma.es\\\/en\\\/two-poles-nuevo-lanzamiento-the-ultra-lift-serum\\\/#primaryimage\",\"url\":\"https:\\\/\\\/www.infarma.es\\\/wp-content\\\/uploads\\\/2025\\\/03\\\/inf2025-TwoPoles-TheUltra-Lift-serum-blog.webp\",\"contentUrl\":\"https:\\\/\\\/www.infarma.es\\\/wp-content\\\/uploads\\\/2025\\\/03\\\/inf2025-TwoPoles-TheUltra-Lift-serum-blog.webp\",\"width\":1600,\"height\":900},{\"@type\":\"BreadcrumbList\",\"@id\":\"https:\\\/\\\/www.infarma.es\\\/en\\\/two-poles-nuevo-lanzamiento-the-ultra-lift-serum\\\/#breadcrumb\",\"itemListElement\":[{\"@type\":\"ListItem\",\"position\":1,\"name\":\"Portada\",\"item\":\"https:\\\/\\\/www.infarma.es\\\/en\\\/\"},{\"@type\":\"ListItem\",\"position\":2,\"name\":\"Two Poles va un paso m\u00e1s all\u00e1 del retinol con su nuevo lanzamiento: The Ultra-Lift Serum\"}]},{\"@type\":\"WebSite\",\"@id\":\"https:\\\/\\\/www.infarma.es\\\/en\\\/#website\",\"url\":\"https:\\\/\\\/www.infarma.es\\\/en\\\/\",\"name\":\"Infarma\",\"description\":\"El mayor encuentro de farmacia\",\"publisher\":{\"@id\":\"https:\\\/\\\/www.infarma.es\\\/en\\\/#organization\"},\"potentialAction\":[{\"@type\":\"SearchAction\",\"target\":{\"@type\":\"EntryPoint\",\"urlTemplate\":\"https:\\\/\\\/www.infarma.es\\\/en\\\/?s={search_term_string}\"},\"query-input\":{\"@type\":\"PropertyValueSpecification\",\"valueRequired\":true,\"valueName\":\"search_term_string\"}}],\"inLanguage\":\"en-US\"},{\"@type\":\"Organization\",\"@id\":\"https:\\\/\\\/www.infarma.es\\\/en\\\/#organization\",\"name\":\"Infarma\",\"url\":\"https:\\\/\\\/www.infarma.es\\\/en\\\/\",\"logo\":{\"@type\":\"ImageObject\",\"inLanguage\":\"en-US\",\"@id\":\"https:\\\/\\\/www.infarma.es\\\/en\\\/#\\\/schema\\\/logo\\\/image\\\/\",\"url\":\"https:\\\/\\\/www.infarma.es\\\/wp-content\\\/uploads\\\/2024\\\/10\\\/logo-simple.svg\",\"contentUrl\":\"https:\\\/\\\/www.infarma.es\\\/wp-content\\\/uploads\\\/2024\\\/10\\\/logo-simple.svg\",\"width\":1,\"height\":1,\"caption\":\"Infarma\"},\"image\":{\"@id\":\"https:\\\/\\\/www.infarma.es\\\/en\\\/#\\\/schema\\\/logo\\\/image\\\/\"},\"sameAs\":[\"https:\\\/\\\/www.facebook.com\\\/infarmaoficial\\\/\",\"https:\\\/\\\/x.com\\\/infarma_es\",\"https:\\\/\\\/www.instagram.com\\\/infarma_oficial\\\/\",\"https:\\\/\\\/www.linkedin.com\\\/showcase\\\/infarma-salon\\\/\",\"https:\\\/\\\/www.youtube.com\\\/@INFARMAOFICIAL\"]},{\"@type\":\"Person\",\"@id\":\"https:\\\/\\\/www.infarma.es\\\/en\\\/#\\\/schema\\\/person\\\/e53486dc47606cc5c89217026a8a01a7\",\"name\":\"xavier\",\"image\":{\"@type\":\"ImageObject\",\"inLanguage\":\"en-US\",\"@id\":\"https:\\\/\\\/secure.gravatar.com\\\/avatar\\\/9014b89254123c1f240ae636cc793b98ce50ec2df162909756be1d23adc503e4?s=96&d=mm&r=g\",\"url\":\"https:\\\/\\\/secure.gravatar.com\\\/avatar\\\/9014b89254123c1f240ae636cc793b98ce50ec2df162909756be1d23adc503e4?s=96&d=mm&r=g\",\"contentUrl\":\"https:\\\/\\\/secure.gravatar.com\\\/avatar\\\/9014b89254123c1f240ae636cc793b98ce50ec2df162909756be1d23adc503e4?s=96&d=mm&r=g\",\"caption\":\"xavier\"},\"url\":\"https:\\\/\\\/www.infarma.es\\\/en\\\/author\\\/xavier\\\/\"}]}<\/script>\n<!-- \/ Yoast SEO plugin. -->","yoast_head_json":{"title":"Two Poles va un paso m\u00e1s all\u00e1 del retinol con su nuevo lanzamiento: The Ultra-Lift Serum","description":"Tratamiento well-aging basado en el poder de la biotecnolog\u00eda molecular con una combinaci\u00f3n de ingredientes cl\u00ednicamente probados.","robots":{"index":"index","follow":"follow","max-snippet":"max-snippet:-1","max-image-preview":"max-image-preview:large","max-video-preview":"max-video-preview:-1"},"canonical":"https:\/\/www.infarma.es\/en\/two-poles-nuevo-lanzamiento-the-ultra-lift-serum\/","og_locale":"en_US","og_type":"article","og_title":"Two Poles va un paso m\u00e1s all\u00e1 del retinol con su nuevo lanzamiento: The Ultra-Lift Serum","og_description":"Tratamiento well-aging basado en el poder de la biotecnolog\u00eda molecular con una combinaci\u00f3n de ingredientes cl\u00ednicamente probados.","og_url":"https:\/\/www.infarma.es\/en\/two-poles-nuevo-lanzamiento-the-ultra-lift-serum\/","og_site_name":"Infarma","article_publisher":"https:\/\/www.facebook.com\/infarmaoficial\/","article_published_time":"2025-03-22T12:03:06+00:00","og_image":[{"width":1600,"height":900,"url":"https:\/\/www.infarma.es\/wp-content\/uploads\/2025\/03\/inf2025-TwoPoles-TheUltra-Lift-serum-blog.webp","type":"image\/webp"}],"author":"xavier","twitter_card":"summary_large_image","twitter_creator":"@infarma_es","twitter_site":"@infarma_es","twitter_misc":{"Written by":"xavier","Est. reading time":"3 minutes"},"schema":{"@context":"https:\/\/schema.org","@graph":[{"@type":"Article","@id":"https:\/\/www.infarma.es\/en\/two-poles-nuevo-lanzamiento-the-ultra-lift-serum\/#article","isPartOf":{"@id":"https:\/\/www.infarma.es\/en\/two-poles-nuevo-lanzamiento-the-ultra-lift-serum\/"},"author":{"name":"xavier","@id":"https:\/\/www.infarma.es\/en\/#\/schema\/person\/e53486dc47606cc5c89217026a8a01a7"},"headline":"Two Poles va un paso m\u00e1s all\u00e1 del retinol con su nuevo lanzamiento: The Ultra-Lift Serum","datePublished":"2025-03-22T12:03:06+00:00","mainEntityOfPage":{"@id":"https:\/\/www.infarma.es\/en\/two-poles-nuevo-lanzamiento-the-ultra-lift-serum\/"},"wordCount":627,"publisher":{"@id":"https:\/\/www.infarma.es\/en\/#organization"},"image":{"@id":"https:\/\/www.infarma.es\/en\/two-poles-nuevo-lanzamiento-the-ultra-lift-serum\/#primaryimage"},"thumbnailUrl":"https:\/\/www.infarma.es\/wp-content\/uploads\/2025\/03\/inf2025-TwoPoles-TheUltra-Lift-serum-blog.webp","articleSection":["Noticias del Sal\u00f3n"],"inLanguage":"en-US"},{"@type":"WebPage","@id":"https:\/\/www.infarma.es\/en\/two-poles-nuevo-lanzamiento-the-ultra-lift-serum\/","url":"https:\/\/www.infarma.es\/en\/two-poles-nuevo-lanzamiento-the-ultra-lift-serum\/","name":"Two Poles va un paso m\u00e1s all\u00e1 del retinol con su nuevo lanzamiento: The Ultra-Lift Serum","isPartOf":{"@id":"https:\/\/www.infarma.es\/en\/#website"},"primaryImageOfPage":{"@id":"https:\/\/www.infarma.es\/en\/two-poles-nuevo-lanzamiento-the-ultra-lift-serum\/#primaryimage"},"image":{"@id":"https:\/\/www.infarma.es\/en\/two-poles-nuevo-lanzamiento-the-ultra-lift-serum\/#primaryimage"},"thumbnailUrl":"https:\/\/www.infarma.es\/wp-content\/uploads\/2025\/03\/inf2025-TwoPoles-TheUltra-Lift-serum-blog.webp","datePublished":"2025-03-22T12:03:06+00:00","description":"Tratamiento well-aging basado en el poder de la biotecnolog\u00eda molecular con una combinaci\u00f3n de ingredientes cl\u00ednicamente probados.","breadcrumb":{"@id":"https:\/\/www.infarma.es\/en\/two-poles-nuevo-lanzamiento-the-ultra-lift-serum\/#breadcrumb"},"inLanguage":"en-US","potentialAction":[{"@type":"ReadAction","target":["https:\/\/www.infarma.es\/en\/two-poles-nuevo-lanzamiento-the-ultra-lift-serum\/"]}]},{"@type":"ImageObject","inLanguage":"en-US","@id":"https:\/\/www.infarma.es\/en\/two-poles-nuevo-lanzamiento-the-ultra-lift-serum\/#primaryimage","url":"https:\/\/www.infarma.es\/wp-content\/uploads\/2025\/03\/inf2025-TwoPoles-TheUltra-Lift-serum-blog.webp","contentUrl":"https:\/\/www.infarma.es\/wp-content\/uploads\/2025\/03\/inf2025-TwoPoles-TheUltra-Lift-serum-blog.webp","width":1600,"height":900},{"@type":"BreadcrumbList","@id":"https:\/\/www.infarma.es\/en\/two-poles-nuevo-lanzamiento-the-ultra-lift-serum\/#breadcrumb","itemListElement":[{"@type":"ListItem","position":1,"name":"Portada","item":"https:\/\/www.infarma.es\/en\/"},{"@type":"ListItem","position":2,"name":"Two Poles va un paso m\u00e1s all\u00e1 del retinol con su nuevo lanzamiento: The Ultra-Lift Serum"}]},{"@type":"WebSite","@id":"https:\/\/www.infarma.es\/en\/#website","url":"https:\/\/www.infarma.es\/en\/","name":"Infarma","description":"El mayor encuentro de farmacia","publisher":{"@id":"https:\/\/www.infarma.es\/en\/#organization"},"potentialAction":[{"@type":"SearchAction","target":{"@type":"EntryPoint","urlTemplate":"https:\/\/www.infarma.es\/en\/?s={search_term_string}"},"query-input":{"@type":"PropertyValueSpecification","valueRequired":true,"valueName":"search_term_string"}}],"inLanguage":"en-US"},{"@type":"Organization","@id":"https:\/\/www.infarma.es\/en\/#organization","name":"Infarma","url":"https:\/\/www.infarma.es\/en\/","logo":{"@type":"ImageObject","inLanguage":"en-US","@id":"https:\/\/www.infarma.es\/en\/#\/schema\/logo\/image\/","url":"https:\/\/www.infarma.es\/wp-content\/uploads\/2024\/10\/logo-simple.svg","contentUrl":"https:\/\/www.infarma.es\/wp-content\/uploads\/2024\/10\/logo-simple.svg","width":1,"height":1,"caption":"Infarma"},"image":{"@id":"https:\/\/www.infarma.es\/en\/#\/schema\/logo\/image\/"},"sameAs":["https:\/\/www.facebook.com\/infarmaoficial\/","https:\/\/x.com\/infarma_es","https:\/\/www.instagram.com\/infarma_oficial\/","https:\/\/www.linkedin.com\/showcase\/infarma-salon\/","https:\/\/www.youtube.com\/@INFARMAOFICIAL"]},{"@type":"Person","@id":"https:\/\/www.infarma.es\/en\/#\/schema\/person\/e53486dc47606cc5c89217026a8a01a7","name":"xavier","image":{"@type":"ImageObject","inLanguage":"en-US","@id":"https:\/\/secure.gravatar.com\/avatar\/9014b89254123c1f240ae636cc793b98ce50ec2df162909756be1d23adc503e4?s=96&d=mm&r=g","url":"https:\/\/secure.gravatar.com\/avatar\/9014b89254123c1f240ae636cc793b98ce50ec2df162909756be1d23adc503e4?s=96&d=mm&r=g","contentUrl":"https:\/\/secure.gravatar.com\/avatar\/9014b89254123c1f240ae636cc793b98ce50ec2df162909756be1d23adc503e4?s=96&d=mm&r=g","caption":"xavier"},"url":"https:\/\/www.infarma.es\/en\/author\/xavier\/"}]}},"_links":{"self":[{"href":"https:\/\/www.infarma.es\/en\/wp-json\/wp\/v2\/posts\/19324","targetHints":{"allow":["GET"]}}],"collection":[{"href":"https:\/\/www.infarma.es\/en\/wp-json\/wp\/v2\/posts"}],"about":[{"href":"https:\/\/www.infarma.es\/en\/wp-json\/wp\/v2\/types\/post"}],"author":[{"embeddable":true,"href":"https:\/\/www.infarma.es\/en\/wp-json\/wp\/v2\/users\/2"}],"replies":[{"embeddable":true,"href":"https:\/\/www.infarma.es\/en\/wp-json\/wp\/v2\/comments?post=19324"}],"version-history":[{"count":2,"href":"https:\/\/www.infarma.es\/en\/wp-json\/wp\/v2\/posts\/19324\/revisions"}],"predecessor-version":[{"id":19329,"href":"https:\/\/www.infarma.es\/en\/wp-json\/wp\/v2\/posts\/19324\/revisions\/19329"}],"wp:featuredmedia":[{"embeddable":true,"href":"https:\/\/www.infarma.es\/en\/wp-json\/wp\/v2\/media\/19325"}],"wp:attachment":[{"href":"https:\/\/www.infarma.es\/en\/wp-json\/wp\/v2\/media?parent=19324"}],"wp:term":[{"taxonomy":"category","embeddable":true,"href":"https:\/\/www.infarma.es\/en\/wp-json\/wp\/v2\/categories?post=19324"},{"taxonomy":"post_tag","embeddable":true,"href":"https:\/\/www.infarma.es\/en\/wp-json\/wp\/v2\/tags?post=19324"}],"curies":[{"name":"wp","href":"https:\/\/api.w.org\/{rel}","templated":true}]}}