{"id":19341,"date":"2025-03-23T23:33:22","date_gmt":"2025-03-23T22:33:22","guid":{"rendered":"https:\/\/www.infarma.es\/?p=19341"},"modified":"2025-03-23T23:33:47","modified_gmt":"2025-03-23T22:33:47","slug":"cbnk-antes-bancofar-mas-60-anios-banca-referente-sector-farmaceutico","status":"publish","type":"post","link":"https:\/\/www.infarma.es\/en\/cbnk-antes-bancofar-mas-60-anios-banca-referente-sector-farmaceutico\/","title":{"rendered":"CBNK, antes Bancofar, m\u00e1s de 60 a\u00f1os como banca referente para el sector farmac\u00e9utico"},"content":{"rendered":"\n<p>Ahora como <a href=\"http:\/\/www.cbnk.es\" target=\"_blank\" rel=\"noreferrer noopener\">CBNK<\/a>, la banca para los profesionales esenciales, reafirmamos nuestro compromiso con el sector farmac\u00e9utico con la presentaci\u00f3n en Infarma del nuevo <a href=\"https:\/\/cbnk.es\/salud\/depositos\/deposito-farma\" target=\"_blank\" rel=\"noreferrer noopener\">Dep\u00f3sito Farma<\/a>, un producto de alta rentabilidad.<\/p>\n\n\n\n<p>Con el 45% de cuota de mercado en la financiaci\u00f3n de las compraventas de farmacias, CBNK estar\u00e1 presente en el <a href=\"https:\/\/app.infarma.es\/infarma2025\/es\/expo\/?_gl=1*1m3s49u*_up*MQ..*_ga*MTYwOTkwNjU2OC4xNzQxOTU3NzE0*_ga_GLJ55GT85M*MTc0MTk1NzcxMy4xLjAuMTc0MTk1NzcxMy4wLjAuMA..\" target=\"_blank\" rel=\"noreferrer noopener\">stand E44<\/a>, donde escucharemos las necesidades y expectativas de los farmac\u00e9uticos asistentes. Nuestro objetivo es seguir ayud\u00e1ndote, asesor\u00e1ndote y adaptando nuestras soluciones financieras a lo largo de tu trayectoria, desde que finalices tus estudios de Farmacia hasta que decidas jubilarte. Siempre contigo.<\/p>\n\n\n\n<p><strong>Expertos en las necesidades del sector y de sus profesionales<\/strong><\/p>\n\n\n\n<p>CBNK, desde 1964 y bajo la marca Bancofar, ya ofrec\u00eda <a href=\"https:\/\/www.youtube.com\/watch?v=92p2Kdl9Ros&amp;t=11s\" target=\"_blank\" rel=\"noreferrer noopener\">soluciones<\/a> a un sector que hoy cuenta con m\u00e1s 88.000 farmac\u00e9uticos en Espa\u00f1a. Somos un banco experto en la operativa de las farmacias y en las necesidades de sus profesionales.<\/p>\n\n\n\n<p>Estar pegados al d\u00eda a d\u00eda de las oficinas de farmacia y conocer sus Colegios Oficiales, con los que mantenemos acuerdos que renovamos recurrentemente, nos proporciona informaci\u00f3n de gran calidad sobre los servicios y productos que podemos brindar. Somos expertos en farmacias, en su financiaci\u00f3n, su operativa -este a\u00f1o habr\u00e1 nuevas aperturas en Castilla-La Mancha y Andaluc\u00eda-, as\u00ed como en asesorar al profesional farmac\u00e9utico en sus necesidades personales en todo su ciclo vital.<\/p>\n\n\n\n<p>Conocer de primera mano las <a href=\"https:\/\/www.youtube.com\/watch?v=LUW9-OI-SeQ&amp;t=7s\" target=\"_blank\" rel=\"noreferrer noopener\">expectativas<\/a> de los farmac\u00e9uticos, nos capacita para detectar la carencia de informaci\u00f3n financiera de la que adolece el sector. Para abordarla, impartimos formaciones en las que tratamos las necesidades financieras del farmac\u00e9utico, c\u00f3mo cubrirlas y c\u00f3mo optimizar los recursos a trav\u00e9s de un an\u00e1lisis individualizado de cada caso.<\/p>\n\n\n\n<p>En este contexto, CBNK es consciente de las responsabilidades que aborda el farmac\u00e9utico, de cara por ejemplo al pago de las cuotas de los pr\u00e9stamos, y crea soluciones para poder cubrir estas y otras necesidades no solo en el corto, tambi\u00e9n en el largo plazo.<\/p>\n\n\n\n<p><strong>Productos y servicios pensados para los farmac\u00e9uticos<\/strong><\/p>\n\n\n\n<p>Adem\u00e1s de dep\u00f3sitos de alta rentabilidad, como el <a href=\"https:\/\/cbnk.es\/salud\/depositos\/deposito-farma\" target=\"_blank\" rel=\"noreferrer noopener\">Dep\u00f3sito Farma<\/a>, CBNK ofrece opciones de inversi\u00f3n muy atractivas para los farmac\u00e9uticos, como el Plan de Pensiones de Empleo Simplificado <a href=\"https:\/\/cbnk.es\/personas\/planes-de-pensiones\/PPES-futuro-salud\" target=\"_blank\" rel=\"noreferrer noopener\">CBNK Futuro Salud<\/a>, para planificar la jubilaci\u00f3n de los farmac\u00e9uticos aut\u00f3nomos o como el <a href=\"https:\/\/cbnk.es\/salud\/depositos\/deposito-nomina\" target=\"_blank\" rel=\"noreferrer noopener\">Dep\u00f3sito N\u00f3mina<\/a>.<\/p>\n\n\n\n<p>Del mismo modo, contamos con un servicio de banca privada, , que ofrece un asesoramiento patrimonial experto, adaptado a las necesidades de inversi\u00f3n de nuestros clientes farmac\u00e9uticos, construyendo para cada cliente carteras a medida que se adecuen a sus objetivos y a su perfil de riesgo.<\/p>\n\n\n\n<p>A trav\u00e9s de nuestra red de oficinas, brindamos la posibilidad de analizar la compraventa de la farmacia y el acceso a la financiaci\u00f3n. Adem\u00e1s, nuestros gestores personales acompa\u00f1an a cada profesional de farmacia en su operativa diaria, en el asesoramiento sobre las mejores soluciones de financiaci\u00f3n e inversi\u00f3n y en el seguimiento de sus inversiones.<\/p>\n\n\n\n<p><strong>Soluciones personalizadas para las necesidades de los profesionales<\/strong><\/p>\n\n\n\n<p>Tras un an\u00e1lisis exhaustivo del sector, en CBNK hemos identificado una serie de necesidades clave. Entre ellas, destacamos:<\/p>\n\n\n\n<ul class=\"wp-block-list\">\n<li><strong>P\u00f3lizas de cr\u00e9dito a distintos plazos y con precios muy interesantes<\/strong>, para financiar las necesidades \u00a0de la actividad diaria del farmac\u00e9utico.<\/li>\n\n\n\n<li><strong>Servicio de recogida y cambio de dinero<\/strong>, que permite al farmac\u00e9utico despreocuparse del transporte de efectivo al banco.<\/li>\n\n\n\n<li><strong>Opciones de financiaci\u00f3n adaptadas<\/strong> a cada momento del desarrollo de la farmacia.<\/li>\n\n\n\n<li>Adem\u00e1s, en CBNK, somos conscientes de la importancia de tener una buena cobertura de todos los riesgos que se pueden presentar. Es fundamental contar con <strong>un buen seguro de multirriesgo farmacia<\/strong>, por lo que ponemos a disposici\u00f3n de los farmac\u00e9uticos distintas soluciones de la mano de las mejores aseguradoras del mercado.<\/li>\n<\/ul>\n\n\n\n<p><strong>Asesoramiento experto a lo largo del proceso de compra o apertura de farmacias<\/strong><\/p>\n\n\n\n<p>Contamos con gestores expertos que acompa\u00f1an al farmac\u00e9utico en la compra de la oficina de farmacia y en la gesti\u00f3n del d\u00eda a d\u00eda. En ese asesoramiento, destacamos el an\u00e1lisis de la operaci\u00f3n desde un punto de vista global: no solo consideramos los tipos de inter\u00e9s, sino tambi\u00e9n tenemos en cuenta otros aspectos relevantes como el plazo y los servicios que va a precisar la farmacia durante el d\u00eda a d\u00eda para el mejor desarrollo de su actividad.<\/p>\n\n\n\n<p><strong>Una mirada hacia el progreso y la igualdad<\/strong><\/p>\n\n\n\n<p>Como parte de nuestro compromiso con la igualdad de oportunidades y el apoyo a las mujeres farmac\u00e9uticas, <a href=\"file:\/\/\/C:\/Users\/pgarcia\/Downloads\/NdP.-%2520El%2520BEI%2520y%2520CBNK%2520lanzan%2520una%2520iniciativa%2520pionera%2520para%2520apoyar%2520a%2520emprendedoras%2520(006)%2520(2).pdf\" target=\"_blank\" rel=\"noreferrer noopener\">CBNK ha firmado un acuerdo pionero con el Banco Europeo de Inversiones (BEI)<\/a> para promover el emprendimiento femenino con una inversi\u00f3n de 150 millones de euros.<\/p>\n\n\n\n<p>Gracias al logro de este hito en Europa, las farmac\u00e9uticas espa\u00f1olas tendr\u00e1n la posibilidad de crecer y fortalecer su liderazgo en el sector, a trav\u00e9s del acceso a pr\u00e9stamos personalizados para expandir sus negocios, ya sea en la compra de licencias o modernizaci\u00f3n de sus instalaciones.<\/p>\n","protected":false},"excerpt":{"rendered":"<p>Ahora como CBNK, la banca para los profesionales esenciales, reafirmamos nuestro compromiso con el sector farmac\u00e9utico con la presentaci\u00f3n en Infarma del nuevo Dep\u00f3sito Farma, un producto de alta rentabilidad. Con el 45% de cuota de mercado en la financiaci\u00f3n de las compraventas de farmacias, CBNK estar\u00e1 presente en el stand E44, donde escucharemos las [&hellip;]<\/p>\n","protected":false},"author":2,"featured_media":19342,"comment_status":"closed","ping_status":"open","sticky":false,"template":"","format":"standard","meta":{"footnotes":""},"categories":[141],"tags":[],"class_list":["post-19341","post","type-post","status-publish","format-standard","has-post-thumbnail","hentry","category-noticias-del-salon"],"yoast_head":"<!-- This site is optimized with the Yoast SEO plugin v27.4 - https:\/\/yoast.com\/product\/yoast-seo-wordpress\/ -->\n<title>CBNK, antes Bancofar, m\u00e1s de 60 a\u00f1os como banca referente para el sector farmac\u00e9utico<\/title>\n<meta name=\"description\" content=\"CBNK estar\u00e1 presente en el stand E44, donde escucharemos las necesidades y expectativas de los farmac\u00e9uticos asistentes.\" \/>\n<meta name=\"robots\" content=\"index, follow, max-snippet:-1, max-image-preview:large, max-video-preview:-1\" \/>\n<link rel=\"canonical\" href=\"https:\/\/www.infarma.es\/en\/cbnk-antes-bancofar-mas-60-anios-banca-referente-sector-farmaceutico\/\" \/>\n<meta property=\"og:locale\" content=\"en_US\" \/>\n<meta property=\"og:type\" content=\"article\" \/>\n<meta property=\"og:title\" content=\"CBNK, antes Bancofar, m\u00e1s de 60 a\u00f1os como banca referente para el sector farmac\u00e9utico\" \/>\n<meta property=\"og:description\" content=\"CBNK estar\u00e1 presente en el stand E44, donde escucharemos las necesidades y expectativas de los farmac\u00e9uticos asistentes.\" \/>\n<meta property=\"og:url\" content=\"https:\/\/www.infarma.es\/en\/cbnk-antes-bancofar-mas-60-anios-banca-referente-sector-farmaceutico\/\" \/>\n<meta property=\"og:site_name\" content=\"Infarma\" \/>\n<meta property=\"article:publisher\" content=\"https:\/\/www.facebook.com\/infarmaoficial\/\" \/>\n<meta property=\"article:published_time\" content=\"2025-03-23T22:33:22+00:00\" \/>\n<meta property=\"article:modified_time\" content=\"2025-03-23T22:33:47+00:00\" \/>\n<meta property=\"og:image\" content=\"https:\/\/www.infarma.es\/wp-content\/uploads\/2025\/03\/inf2025-CBNK-JMGarciaConde.webp\" \/>\n\t<meta property=\"og:image:width\" content=\"1600\" \/>\n\t<meta property=\"og:image:height\" content=\"900\" \/>\n\t<meta property=\"og:image:type\" content=\"image\/webp\" \/>\n<meta name=\"author\" content=\"xavier\" \/>\n<meta name=\"twitter:card\" content=\"summary_large_image\" \/>\n<meta name=\"twitter:creator\" content=\"@infarma_es\" \/>\n<meta name=\"twitter:site\" content=\"@infarma_es\" \/>\n<meta name=\"twitter:label1\" content=\"Written by\" \/>\n\t<meta name=\"twitter:data1\" content=\"xavier\" \/>\n\t<meta name=\"twitter:label2\" content=\"Est. reading time\" \/>\n\t<meta name=\"twitter:data2\" content=\"4 minutes\" \/>\n<script type=\"application\/ld+json\" class=\"yoast-schema-graph\">{\"@context\":\"https:\\\/\\\/schema.org\",\"@graph\":[{\"@type\":\"Article\",\"@id\":\"https:\\\/\\\/www.infarma.es\\\/en\\\/cbnk-antes-bancofar-mas-60-anios-banca-referente-sector-farmaceutico\\\/#article\",\"isPartOf\":{\"@id\":\"https:\\\/\\\/www.infarma.es\\\/en\\\/cbnk-antes-bancofar-mas-60-anios-banca-referente-sector-farmaceutico\\\/\"},\"author\":{\"name\":\"xavier\",\"@id\":\"https:\\\/\\\/www.infarma.es\\\/en\\\/#\\\/schema\\\/person\\\/e53486dc47606cc5c89217026a8a01a7\"},\"headline\":\"CBNK, antes Bancofar, m\u00e1s de 60 a\u00f1os como banca referente para el sector farmac\u00e9utico\",\"datePublished\":\"2025-03-23T22:33:22+00:00\",\"dateModified\":\"2025-03-23T22:33:47+00:00\",\"mainEntityOfPage\":{\"@id\":\"https:\\\/\\\/www.infarma.es\\\/en\\\/cbnk-antes-bancofar-mas-60-anios-banca-referente-sector-farmaceutico\\\/\"},\"wordCount\":867,\"publisher\":{\"@id\":\"https:\\\/\\\/www.infarma.es\\\/en\\\/#organization\"},\"image\":{\"@id\":\"https:\\\/\\\/www.infarma.es\\\/en\\\/cbnk-antes-bancofar-mas-60-anios-banca-referente-sector-farmaceutico\\\/#primaryimage\"},\"thumbnailUrl\":\"https:\\\/\\\/www.infarma.es\\\/wp-content\\\/uploads\\\/2025\\\/03\\\/inf2025-CBNK-JMGarciaConde.webp\",\"articleSection\":[\"Noticias del Sal\u00f3n\"],\"inLanguage\":\"en-US\"},{\"@type\":\"WebPage\",\"@id\":\"https:\\\/\\\/www.infarma.es\\\/en\\\/cbnk-antes-bancofar-mas-60-anios-banca-referente-sector-farmaceutico\\\/\",\"url\":\"https:\\\/\\\/www.infarma.es\\\/en\\\/cbnk-antes-bancofar-mas-60-anios-banca-referente-sector-farmaceutico\\\/\",\"name\":\"CBNK, antes Bancofar, m\u00e1s de 60 a\u00f1os como banca referente para el sector farmac\u00e9utico\",\"isPartOf\":{\"@id\":\"https:\\\/\\\/www.infarma.es\\\/en\\\/#website\"},\"primaryImageOfPage\":{\"@id\":\"https:\\\/\\\/www.infarma.es\\\/en\\\/cbnk-antes-bancofar-mas-60-anios-banca-referente-sector-farmaceutico\\\/#primaryimage\"},\"image\":{\"@id\":\"https:\\\/\\\/www.infarma.es\\\/en\\\/cbnk-antes-bancofar-mas-60-anios-banca-referente-sector-farmaceutico\\\/#primaryimage\"},\"thumbnailUrl\":\"https:\\\/\\\/www.infarma.es\\\/wp-content\\\/uploads\\\/2025\\\/03\\\/inf2025-CBNK-JMGarciaConde.webp\",\"datePublished\":\"2025-03-23T22:33:22+00:00\",\"dateModified\":\"2025-03-23T22:33:47+00:00\",\"description\":\"CBNK estar\u00e1 presente en el stand E44, donde escucharemos las necesidades y expectativas de los farmac\u00e9uticos asistentes.\",\"breadcrumb\":{\"@id\":\"https:\\\/\\\/www.infarma.es\\\/en\\\/cbnk-antes-bancofar-mas-60-anios-banca-referente-sector-farmaceutico\\\/#breadcrumb\"},\"inLanguage\":\"en-US\",\"potentialAction\":[{\"@type\":\"ReadAction\",\"target\":[\"https:\\\/\\\/www.infarma.es\\\/en\\\/cbnk-antes-bancofar-mas-60-anios-banca-referente-sector-farmaceutico\\\/\"]}]},{\"@type\":\"ImageObject\",\"inLanguage\":\"en-US\",\"@id\":\"https:\\\/\\\/www.infarma.es\\\/en\\\/cbnk-antes-bancofar-mas-60-anios-banca-referente-sector-farmaceutico\\\/#primaryimage\",\"url\":\"https:\\\/\\\/www.infarma.es\\\/wp-content\\\/uploads\\\/2025\\\/03\\\/inf2025-CBNK-JMGarciaConde.webp\",\"contentUrl\":\"https:\\\/\\\/www.infarma.es\\\/wp-content\\\/uploads\\\/2025\\\/03\\\/inf2025-CBNK-JMGarciaConde.webp\",\"width\":1600,\"height\":900},{\"@type\":\"BreadcrumbList\",\"@id\":\"https:\\\/\\\/www.infarma.es\\\/en\\\/cbnk-antes-bancofar-mas-60-anios-banca-referente-sector-farmaceutico\\\/#breadcrumb\",\"itemListElement\":[{\"@type\":\"ListItem\",\"position\":1,\"name\":\"Portada\",\"item\":\"https:\\\/\\\/www.infarma.es\\\/en\\\/\"},{\"@type\":\"ListItem\",\"position\":2,\"name\":\"CBNK, antes Bancofar, m\u00e1s de 60 a\u00f1os como banca referente para el sector farmac\u00e9utico\"}]},{\"@type\":\"WebSite\",\"@id\":\"https:\\\/\\\/www.infarma.es\\\/en\\\/#website\",\"url\":\"https:\\\/\\\/www.infarma.es\\\/en\\\/\",\"name\":\"Infarma\",\"description\":\"El mayor encuentro de farmacia\",\"publisher\":{\"@id\":\"https:\\\/\\\/www.infarma.es\\\/en\\\/#organization\"},\"potentialAction\":[{\"@type\":\"SearchAction\",\"target\":{\"@type\":\"EntryPoint\",\"urlTemplate\":\"https:\\\/\\\/www.infarma.es\\\/en\\\/?s={search_term_string}\"},\"query-input\":{\"@type\":\"PropertyValueSpecification\",\"valueRequired\":true,\"valueName\":\"search_term_string\"}}],\"inLanguage\":\"en-US\"},{\"@type\":\"Organization\",\"@id\":\"https:\\\/\\\/www.infarma.es\\\/en\\\/#organization\",\"name\":\"Infarma\",\"url\":\"https:\\\/\\\/www.infarma.es\\\/en\\\/\",\"logo\":{\"@type\":\"ImageObject\",\"inLanguage\":\"en-US\",\"@id\":\"https:\\\/\\\/www.infarma.es\\\/en\\\/#\\\/schema\\\/logo\\\/image\\\/\",\"url\":\"https:\\\/\\\/www.infarma.es\\\/wp-content\\\/uploads\\\/2024\\\/10\\\/logo-simple.svg\",\"contentUrl\":\"https:\\\/\\\/www.infarma.es\\\/wp-content\\\/uploads\\\/2024\\\/10\\\/logo-simple.svg\",\"width\":1,\"height\":1,\"caption\":\"Infarma\"},\"image\":{\"@id\":\"https:\\\/\\\/www.infarma.es\\\/en\\\/#\\\/schema\\\/logo\\\/image\\\/\"},\"sameAs\":[\"https:\\\/\\\/www.facebook.com\\\/infarmaoficial\\\/\",\"https:\\\/\\\/x.com\\\/infarma_es\",\"https:\\\/\\\/www.instagram.com\\\/infarma_oficial\\\/\",\"https:\\\/\\\/www.linkedin.com\\\/showcase\\\/infarma-salon\\\/\",\"https:\\\/\\\/www.youtube.com\\\/@INFARMAOFICIAL\"]},{\"@type\":\"Person\",\"@id\":\"https:\\\/\\\/www.infarma.es\\\/en\\\/#\\\/schema\\\/person\\\/e53486dc47606cc5c89217026a8a01a7\",\"name\":\"xavier\",\"image\":{\"@type\":\"ImageObject\",\"inLanguage\":\"en-US\",\"@id\":\"https:\\\/\\\/secure.gravatar.com\\\/avatar\\\/9014b89254123c1f240ae636cc793b98ce50ec2df162909756be1d23adc503e4?s=96&d=mm&r=g\",\"url\":\"https:\\\/\\\/secure.gravatar.com\\\/avatar\\\/9014b89254123c1f240ae636cc793b98ce50ec2df162909756be1d23adc503e4?s=96&d=mm&r=g\",\"contentUrl\":\"https:\\\/\\\/secure.gravatar.com\\\/avatar\\\/9014b89254123c1f240ae636cc793b98ce50ec2df162909756be1d23adc503e4?s=96&d=mm&r=g\",\"caption\":\"xavier\"},\"url\":\"https:\\\/\\\/www.infarma.es\\\/en\\\/author\\\/xavier\\\/\"}]}<\/script>\n<!-- \/ Yoast SEO plugin. -->","yoast_head_json":{"title":"CBNK, antes Bancofar, m\u00e1s de 60 a\u00f1os como banca referente para el sector farmac\u00e9utico","description":"CBNK estar\u00e1 presente en el stand E44, donde escucharemos las necesidades y expectativas de los farmac\u00e9uticos asistentes.","robots":{"index":"index","follow":"follow","max-snippet":"max-snippet:-1","max-image-preview":"max-image-preview:large","max-video-preview":"max-video-preview:-1"},"canonical":"https:\/\/www.infarma.es\/en\/cbnk-antes-bancofar-mas-60-anios-banca-referente-sector-farmaceutico\/","og_locale":"en_US","og_type":"article","og_title":"CBNK, antes Bancofar, m\u00e1s de 60 a\u00f1os como banca referente para el sector farmac\u00e9utico","og_description":"CBNK estar\u00e1 presente en el stand E44, donde escucharemos las necesidades y expectativas de los farmac\u00e9uticos asistentes.","og_url":"https:\/\/www.infarma.es\/en\/cbnk-antes-bancofar-mas-60-anios-banca-referente-sector-farmaceutico\/","og_site_name":"Infarma","article_publisher":"https:\/\/www.facebook.com\/infarmaoficial\/","article_published_time":"2025-03-23T22:33:22+00:00","article_modified_time":"2025-03-23T22:33:47+00:00","og_image":[{"width":1600,"height":900,"url":"https:\/\/www.infarma.es\/wp-content\/uploads\/2025\/03\/inf2025-CBNK-JMGarciaConde.webp","type":"image\/webp"}],"author":"xavier","twitter_card":"summary_large_image","twitter_creator":"@infarma_es","twitter_site":"@infarma_es","twitter_misc":{"Written by":"xavier","Est. reading time":"4 minutes"},"schema":{"@context":"https:\/\/schema.org","@graph":[{"@type":"Article","@id":"https:\/\/www.infarma.es\/en\/cbnk-antes-bancofar-mas-60-anios-banca-referente-sector-farmaceutico\/#article","isPartOf":{"@id":"https:\/\/www.infarma.es\/en\/cbnk-antes-bancofar-mas-60-anios-banca-referente-sector-farmaceutico\/"},"author":{"name":"xavier","@id":"https:\/\/www.infarma.es\/en\/#\/schema\/person\/e53486dc47606cc5c89217026a8a01a7"},"headline":"CBNK, antes Bancofar, m\u00e1s de 60 a\u00f1os como banca referente para el sector farmac\u00e9utico","datePublished":"2025-03-23T22:33:22+00:00","dateModified":"2025-03-23T22:33:47+00:00","mainEntityOfPage":{"@id":"https:\/\/www.infarma.es\/en\/cbnk-antes-bancofar-mas-60-anios-banca-referente-sector-farmaceutico\/"},"wordCount":867,"publisher":{"@id":"https:\/\/www.infarma.es\/en\/#organization"},"image":{"@id":"https:\/\/www.infarma.es\/en\/cbnk-antes-bancofar-mas-60-anios-banca-referente-sector-farmaceutico\/#primaryimage"},"thumbnailUrl":"https:\/\/www.infarma.es\/wp-content\/uploads\/2025\/03\/inf2025-CBNK-JMGarciaConde.webp","articleSection":["Noticias del Sal\u00f3n"],"inLanguage":"en-US"},{"@type":"WebPage","@id":"https:\/\/www.infarma.es\/en\/cbnk-antes-bancofar-mas-60-anios-banca-referente-sector-farmaceutico\/","url":"https:\/\/www.infarma.es\/en\/cbnk-antes-bancofar-mas-60-anios-banca-referente-sector-farmaceutico\/","name":"CBNK, antes Bancofar, m\u00e1s de 60 a\u00f1os como banca referente para el sector farmac\u00e9utico","isPartOf":{"@id":"https:\/\/www.infarma.es\/en\/#website"},"primaryImageOfPage":{"@id":"https:\/\/www.infarma.es\/en\/cbnk-antes-bancofar-mas-60-anios-banca-referente-sector-farmaceutico\/#primaryimage"},"image":{"@id":"https:\/\/www.infarma.es\/en\/cbnk-antes-bancofar-mas-60-anios-banca-referente-sector-farmaceutico\/#primaryimage"},"thumbnailUrl":"https:\/\/www.infarma.es\/wp-content\/uploads\/2025\/03\/inf2025-CBNK-JMGarciaConde.webp","datePublished":"2025-03-23T22:33:22+00:00","dateModified":"2025-03-23T22:33:47+00:00","description":"CBNK estar\u00e1 presente en el stand E44, donde escucharemos las necesidades y expectativas de los farmac\u00e9uticos asistentes.","breadcrumb":{"@id":"https:\/\/www.infarma.es\/en\/cbnk-antes-bancofar-mas-60-anios-banca-referente-sector-farmaceutico\/#breadcrumb"},"inLanguage":"en-US","potentialAction":[{"@type":"ReadAction","target":["https:\/\/www.infarma.es\/en\/cbnk-antes-bancofar-mas-60-anios-banca-referente-sector-farmaceutico\/"]}]},{"@type":"ImageObject","inLanguage":"en-US","@id":"https:\/\/www.infarma.es\/en\/cbnk-antes-bancofar-mas-60-anios-banca-referente-sector-farmaceutico\/#primaryimage","url":"https:\/\/www.infarma.es\/wp-content\/uploads\/2025\/03\/inf2025-CBNK-JMGarciaConde.webp","contentUrl":"https:\/\/www.infarma.es\/wp-content\/uploads\/2025\/03\/inf2025-CBNK-JMGarciaConde.webp","width":1600,"height":900},{"@type":"BreadcrumbList","@id":"https:\/\/www.infarma.es\/en\/cbnk-antes-bancofar-mas-60-anios-banca-referente-sector-farmaceutico\/#breadcrumb","itemListElement":[{"@type":"ListItem","position":1,"name":"Portada","item":"https:\/\/www.infarma.es\/en\/"},{"@type":"ListItem","position":2,"name":"CBNK, antes Bancofar, m\u00e1s de 60 a\u00f1os como banca referente para el sector farmac\u00e9utico"}]},{"@type":"WebSite","@id":"https:\/\/www.infarma.es\/en\/#website","url":"https:\/\/www.infarma.es\/en\/","name":"Infarma","description":"El mayor encuentro de farmacia","publisher":{"@id":"https:\/\/www.infarma.es\/en\/#organization"},"potentialAction":[{"@type":"SearchAction","target":{"@type":"EntryPoint","urlTemplate":"https:\/\/www.infarma.es\/en\/?s={search_term_string}"},"query-input":{"@type":"PropertyValueSpecification","valueRequired":true,"valueName":"search_term_string"}}],"inLanguage":"en-US"},{"@type":"Organization","@id":"https:\/\/www.infarma.es\/en\/#organization","name":"Infarma","url":"https:\/\/www.infarma.es\/en\/","logo":{"@type":"ImageObject","inLanguage":"en-US","@id":"https:\/\/www.infarma.es\/en\/#\/schema\/logo\/image\/","url":"https:\/\/www.infarma.es\/wp-content\/uploads\/2024\/10\/logo-simple.svg","contentUrl":"https:\/\/www.infarma.es\/wp-content\/uploads\/2024\/10\/logo-simple.svg","width":1,"height":1,"caption":"Infarma"},"image":{"@id":"https:\/\/www.infarma.es\/en\/#\/schema\/logo\/image\/"},"sameAs":["https:\/\/www.facebook.com\/infarmaoficial\/","https:\/\/x.com\/infarma_es","https:\/\/www.instagram.com\/infarma_oficial\/","https:\/\/www.linkedin.com\/showcase\/infarma-salon\/","https:\/\/www.youtube.com\/@INFARMAOFICIAL"]},{"@type":"Person","@id":"https:\/\/www.infarma.es\/en\/#\/schema\/person\/e53486dc47606cc5c89217026a8a01a7","name":"xavier","image":{"@type":"ImageObject","inLanguage":"en-US","@id":"https:\/\/secure.gravatar.com\/avatar\/9014b89254123c1f240ae636cc793b98ce50ec2df162909756be1d23adc503e4?s=96&d=mm&r=g","url":"https:\/\/secure.gravatar.com\/avatar\/9014b89254123c1f240ae636cc793b98ce50ec2df162909756be1d23adc503e4?s=96&d=mm&r=g","contentUrl":"https:\/\/secure.gravatar.com\/avatar\/9014b89254123c1f240ae636cc793b98ce50ec2df162909756be1d23adc503e4?s=96&d=mm&r=g","caption":"xavier"},"url":"https:\/\/www.infarma.es\/en\/author\/xavier\/"}]}},"_links":{"self":[{"href":"https:\/\/www.infarma.es\/en\/wp-json\/wp\/v2\/posts\/19341","targetHints":{"allow":["GET"]}}],"collection":[{"href":"https:\/\/www.infarma.es\/en\/wp-json\/wp\/v2\/posts"}],"about":[{"href":"https:\/\/www.infarma.es\/en\/wp-json\/wp\/v2\/types\/post"}],"author":[{"embeddable":true,"href":"https:\/\/www.infarma.es\/en\/wp-json\/wp\/v2\/users\/2"}],"replies":[{"embeddable":true,"href":"https:\/\/www.infarma.es\/en\/wp-json\/wp\/v2\/comments?post=19341"}],"version-history":[{"count":3,"href":"https:\/\/www.infarma.es\/en\/wp-json\/wp\/v2\/posts\/19341\/revisions"}],"predecessor-version":[{"id":19347,"href":"https:\/\/www.infarma.es\/en\/wp-json\/wp\/v2\/posts\/19341\/revisions\/19347"}],"wp:featuredmedia":[{"embeddable":true,"href":"https:\/\/www.infarma.es\/en\/wp-json\/wp\/v2\/media\/19342"}],"wp:attachment":[{"href":"https:\/\/www.infarma.es\/en\/wp-json\/wp\/v2\/media?parent=19341"}],"wp:term":[{"taxonomy":"category","embeddable":true,"href":"https:\/\/www.infarma.es\/en\/wp-json\/wp\/v2\/categories?post=19341"},{"taxonomy":"post_tag","embeddable":true,"href":"https:\/\/www.infarma.es\/en\/wp-json\/wp\/v2\/tags?post=19341"}],"curies":[{"name":"wp","href":"https:\/\/api.w.org\/{rel}","templated":true}]}}