{"id":20241,"date":"2025-07-09T13:52:13","date_gmt":"2025-07-09T11:52:13","guid":{"rendered":"https:\/\/www.infarma.es\/?p=20241"},"modified":"2025-07-09T16:05:35","modified_gmt":"2025-07-09T14:05:35","slug":"medd-design-infarma-2025-balance-positivo-mirada-puesta-infarma-madrid-2026","status":"publish","type":"post","link":"https:\/\/www.infarma.es\/en\/medd-design-infarma-2025-balance-positivo-mirada-puesta-infarma-madrid-2026\/","title":{"rendered":"Infarma 2025: balance positivo y mirada puesta en Infarma 2026 en Madrid"},"content":{"rendered":"\n<p>Medd Design particip\u00f3 en Infarma 2025 en Barcelona, reafirmando su compromiso con la innovaci\u00f3n, la proximidad al sector farmac\u00e9utico y la excelencia en la ejecuci\u00f3n de proyectos t\u00e9cnicos y comerciales. Este evento, que reuni\u00f3 a miles de profesionales de la salud y representantes de la industria farmac\u00e9utica europea, supuso una oportunidad estrat\u00e9gica para consolidar relaciones, presentar nuevas soluciones y recabar perspectivas relevantes para el futuro del sector.<\/p>\n\n\n\n<p>Con m\u00e1s de 23 a\u00f1os de experiencia en el dise\u00f1o, la ingenier\u00eda y la ejecuci\u00f3n de espacios de salud, Medd Design present\u00f3 en Infarma una propuesta basada en el rigor t\u00e9cnico, la adaptabilidad a las exigencias del mercado y la rentabilidad de la inversi\u00f3n para sus clientes. El stand, de dise\u00f1o funcional y acogedor, mostr\u00f3 las \u00faltimas tendencias en mobiliario t\u00e9cnico, circuitos operativos optimizados, zonas de dispensaci\u00f3n automatizada y ambientes personalizados para farmacias de distintas tipolog\u00edas.<\/p>\n\n\n\n<div style=\"height:30px\" aria-hidden=\"true\" class=\"wp-block-spacer\"><\/div>\n\n\n\n<h5 class=\"wp-block-heading\">Soluciones para todo tipo de farmacia<\/h5>\n\n\n\n<div class=\"wp-block-columns is-layout-flex wp-container-core-columns-is-layout-9d6595d7 wp-block-columns-is-layout-flex\">\n<div class=\"wp-block-column is-layout-flow wp-block-column-is-layout-flow\" style=\"flex-basis:66.66%\">\n<p>Uno de los hitos m\u00e1s destacados de nuestra participaci\u00f3n fue demostrar nuestra capacidad de intervenci\u00f3n en proyectos de todas las escalas: desde farmacias urbanas de reducida superficie, donde el aprovechamiento inteligente del espacio resulta cr\u00edtico, hasta instalaciones de gran tama\u00f1o con \u00e1reas de atenci\u00f3n m\u00faltiple, back-office log\u00edstico y espacios cl\u00ednicos especializados.<\/p>\n\n\n\n<p>Medd Design aborda proyectos desde cero, recalificaciones de locales, restyling de imagen corporativa, cambios de ubicaci\u00f3n y adaptaci\u00f3n a nuevos modelos de negocio \u2014 garantizando siempre un enfoque integral que abarca desde la obtenci\u00f3n de licencias y la coordinaci\u00f3n t\u00e9cnica hasta la ejecuci\u00f3n de obra y el montaje final.<\/p>\n<\/div>\n\n\n\n<div class=\"wp-block-column is-layout-flow wp-block-column-is-layout-flow\" style=\"flex-basis:33.33%\">\n<figure class=\"wp-block-image size-full\"><img loading=\"lazy\" decoding=\"async\" width=\"350\" height=\"525\" src=\"https:\/\/www.infarma.es\/wp-content\/uploads\/2025\/07\/inf2026-medd-design-proyecto-gare.webp\" alt=\"Interior de farmacia de dise\u00f1o\" class=\"wp-image-20245\" srcset=\"https:\/\/www.infarma.es\/wp-content\/uploads\/2025\/07\/inf2026-medd-design-proyecto-gare.webp 350w, https:\/\/www.infarma.es\/wp-content\/uploads\/2025\/07\/inf2026-medd-design-proyecto-gare-200x300.webp 200w\" sizes=\"auto, (max-width: 350px) 100vw, 350px\" \/><\/figure>\n<\/div>\n<\/div>\n\n\n\n<div style=\"height:30px\" aria-hidden=\"true\" class=\"wp-block-spacer\"><\/div>\n\n\n\n<div class=\"wp-block-columns is-layout-flex wp-container-core-columns-is-layout-9d6595d7 wp-block-columns-is-layout-flex\">\n<div class=\"wp-block-column is-layout-flow wp-block-column-is-layout-flow\" style=\"flex-basis:33.33%\">\n<figure class=\"wp-block-image size-full\"><img loading=\"lazy\" decoding=\"async\" width=\"350\" height=\"500\" src=\"https:\/\/www.infarma.es\/wp-content\/uploads\/2025\/07\/inf2026-medd-design-proyecto-fxavier.webp\" alt=\"Interior de farmacia de dise\u00f1o\" class=\"wp-image-20255\" srcset=\"https:\/\/www.infarma.es\/wp-content\/uploads\/2025\/07\/inf2026-medd-design-proyecto-fxavier.webp 350w, https:\/\/www.infarma.es\/wp-content\/uploads\/2025\/07\/inf2026-medd-design-proyecto-fxavier-210x300.webp 210w\" sizes=\"auto, (max-width: 350px) 100vw, 350px\" \/><\/figure>\n<\/div>\n\n\n\n<div class=\"wp-block-column is-layout-flow wp-block-column-is-layout-flow\" style=\"flex-basis:66.66%\">\n<h5 class=\"wp-block-heading\">Innovaci\u00f3n, proximidad y visi\u00f3n internacional<\/h5>\n\n\n\n<p>Con actividad activa en Portugal, Espa\u00f1a y Francia, Medd Design se distingue por su profundo conocimiento de la normativa local, su capacidad de adaptaci\u00f3n cultural y su experiencia probada en la entrega de proyectos integrados, ajustados a las exigencias espec\u00edficas de cada mercado.<\/p>\n\n\n\n<p>Nuestro equipo t\u00e9cnico y creativo trabaja de forma coordinada con las oficinas y equipos de obras en cada pa\u00eds, asegurando calidad, cumplimiento de plazos y alineaci\u00f3n con los objetivos comerciales de cada cliente.<\/p>\n<\/div>\n<\/div>\n\n\n\n<div style=\"height:30px\" aria-hidden=\"true\" class=\"wp-block-spacer\"><\/div>\n\n\n\n<h5 class=\"wp-block-heading\">Infarma 2026: Madrid como pr\u00f3ximo escenario de innovaci\u00f3n<\/h5>\n\n\n\n<p>Ya estamos preparando nuestra participaci\u00f3n en Infarma 2026, que se celebrar\u00e1 en Madrid, donde volveremos a presentar soluciones disruptivas, respaldadas por campa\u00f1as comerciales ventajosas, prototipos t\u00e9cnicos y casos de estudio de proyectos internacionales.<\/p>\n\n\n\n<p>La presencia en Madrid ser\u00e1 m\u00e1s que institucional: ser\u00e1 un punto de contacto directo para todos aquellos que deseen transformar su farmacia en un espacio m\u00e1s eficiente, acogedor y preparado para los retos de la pr\u00f3xima d\u00e9cada.<\/p>\n\n\n\n<div style=\"height:25px\" aria-hidden=\"true\" class=\"wp-block-spacer\"><\/div>\n\n\n\n<p><strong>Le invitamos a compartir con nosotros sus necesidades y proyectos. Solicite hoy mismo m\u00e1s informaci\u00f3n y estudiaremos su caso sin compromiso.<\/strong><\/p>\n\n\n\n<p>Descubre c\u00f3mo transformamos espacios en experiencias \u00fanicas. Visita nuestro sitio web en <a href=\"https:\/\/www.medd-design.com\/\" target=\"_blank\" rel=\"noreferrer noopener\">www.medd.es<\/a> y conoce m\u00e1s.<\/p>\n\n\n\n<p>Espa\u00f1a +34 910 607 251<br><a href=\"mailto:comercial@medd-design.es\" target=\"_blank\" rel=\"noreferrer noopener\">comercial@medd-design.es<\/a><\/p>\n\n\n\n<p>Social<br><a href=\"https:\/\/www.instagram.com\/medd_espana\/\" target=\"_blank\" rel=\"noreferrer noopener\">https:\/\/www.instagram.com\/medd_espana\/<\/a><br><a href=\"https:\/\/www.facebook.com\/MeddRemodelacionesdefarmacias\" target=\"_blank\" rel=\"noreferrer noopener\">https:\/\/www.facebook.com\/MeddRemodelacionesdefarmacias<\/a><br><a href=\"https:\/\/www.linkedin.com\/company\/medd-espa-a\" target=\"_blank\" rel=\"noreferrer noopener\">https:\/\/www.linkedin.com\/company\/medd-espa-a<\/a><\/p>\n","protected":false},"excerpt":{"rendered":"<p>Medd Design particip\u00f3 en Infarma 2025 en Barcelona, reafirmando su compromiso con la innovaci\u00f3n, la proximidad al sector farmac\u00e9utico y la excelencia en la ejecuci\u00f3n de proyectos t\u00e9cnicos y comerciales. Este evento, que reuni\u00f3 a miles de profesionales de la salud y representantes de la industria farmac\u00e9utica europea, supuso una oportunidad estrat\u00e9gica para consolidar relaciones, [&hellip;]<\/p>\n","protected":false},"author":2,"featured_media":20242,"comment_status":"closed","ping_status":"open","sticky":false,"template":"","format":"standard","meta":{"footnotes":""},"categories":[141,1],"tags":[],"class_list":["post-20241","post","type-post","status-publish","format-standard","has-post-thumbnail","hentry","category-noticias-del-salon","category-sin-categorizar"],"yoast_head":"<!-- This site is optimized with the Yoast SEO plugin v27.4 - https:\/\/yoast.com\/product\/yoast-seo-wordpress\/ -->\n<title>Infarma 2025: balance positivo y mirada puesta en Infarma 2026 en Madrid<\/title>\n<meta name=\"description\" content=\"Medd Design brill\u00f3 en Infarma 2025 y ya prepara su propuesta innovadora para Infarma 2026 en Madrid.\" \/>\n<meta name=\"robots\" content=\"index, follow, max-snippet:-1, max-image-preview:large, max-video-preview:-1\" \/>\n<link rel=\"canonical\" href=\"https:\/\/www.infarma.es\/en\/medd-design-infarma-2025-balance-positivo-mirada-puesta-infarma-madrid-2026\/\" \/>\n<meta property=\"og:locale\" content=\"en_US\" \/>\n<meta property=\"og:type\" content=\"article\" \/>\n<meta property=\"og:title\" content=\"Infarma 2025: balance positivo y mirada puesta en Infarma 2026 en Madrid\" \/>\n<meta property=\"og:description\" content=\"Medd Design brill\u00f3 en Infarma 2025 y ya prepara su propuesta innovadora para Infarma 2026 en Madrid.\" \/>\n<meta property=\"og:url\" content=\"https:\/\/www.infarma.es\/en\/medd-design-infarma-2025-balance-positivo-mirada-puesta-infarma-madrid-2026\/\" \/>\n<meta property=\"og:site_name\" content=\"Infarma\" \/>\n<meta property=\"article:publisher\" content=\"https:\/\/www.facebook.com\/infarmaoficial\/\" \/>\n<meta property=\"article:published_time\" content=\"2025-07-09T11:52:13+00:00\" \/>\n<meta property=\"article:modified_time\" content=\"2025-07-09T14:05:35+00:00\" \/>\n<meta property=\"og:image\" content=\"https:\/\/www.infarma.es\/wp-content\/uploads\/2025\/07\/inf2026-medd-design-balance.webp\" \/>\n\t<meta property=\"og:image:width\" content=\"1600\" \/>\n\t<meta property=\"og:image:height\" content=\"900\" \/>\n\t<meta property=\"og:image:type\" content=\"image\/webp\" \/>\n<meta name=\"author\" content=\"xavier\" \/>\n<meta name=\"twitter:card\" content=\"summary_large_image\" \/>\n<meta name=\"twitter:creator\" content=\"@infarma_es\" \/>\n<meta name=\"twitter:site\" content=\"@infarma_es\" \/>\n<meta name=\"twitter:label1\" content=\"Written by\" \/>\n\t<meta name=\"twitter:data1\" content=\"xavier\" \/>\n\t<meta name=\"twitter:label2\" content=\"Est. reading time\" \/>\n\t<meta name=\"twitter:data2\" content=\"3 minutes\" \/>\n<script type=\"application\/ld+json\" class=\"yoast-schema-graph\">{\"@context\":\"https:\\\/\\\/schema.org\",\"@graph\":[{\"@type\":\"Article\",\"@id\":\"https:\\\/\\\/www.infarma.es\\\/en\\\/medd-design-infarma-2025-balance-positivo-mirada-puesta-infarma-madrid-2026\\\/#article\",\"isPartOf\":{\"@id\":\"https:\\\/\\\/www.infarma.es\\\/en\\\/medd-design-infarma-2025-balance-positivo-mirada-puesta-infarma-madrid-2026\\\/\"},\"author\":{\"name\":\"xavier\",\"@id\":\"https:\\\/\\\/www.infarma.es\\\/en\\\/#\\\/schema\\\/person\\\/e53486dc47606cc5c89217026a8a01a7\"},\"headline\":\"Infarma 2025: balance positivo y mirada puesta en Infarma 2026 en Madrid\",\"datePublished\":\"2025-07-09T11:52:13+00:00\",\"dateModified\":\"2025-07-09T14:05:35+00:00\",\"mainEntityOfPage\":{\"@id\":\"https:\\\/\\\/www.infarma.es\\\/en\\\/medd-design-infarma-2025-balance-positivo-mirada-puesta-infarma-madrid-2026\\\/\"},\"wordCount\":528,\"publisher\":{\"@id\":\"https:\\\/\\\/www.infarma.es\\\/en\\\/#organization\"},\"image\":{\"@id\":\"https:\\\/\\\/www.infarma.es\\\/en\\\/medd-design-infarma-2025-balance-positivo-mirada-puesta-infarma-madrid-2026\\\/#primaryimage\"},\"thumbnailUrl\":\"https:\\\/\\\/www.infarma.es\\\/wp-content\\\/uploads\\\/2025\\\/07\\\/inf2026-medd-design-balance.webp\",\"articleSection\":[\"Noticias del Sal\u00f3n\",\"Sin categorizar\"],\"inLanguage\":\"en-US\"},{\"@type\":\"WebPage\",\"@id\":\"https:\\\/\\\/www.infarma.es\\\/en\\\/medd-design-infarma-2025-balance-positivo-mirada-puesta-infarma-madrid-2026\\\/\",\"url\":\"https:\\\/\\\/www.infarma.es\\\/en\\\/medd-design-infarma-2025-balance-positivo-mirada-puesta-infarma-madrid-2026\\\/\",\"name\":\"Infarma 2025: balance positivo y mirada puesta en Infarma 2026 en Madrid\",\"isPartOf\":{\"@id\":\"https:\\\/\\\/www.infarma.es\\\/en\\\/#website\"},\"primaryImageOfPage\":{\"@id\":\"https:\\\/\\\/www.infarma.es\\\/en\\\/medd-design-infarma-2025-balance-positivo-mirada-puesta-infarma-madrid-2026\\\/#primaryimage\"},\"image\":{\"@id\":\"https:\\\/\\\/www.infarma.es\\\/en\\\/medd-design-infarma-2025-balance-positivo-mirada-puesta-infarma-madrid-2026\\\/#primaryimage\"},\"thumbnailUrl\":\"https:\\\/\\\/www.infarma.es\\\/wp-content\\\/uploads\\\/2025\\\/07\\\/inf2026-medd-design-balance.webp\",\"datePublished\":\"2025-07-09T11:52:13+00:00\",\"dateModified\":\"2025-07-09T14:05:35+00:00\",\"description\":\"Medd Design brill\u00f3 en Infarma 2025 y ya prepara su propuesta innovadora para Infarma 2026 en Madrid.\",\"breadcrumb\":{\"@id\":\"https:\\\/\\\/www.infarma.es\\\/en\\\/medd-design-infarma-2025-balance-positivo-mirada-puesta-infarma-madrid-2026\\\/#breadcrumb\"},\"inLanguage\":\"en-US\",\"potentialAction\":[{\"@type\":\"ReadAction\",\"target\":[\"https:\\\/\\\/www.infarma.es\\\/en\\\/medd-design-infarma-2025-balance-positivo-mirada-puesta-infarma-madrid-2026\\\/\"]}]},{\"@type\":\"ImageObject\",\"inLanguage\":\"en-US\",\"@id\":\"https:\\\/\\\/www.infarma.es\\\/en\\\/medd-design-infarma-2025-balance-positivo-mirada-puesta-infarma-madrid-2026\\\/#primaryimage\",\"url\":\"https:\\\/\\\/www.infarma.es\\\/wp-content\\\/uploads\\\/2025\\\/07\\\/inf2026-medd-design-balance.webp\",\"contentUrl\":\"https:\\\/\\\/www.infarma.es\\\/wp-content\\\/uploads\\\/2025\\\/07\\\/inf2026-medd-design-balance.webp\",\"width\":1600,\"height\":900,\"caption\":\"Composici\u00f3n de im\u00e1genes en las que se puede ver una fotograf\u00eda de la participaci\u00f3n de Medd Design en la feria Infarma donde aparecen los dos representantes en su stand y otras im\u00e1genes de proyectos suyos en farmacias. En el texto de la imagen global se dan varios mensajes: hacemos proyectos \u00fanicos, nos vemos en Madrid y cont\u00e1ctenos hoy mismo medd.es\"},{\"@type\":\"BreadcrumbList\",\"@id\":\"https:\\\/\\\/www.infarma.es\\\/en\\\/medd-design-infarma-2025-balance-positivo-mirada-puesta-infarma-madrid-2026\\\/#breadcrumb\",\"itemListElement\":[{\"@type\":\"ListItem\",\"position\":1,\"name\":\"Portada\",\"item\":\"https:\\\/\\\/www.infarma.es\\\/en\\\/\"},{\"@type\":\"ListItem\",\"position\":2,\"name\":\"Infarma 2025: balance positivo y mirada puesta en Infarma 2026 en Madrid\"}]},{\"@type\":\"WebSite\",\"@id\":\"https:\\\/\\\/www.infarma.es\\\/en\\\/#website\",\"url\":\"https:\\\/\\\/www.infarma.es\\\/en\\\/\",\"name\":\"Infarma\",\"description\":\"El mayor encuentro de farmacia\",\"publisher\":{\"@id\":\"https:\\\/\\\/www.infarma.es\\\/en\\\/#organization\"},\"potentialAction\":[{\"@type\":\"SearchAction\",\"target\":{\"@type\":\"EntryPoint\",\"urlTemplate\":\"https:\\\/\\\/www.infarma.es\\\/en\\\/?s={search_term_string}\"},\"query-input\":{\"@type\":\"PropertyValueSpecification\",\"valueRequired\":true,\"valueName\":\"search_term_string\"}}],\"inLanguage\":\"en-US\"},{\"@type\":\"Organization\",\"@id\":\"https:\\\/\\\/www.infarma.es\\\/en\\\/#organization\",\"name\":\"Infarma\",\"url\":\"https:\\\/\\\/www.infarma.es\\\/en\\\/\",\"logo\":{\"@type\":\"ImageObject\",\"inLanguage\":\"en-US\",\"@id\":\"https:\\\/\\\/www.infarma.es\\\/en\\\/#\\\/schema\\\/logo\\\/image\\\/\",\"url\":\"https:\\\/\\\/www.infarma.es\\\/wp-content\\\/uploads\\\/2024\\\/10\\\/logo-simple.svg\",\"contentUrl\":\"https:\\\/\\\/www.infarma.es\\\/wp-content\\\/uploads\\\/2024\\\/10\\\/logo-simple.svg\",\"width\":1,\"height\":1,\"caption\":\"Infarma\"},\"image\":{\"@id\":\"https:\\\/\\\/www.infarma.es\\\/en\\\/#\\\/schema\\\/logo\\\/image\\\/\"},\"sameAs\":[\"https:\\\/\\\/www.facebook.com\\\/infarmaoficial\\\/\",\"https:\\\/\\\/x.com\\\/infarma_es\",\"https:\\\/\\\/www.instagram.com\\\/infarma_oficial\\\/\",\"https:\\\/\\\/www.linkedin.com\\\/showcase\\\/infarma-salon\\\/\",\"https:\\\/\\\/www.youtube.com\\\/@INFARMAOFICIAL\"]},{\"@type\":\"Person\",\"@id\":\"https:\\\/\\\/www.infarma.es\\\/en\\\/#\\\/schema\\\/person\\\/e53486dc47606cc5c89217026a8a01a7\",\"name\":\"xavier\",\"image\":{\"@type\":\"ImageObject\",\"inLanguage\":\"en-US\",\"@id\":\"https:\\\/\\\/secure.gravatar.com\\\/avatar\\\/9014b89254123c1f240ae636cc793b98ce50ec2df162909756be1d23adc503e4?s=96&d=mm&r=g\",\"url\":\"https:\\\/\\\/secure.gravatar.com\\\/avatar\\\/9014b89254123c1f240ae636cc793b98ce50ec2df162909756be1d23adc503e4?s=96&d=mm&r=g\",\"contentUrl\":\"https:\\\/\\\/secure.gravatar.com\\\/avatar\\\/9014b89254123c1f240ae636cc793b98ce50ec2df162909756be1d23adc503e4?s=96&d=mm&r=g\",\"caption\":\"xavier\"},\"url\":\"https:\\\/\\\/www.infarma.es\\\/en\\\/author\\\/xavier\\\/\"}]}<\/script>\n<!-- \/ Yoast SEO plugin. -->","yoast_head_json":{"title":"Infarma 2025: balance positivo y mirada puesta en Infarma 2026 en Madrid","description":"Medd Design brill\u00f3 en Infarma 2025 y ya prepara su propuesta innovadora para Infarma 2026 en Madrid.","robots":{"index":"index","follow":"follow","max-snippet":"max-snippet:-1","max-image-preview":"max-image-preview:large","max-video-preview":"max-video-preview:-1"},"canonical":"https:\/\/www.infarma.es\/en\/medd-design-infarma-2025-balance-positivo-mirada-puesta-infarma-madrid-2026\/","og_locale":"en_US","og_type":"article","og_title":"Infarma 2025: balance positivo y mirada puesta en Infarma 2026 en Madrid","og_description":"Medd Design brill\u00f3 en Infarma 2025 y ya prepara su propuesta innovadora para Infarma 2026 en Madrid.","og_url":"https:\/\/www.infarma.es\/en\/medd-design-infarma-2025-balance-positivo-mirada-puesta-infarma-madrid-2026\/","og_site_name":"Infarma","article_publisher":"https:\/\/www.facebook.com\/infarmaoficial\/","article_published_time":"2025-07-09T11:52:13+00:00","article_modified_time":"2025-07-09T14:05:35+00:00","og_image":[{"width":1600,"height":900,"url":"https:\/\/www.infarma.es\/wp-content\/uploads\/2025\/07\/inf2026-medd-design-balance.webp","type":"image\/webp"}],"author":"xavier","twitter_card":"summary_large_image","twitter_creator":"@infarma_es","twitter_site":"@infarma_es","twitter_misc":{"Written by":"xavier","Est. reading time":"3 minutes"},"schema":{"@context":"https:\/\/schema.org","@graph":[{"@type":"Article","@id":"https:\/\/www.infarma.es\/en\/medd-design-infarma-2025-balance-positivo-mirada-puesta-infarma-madrid-2026\/#article","isPartOf":{"@id":"https:\/\/www.infarma.es\/en\/medd-design-infarma-2025-balance-positivo-mirada-puesta-infarma-madrid-2026\/"},"author":{"name":"xavier","@id":"https:\/\/www.infarma.es\/en\/#\/schema\/person\/e53486dc47606cc5c89217026a8a01a7"},"headline":"Infarma 2025: balance positivo y mirada puesta en Infarma 2026 en Madrid","datePublished":"2025-07-09T11:52:13+00:00","dateModified":"2025-07-09T14:05:35+00:00","mainEntityOfPage":{"@id":"https:\/\/www.infarma.es\/en\/medd-design-infarma-2025-balance-positivo-mirada-puesta-infarma-madrid-2026\/"},"wordCount":528,"publisher":{"@id":"https:\/\/www.infarma.es\/en\/#organization"},"image":{"@id":"https:\/\/www.infarma.es\/en\/medd-design-infarma-2025-balance-positivo-mirada-puesta-infarma-madrid-2026\/#primaryimage"},"thumbnailUrl":"https:\/\/www.infarma.es\/wp-content\/uploads\/2025\/07\/inf2026-medd-design-balance.webp","articleSection":["Noticias del Sal\u00f3n","Sin categorizar"],"inLanguage":"en-US"},{"@type":"WebPage","@id":"https:\/\/www.infarma.es\/en\/medd-design-infarma-2025-balance-positivo-mirada-puesta-infarma-madrid-2026\/","url":"https:\/\/www.infarma.es\/en\/medd-design-infarma-2025-balance-positivo-mirada-puesta-infarma-madrid-2026\/","name":"Infarma 2025: balance positivo y mirada puesta en Infarma 2026 en Madrid","isPartOf":{"@id":"https:\/\/www.infarma.es\/en\/#website"},"primaryImageOfPage":{"@id":"https:\/\/www.infarma.es\/en\/medd-design-infarma-2025-balance-positivo-mirada-puesta-infarma-madrid-2026\/#primaryimage"},"image":{"@id":"https:\/\/www.infarma.es\/en\/medd-design-infarma-2025-balance-positivo-mirada-puesta-infarma-madrid-2026\/#primaryimage"},"thumbnailUrl":"https:\/\/www.infarma.es\/wp-content\/uploads\/2025\/07\/inf2026-medd-design-balance.webp","datePublished":"2025-07-09T11:52:13+00:00","dateModified":"2025-07-09T14:05:35+00:00","description":"Medd Design brill\u00f3 en Infarma 2025 y ya prepara su propuesta innovadora para Infarma 2026 en Madrid.","breadcrumb":{"@id":"https:\/\/www.infarma.es\/en\/medd-design-infarma-2025-balance-positivo-mirada-puesta-infarma-madrid-2026\/#breadcrumb"},"inLanguage":"en-US","potentialAction":[{"@type":"ReadAction","target":["https:\/\/www.infarma.es\/en\/medd-design-infarma-2025-balance-positivo-mirada-puesta-infarma-madrid-2026\/"]}]},{"@type":"ImageObject","inLanguage":"en-US","@id":"https:\/\/www.infarma.es\/en\/medd-design-infarma-2025-balance-positivo-mirada-puesta-infarma-madrid-2026\/#primaryimage","url":"https:\/\/www.infarma.es\/wp-content\/uploads\/2025\/07\/inf2026-medd-design-balance.webp","contentUrl":"https:\/\/www.infarma.es\/wp-content\/uploads\/2025\/07\/inf2026-medd-design-balance.webp","width":1600,"height":900,"caption":"Composici\u00f3n de im\u00e1genes en las que se puede ver una fotograf\u00eda de la participaci\u00f3n de Medd Design en la feria Infarma donde aparecen los dos representantes en su stand y otras im\u00e1genes de proyectos suyos en farmacias. En el texto de la imagen global se dan varios mensajes: hacemos proyectos \u00fanicos, nos vemos en Madrid y cont\u00e1ctenos hoy mismo medd.es"},{"@type":"BreadcrumbList","@id":"https:\/\/www.infarma.es\/en\/medd-design-infarma-2025-balance-positivo-mirada-puesta-infarma-madrid-2026\/#breadcrumb","itemListElement":[{"@type":"ListItem","position":1,"name":"Portada","item":"https:\/\/www.infarma.es\/en\/"},{"@type":"ListItem","position":2,"name":"Infarma 2025: balance positivo y mirada puesta en Infarma 2026 en Madrid"}]},{"@type":"WebSite","@id":"https:\/\/www.infarma.es\/en\/#website","url":"https:\/\/www.infarma.es\/en\/","name":"Infarma","description":"El mayor encuentro de farmacia","publisher":{"@id":"https:\/\/www.infarma.es\/en\/#organization"},"potentialAction":[{"@type":"SearchAction","target":{"@type":"EntryPoint","urlTemplate":"https:\/\/www.infarma.es\/en\/?s={search_term_string}"},"query-input":{"@type":"PropertyValueSpecification","valueRequired":true,"valueName":"search_term_string"}}],"inLanguage":"en-US"},{"@type":"Organization","@id":"https:\/\/www.infarma.es\/en\/#organization","name":"Infarma","url":"https:\/\/www.infarma.es\/en\/","logo":{"@type":"ImageObject","inLanguage":"en-US","@id":"https:\/\/www.infarma.es\/en\/#\/schema\/logo\/image\/","url":"https:\/\/www.infarma.es\/wp-content\/uploads\/2024\/10\/logo-simple.svg","contentUrl":"https:\/\/www.infarma.es\/wp-content\/uploads\/2024\/10\/logo-simple.svg","width":1,"height":1,"caption":"Infarma"},"image":{"@id":"https:\/\/www.infarma.es\/en\/#\/schema\/logo\/image\/"},"sameAs":["https:\/\/www.facebook.com\/infarmaoficial\/","https:\/\/x.com\/infarma_es","https:\/\/www.instagram.com\/infarma_oficial\/","https:\/\/www.linkedin.com\/showcase\/infarma-salon\/","https:\/\/www.youtube.com\/@INFARMAOFICIAL"]},{"@type":"Person","@id":"https:\/\/www.infarma.es\/en\/#\/schema\/person\/e53486dc47606cc5c89217026a8a01a7","name":"xavier","image":{"@type":"ImageObject","inLanguage":"en-US","@id":"https:\/\/secure.gravatar.com\/avatar\/9014b89254123c1f240ae636cc793b98ce50ec2df162909756be1d23adc503e4?s=96&d=mm&r=g","url":"https:\/\/secure.gravatar.com\/avatar\/9014b89254123c1f240ae636cc793b98ce50ec2df162909756be1d23adc503e4?s=96&d=mm&r=g","contentUrl":"https:\/\/secure.gravatar.com\/avatar\/9014b89254123c1f240ae636cc793b98ce50ec2df162909756be1d23adc503e4?s=96&d=mm&r=g","caption":"xavier"},"url":"https:\/\/www.infarma.es\/en\/author\/xavier\/"}]}},"_links":{"self":[{"href":"https:\/\/www.infarma.es\/en\/wp-json\/wp\/v2\/posts\/20241","targetHints":{"allow":["GET"]}}],"collection":[{"href":"https:\/\/www.infarma.es\/en\/wp-json\/wp\/v2\/posts"}],"about":[{"href":"https:\/\/www.infarma.es\/en\/wp-json\/wp\/v2\/types\/post"}],"author":[{"embeddable":true,"href":"https:\/\/www.infarma.es\/en\/wp-json\/wp\/v2\/users\/2"}],"replies":[{"embeddable":true,"href":"https:\/\/www.infarma.es\/en\/wp-json\/wp\/v2\/comments?post=20241"}],"version-history":[{"count":5,"href":"https:\/\/www.infarma.es\/en\/wp-json\/wp\/v2\/posts\/20241\/revisions"}],"predecessor-version":[{"id":20261,"href":"https:\/\/www.infarma.es\/en\/wp-json\/wp\/v2\/posts\/20241\/revisions\/20261"}],"wp:featuredmedia":[{"embeddable":true,"href":"https:\/\/www.infarma.es\/en\/wp-json\/wp\/v2\/media\/20242"}],"wp:attachment":[{"href":"https:\/\/www.infarma.es\/en\/wp-json\/wp\/v2\/media?parent=20241"}],"wp:term":[{"taxonomy":"category","embeddable":true,"href":"https:\/\/www.infarma.es\/en\/wp-json\/wp\/v2\/categories?post=20241"},{"taxonomy":"post_tag","embeddable":true,"href":"https:\/\/www.infarma.es\/en\/wp-json\/wp\/v2\/tags?post=20241"}],"curies":[{"name":"wp","href":"https:\/\/api.w.org\/{rel}","templated":true}]}}