{"id":23656,"date":"2026-03-03T16:42:38","date_gmt":"2026-03-03T15:42:38","guid":{"rendered":"https:\/\/www.infarma.es\/?p=23656"},"modified":"2026-03-03T16:42:38","modified_gmt":"2026-03-03T15:42:38","slug":"etat-pur-debuta-infarma-celebra-primer-aniversario-espana","status":"publish","type":"post","link":"https:\/\/www.infarma.es\/en\/etat-pur-debuta-infarma-celebra-primer-aniversario-espana\/","title":{"rendered":"Etat Pur debuta en Infarma y celebra su primer aniversario en Espa\u00f1a"},"content":{"rendered":"\n<p><strong>Etat Pur<\/strong> aterriza por <strong>primera vez en INFARMA 2026<\/strong> (Madrid), un hito muy especial para la marca, ya que coincide con la celebraci\u00f3n de <strong>su primer cumplea\u00f1os<\/strong> en el mercado espa\u00f1ol, consolidando un <strong>enfoque revolucionario<\/strong> alineado con las necesidades actuales del consumidor: <strong>romper con el sobretratamiento<\/strong> y dar a la piel lo que realmente necesita.<\/p>\n\n\n\n<p>En un contexto donde el mercado de dermocosm\u00e9tica se ha popularizado y el consumidor tiene a su alcance m\u00faltiples productos, Etat Pur se centra en un <strong>mensaje claro<\/strong>: \u201d<strong>Lo que tu piel necesita. Nada m\u00e1s, nada menos\u201d<\/strong>.<\/p>\n\n\n\n<p>Porque el cuidado de la piel debe responder de forma precisa a las necesidades de cada piel en cada momento. &nbsp;<\/p>\n\n\n\n<div style=\"height:30px\" aria-hidden=\"true\" class=\"wp-block-spacer\"><\/div>\n\n\n\n<h4 class=\"wp-block-heading\"><strong>Nuestra misi\u00f3n: ayudar a la piel<\/strong><\/h4>\n\n\n\n<p>Etat Pur es una marca del grupo NAOS (Bioderma, Institut Esthederm, Etat Pur), fundada bajo un enfoque cient\u00edfico \u00fanico: la <strong>Ecobiolog\u00eda. <\/strong>Esta visi\u00f3n considera la piel como un ecosistema vivo.<\/p>\n\n\n\n<p>Desde esta perspectiva, el objetivo no es sobretratar la piel, sino acompa\u00f1arla y reforzar sus mecanismos naturales, evitando productos innecesarios que puedan desequilibrarla.<\/p>\n\n\n\n<p>Por ello, Etat Pur propone soluciones personalizadas que se adaptan a las necesidades de cada piel, favoreciendo el equilibrio cut\u00e1neo.<\/p>\n\n\n\n<div style=\"height:30px\" aria-hidden=\"true\" class=\"wp-block-spacer\"><\/div>\n\n\n\n<h4 class=\"wp-block-heading\"><strong>Dos gamas complementarias:<\/strong><\/h4>\n\n\n\n<p>Etat Pur ofrece una soluci\u00f3n minimalista totalmente personalizada: sencilla, adaptable y respetuosa con la piel, que combina dos gamas complementarias dise\u00f1adas, tanto para el cuidado diario como para tratar necesidades espec\u00edficas:<\/p>\n\n\n\n<ol class=\"wp-block-list\">\n<li><strong>Pure Skincare: <\/strong>cuidado diario(higiene e hidrataci\u00f3n). Sus f\u00f3rmulas est\u00e1n dise\u00f1adas con ingredientes biomim\u00e9ticos, es decir, ingredientes que imitan los componentes naturales de la piel.<\/li>\n<\/ol>\n\n\n\n<p>El resultado es una gama de alta tolerancia y m\u00e1xima eficacia, pensada para respetar y mantener el equilibrio natural de la piel.<\/p>\n\n\n\n<ul class=\"wp-block-list\">\n<li><strong>Pure Actives:<\/strong> mol\u00e9culas puras con la dosis \u00f3ptima.<\/li>\n<\/ul>\n\n\n\n<p>El concetp diferencial de la marca: activos puros, formulados con la dosis \u00f3ptima para tratar necesidades espec\u00edficas de la piel.<\/p>\n\n\n\n<p>Gracias a su tecnolog\u00eda IN-SKIN\u2122, <strong>penetra 3x veces m\u00e1s que un s\u00e9rum, <\/strong>para una eficacia dirigida y precisa.<\/p>\n\n\n\n<p>1 problema = 1 soluci\u00f3n dosificada con precisi\u00f3n<\/p>\n\n\n\n<p>Con los Pure Actives, se da soluci\u00f3n a preocupaciones espec\u00edficas como:<\/p>\n\n\n\n<ul class=\"wp-block-list\">\n<li>Signos de la edad<\/li>\n\n\n\n<li>Acn\u00e9 e imperfecciones<\/li>\n\n\n\n<li>P\u00e9rdida de luminosidad e hiperpigmentaci\u00f3n<\/li>\n\n\n\n<li>Piel seca y estr\u00e9s urbano<\/li>\n\n\n\n<li>Hipersensibilidad<\/li>\n<\/ul>\n\n\n\n<div style=\"height:40px\" aria-hidden=\"true\" class=\"wp-block-spacer\"><\/div>\n\n\n\n<h4 class=\"wp-block-heading\"><strong>Una rutina minimalista y adaptada a cada piel<\/strong><\/h4>\n\n\n\n<p>La rutina de Etat Pur se caracteriza por ser simple, sin ingredientes o pasos innecesarios.<\/p>\n\n\n\n<ol class=\"wp-block-list\">\n<li><strong>Limpieza diaria<\/strong>, protegiendo y respetando el equilibrio natural de la piel.<\/li>\n\n\n\n<li><strong>Pure Actives<\/strong>, tratando la preocupaci\u00f3n espec\u00edfica con la mol\u00e9cula adecuada.<\/li>\n\n\n\n<li><strong>Hidrataci\u00f3n adaptada<\/strong>, para reforzar y apoyar la barrera natural de la piel.<\/li>\n<\/ol>\n\n\n\n<p>Con este enfoque permite que cada persona pueda adaptar su rutina a su necesidad.<\/p>\n\n\n\n<div style=\"height:30px\" aria-hidden=\"true\" class=\"wp-block-spacer\"><\/div>\n\n\n\n<h4 class=\"wp-block-heading\"><strong>Un primer a\u00f1o en Espa\u00f1a<\/strong><\/h4>\n\n\n\n<p>Tras su llegada al mercado espa\u00f1ol, Etat Pur celebra su primer a\u00f1o con una evoluci\u00f3n positiva, impulsada por su presencia y gran acogida en las farmacias, gracias a una propuesta que da respuesta a las tendencias actuales: rutinas sencillas, eficaces y basadas en la ciencia.<\/p>\n\n\n\n<p>La presencia en INFARMA 2026 es un paso importante en su consolidaci\u00f3n como marca referencia dentro del canal farmacia.<\/p>\n\n\n\n<p>Con una propuesta minimalista, un enfoque para dar a la piel lo que necesita y totalmente respetuosa con esta, Etat Pur contin\u00faa reforzando su posicionamiento como una marca innovadora.<\/p>\n\n\n\n<p>Vis\u00edtanos en nuestro stand 3D30 en pabell\u00f3n 3, junto con Bioderma e Institut Esthederm.<\/p>\n\n\n\n<p>Descubre m\u00e1s sobre Etat Pur en <a href=\"http:\/\/www.etatpur.es\" target=\"_blank\" rel=\"noreferrer noopener\">www.etatpur.es<\/a><\/p>\n","protected":false},"excerpt":{"rendered":"<p>Etat Pur aterriza por primera vez en INFARMA 2026 (Madrid), un hito muy especial para la marca, ya que coincide con la celebraci\u00f3n de su primer cumplea\u00f1os en el mercado espa\u00f1ol, consolidando un enfoque revolucionario alineado con las necesidades actuales del consumidor: romper con el sobretratamiento y dar a la piel lo que realmente necesita. [&hellip;]<\/p>\n","protected":false},"author":2,"featured_media":23658,"comment_status":"closed","ping_status":"open","sticky":false,"template":"","format":"standard","meta":{"footnotes":""},"categories":[141],"tags":[],"class_list":["post-23656","post","type-post","status-publish","format-standard","has-post-thumbnail","hentry","category-noticias-del-salon"],"yoast_head":"<!-- This site is optimized with the Yoast SEO plugin v27.4 - https:\/\/yoast.com\/product\/yoast-seo-wordpress\/ -->\n<title>Etat Pur debuta en Infarma y celebra su primer aniversario en Espa\u00f1a<\/title>\n<meta name=\"description\" content=\"Etat Pur llega por primera vez a INFARMA y celebra su primer a\u00f1o en Espa\u00f1a con un enfoque revolucionario.\" \/>\n<meta name=\"robots\" content=\"index, follow, max-snippet:-1, max-image-preview:large, max-video-preview:-1\" \/>\n<link rel=\"canonical\" href=\"https:\/\/www.infarma.es\/en\/etat-pur-debuta-infarma-celebra-primer-aniversario-espana\/\" \/>\n<meta property=\"og:locale\" content=\"en_US\" \/>\n<meta property=\"og:type\" content=\"article\" \/>\n<meta property=\"og:title\" content=\"Etat Pur debuta en Infarma y celebra su primer aniversario en Espa\u00f1a\" \/>\n<meta property=\"og:description\" content=\"Etat Pur llega por primera vez a INFARMA y celebra su primer a\u00f1o en Espa\u00f1a con un enfoque revolucionario.\" \/>\n<meta property=\"og:url\" content=\"https:\/\/www.infarma.es\/en\/etat-pur-debuta-infarma-celebra-primer-aniversario-espana\/\" \/>\n<meta property=\"og:site_name\" content=\"Infarma\" \/>\n<meta property=\"article:publisher\" content=\"https:\/\/www.facebook.com\/infarmaoficial\/\" \/>\n<meta property=\"article:published_time\" content=\"2026-03-03T15:42:38+00:00\" \/>\n<meta property=\"og:image\" content=\"https:\/\/www.infarma.es\/wp-content\/uploads\/2026\/03\/inf2026-Etat-Pur-naos-blog.webp\" \/>\n\t<meta property=\"og:image:width\" content=\"1600\" \/>\n\t<meta property=\"og:image:height\" content=\"900\" \/>\n\t<meta property=\"og:image:type\" content=\"image\/webp\" \/>\n<meta name=\"author\" content=\"xavier\" \/>\n<meta name=\"twitter:card\" content=\"summary_large_image\" \/>\n<meta name=\"twitter:creator\" content=\"@infarma_es\" \/>\n<meta name=\"twitter:site\" content=\"@infarma_es\" \/>\n<meta name=\"twitter:label1\" content=\"Written by\" \/>\n\t<meta name=\"twitter:data1\" content=\"xavier\" \/>\n\t<meta name=\"twitter:label2\" content=\"Est. reading time\" \/>\n\t<meta name=\"twitter:data2\" content=\"3 minutes\" \/>\n<script type=\"application\/ld+json\" class=\"yoast-schema-graph\">{\"@context\":\"https:\\\/\\\/schema.org\",\"@graph\":[{\"@type\":\"Article\",\"@id\":\"https:\\\/\\\/www.infarma.es\\\/en\\\/etat-pur-debuta-infarma-celebra-primer-aniversario-espana\\\/#article\",\"isPartOf\":{\"@id\":\"https:\\\/\\\/www.infarma.es\\\/en\\\/etat-pur-debuta-infarma-celebra-primer-aniversario-espana\\\/\"},\"author\":{\"name\":\"xavier\",\"@id\":\"https:\\\/\\\/www.infarma.es\\\/en\\\/#\\\/schema\\\/person\\\/e53486dc47606cc5c89217026a8a01a7\"},\"headline\":\"Etat Pur debuta en Infarma y celebra su primer aniversario en Espa\u00f1a\",\"datePublished\":\"2026-03-03T15:42:38+00:00\",\"mainEntityOfPage\":{\"@id\":\"https:\\\/\\\/www.infarma.es\\\/en\\\/etat-pur-debuta-infarma-celebra-primer-aniversario-espana\\\/\"},\"wordCount\":601,\"publisher\":{\"@id\":\"https:\\\/\\\/www.infarma.es\\\/en\\\/#organization\"},\"image\":{\"@id\":\"https:\\\/\\\/www.infarma.es\\\/en\\\/etat-pur-debuta-infarma-celebra-primer-aniversario-espana\\\/#primaryimage\"},\"thumbnailUrl\":\"https:\\\/\\\/www.infarma.es\\\/wp-content\\\/uploads\\\/2026\\\/03\\\/inf2026-Etat-Pur-naos-blog.webp\",\"articleSection\":[\"Noticias del Sal\u00f3n\"],\"inLanguage\":\"en-US\"},{\"@type\":\"WebPage\",\"@id\":\"https:\\\/\\\/www.infarma.es\\\/en\\\/etat-pur-debuta-infarma-celebra-primer-aniversario-espana\\\/\",\"url\":\"https:\\\/\\\/www.infarma.es\\\/en\\\/etat-pur-debuta-infarma-celebra-primer-aniversario-espana\\\/\",\"name\":\"Etat Pur debuta en Infarma y celebra su primer aniversario en Espa\u00f1a\",\"isPartOf\":{\"@id\":\"https:\\\/\\\/www.infarma.es\\\/en\\\/#website\"},\"primaryImageOfPage\":{\"@id\":\"https:\\\/\\\/www.infarma.es\\\/en\\\/etat-pur-debuta-infarma-celebra-primer-aniversario-espana\\\/#primaryimage\"},\"image\":{\"@id\":\"https:\\\/\\\/www.infarma.es\\\/en\\\/etat-pur-debuta-infarma-celebra-primer-aniversario-espana\\\/#primaryimage\"},\"thumbnailUrl\":\"https:\\\/\\\/www.infarma.es\\\/wp-content\\\/uploads\\\/2026\\\/03\\\/inf2026-Etat-Pur-naos-blog.webp\",\"datePublished\":\"2026-03-03T15:42:38+00:00\",\"description\":\"Etat Pur llega por primera vez a INFARMA y celebra su primer a\u00f1o en Espa\u00f1a con un enfoque revolucionario.\",\"breadcrumb\":{\"@id\":\"https:\\\/\\\/www.infarma.es\\\/en\\\/etat-pur-debuta-infarma-celebra-primer-aniversario-espana\\\/#breadcrumb\"},\"inLanguage\":\"en-US\",\"potentialAction\":[{\"@type\":\"ReadAction\",\"target\":[\"https:\\\/\\\/www.infarma.es\\\/en\\\/etat-pur-debuta-infarma-celebra-primer-aniversario-espana\\\/\"]}]},{\"@type\":\"ImageObject\",\"inLanguage\":\"en-US\",\"@id\":\"https:\\\/\\\/www.infarma.es\\\/en\\\/etat-pur-debuta-infarma-celebra-primer-aniversario-espana\\\/#primaryimage\",\"url\":\"https:\\\/\\\/www.infarma.es\\\/wp-content\\\/uploads\\\/2026\\\/03\\\/inf2026-Etat-Pur-naos-blog.webp\",\"contentUrl\":\"https:\\\/\\\/www.infarma.es\\\/wp-content\\\/uploads\\\/2026\\\/03\\\/inf2026-Etat-Pur-naos-blog.webp\",\"width\":1600,\"height\":900,\"caption\":\"Etat Pur | Naos\"},{\"@type\":\"BreadcrumbList\",\"@id\":\"https:\\\/\\\/www.infarma.es\\\/en\\\/etat-pur-debuta-infarma-celebra-primer-aniversario-espana\\\/#breadcrumb\",\"itemListElement\":[{\"@type\":\"ListItem\",\"position\":1,\"name\":\"Portada\",\"item\":\"https:\\\/\\\/www.infarma.es\\\/en\\\/\"},{\"@type\":\"ListItem\",\"position\":2,\"name\":\"Etat Pur debuta en Infarma y celebra su primer aniversario en Espa\u00f1a\"}]},{\"@type\":\"WebSite\",\"@id\":\"https:\\\/\\\/www.infarma.es\\\/en\\\/#website\",\"url\":\"https:\\\/\\\/www.infarma.es\\\/en\\\/\",\"name\":\"Infarma\",\"description\":\"El mayor encuentro de farmacia\",\"publisher\":{\"@id\":\"https:\\\/\\\/www.infarma.es\\\/en\\\/#organization\"},\"potentialAction\":[{\"@type\":\"SearchAction\",\"target\":{\"@type\":\"EntryPoint\",\"urlTemplate\":\"https:\\\/\\\/www.infarma.es\\\/en\\\/?s={search_term_string}\"},\"query-input\":{\"@type\":\"PropertyValueSpecification\",\"valueRequired\":true,\"valueName\":\"search_term_string\"}}],\"inLanguage\":\"en-US\"},{\"@type\":\"Organization\",\"@id\":\"https:\\\/\\\/www.infarma.es\\\/en\\\/#organization\",\"name\":\"Infarma\",\"url\":\"https:\\\/\\\/www.infarma.es\\\/en\\\/\",\"logo\":{\"@type\":\"ImageObject\",\"inLanguage\":\"en-US\",\"@id\":\"https:\\\/\\\/www.infarma.es\\\/en\\\/#\\\/schema\\\/logo\\\/image\\\/\",\"url\":\"https:\\\/\\\/www.infarma.es\\\/wp-content\\\/uploads\\\/2024\\\/10\\\/logo-simple.svg\",\"contentUrl\":\"https:\\\/\\\/www.infarma.es\\\/wp-content\\\/uploads\\\/2024\\\/10\\\/logo-simple.svg\",\"width\":1,\"height\":1,\"caption\":\"Infarma\"},\"image\":{\"@id\":\"https:\\\/\\\/www.infarma.es\\\/en\\\/#\\\/schema\\\/logo\\\/image\\\/\"},\"sameAs\":[\"https:\\\/\\\/www.facebook.com\\\/infarmaoficial\\\/\",\"https:\\\/\\\/x.com\\\/infarma_es\",\"https:\\\/\\\/www.instagram.com\\\/infarma_oficial\\\/\",\"https:\\\/\\\/www.linkedin.com\\\/showcase\\\/infarma-salon\\\/\",\"https:\\\/\\\/www.youtube.com\\\/@INFARMAOFICIAL\"]},{\"@type\":\"Person\",\"@id\":\"https:\\\/\\\/www.infarma.es\\\/en\\\/#\\\/schema\\\/person\\\/e53486dc47606cc5c89217026a8a01a7\",\"name\":\"xavier\",\"image\":{\"@type\":\"ImageObject\",\"inLanguage\":\"en-US\",\"@id\":\"https:\\\/\\\/secure.gravatar.com\\\/avatar\\\/9014b89254123c1f240ae636cc793b98ce50ec2df162909756be1d23adc503e4?s=96&d=mm&r=g\",\"url\":\"https:\\\/\\\/secure.gravatar.com\\\/avatar\\\/9014b89254123c1f240ae636cc793b98ce50ec2df162909756be1d23adc503e4?s=96&d=mm&r=g\",\"contentUrl\":\"https:\\\/\\\/secure.gravatar.com\\\/avatar\\\/9014b89254123c1f240ae636cc793b98ce50ec2df162909756be1d23adc503e4?s=96&d=mm&r=g\",\"caption\":\"xavier\"},\"url\":\"https:\\\/\\\/www.infarma.es\\\/en\\\/author\\\/xavier\\\/\"}]}<\/script>\n<!-- \/ Yoast SEO plugin. -->","yoast_head_json":{"title":"Etat Pur debuta en Infarma y celebra su primer aniversario en Espa\u00f1a","description":"Etat Pur llega por primera vez a INFARMA y celebra su primer a\u00f1o en Espa\u00f1a con un enfoque revolucionario.","robots":{"index":"index","follow":"follow","max-snippet":"max-snippet:-1","max-image-preview":"max-image-preview:large","max-video-preview":"max-video-preview:-1"},"canonical":"https:\/\/www.infarma.es\/en\/etat-pur-debuta-infarma-celebra-primer-aniversario-espana\/","og_locale":"en_US","og_type":"article","og_title":"Etat Pur debuta en Infarma y celebra su primer aniversario en Espa\u00f1a","og_description":"Etat Pur llega por primera vez a INFARMA y celebra su primer a\u00f1o en Espa\u00f1a con un enfoque revolucionario.","og_url":"https:\/\/www.infarma.es\/en\/etat-pur-debuta-infarma-celebra-primer-aniversario-espana\/","og_site_name":"Infarma","article_publisher":"https:\/\/www.facebook.com\/infarmaoficial\/","article_published_time":"2026-03-03T15:42:38+00:00","og_image":[{"width":1600,"height":900,"url":"https:\/\/www.infarma.es\/wp-content\/uploads\/2026\/03\/inf2026-Etat-Pur-naos-blog.webp","type":"image\/webp"}],"author":"xavier","twitter_card":"summary_large_image","twitter_creator":"@infarma_es","twitter_site":"@infarma_es","twitter_misc":{"Written by":"xavier","Est. reading time":"3 minutes"},"schema":{"@context":"https:\/\/schema.org","@graph":[{"@type":"Article","@id":"https:\/\/www.infarma.es\/en\/etat-pur-debuta-infarma-celebra-primer-aniversario-espana\/#article","isPartOf":{"@id":"https:\/\/www.infarma.es\/en\/etat-pur-debuta-infarma-celebra-primer-aniversario-espana\/"},"author":{"name":"xavier","@id":"https:\/\/www.infarma.es\/en\/#\/schema\/person\/e53486dc47606cc5c89217026a8a01a7"},"headline":"Etat Pur debuta en Infarma y celebra su primer aniversario en Espa\u00f1a","datePublished":"2026-03-03T15:42:38+00:00","mainEntityOfPage":{"@id":"https:\/\/www.infarma.es\/en\/etat-pur-debuta-infarma-celebra-primer-aniversario-espana\/"},"wordCount":601,"publisher":{"@id":"https:\/\/www.infarma.es\/en\/#organization"},"image":{"@id":"https:\/\/www.infarma.es\/en\/etat-pur-debuta-infarma-celebra-primer-aniversario-espana\/#primaryimage"},"thumbnailUrl":"https:\/\/www.infarma.es\/wp-content\/uploads\/2026\/03\/inf2026-Etat-Pur-naos-blog.webp","articleSection":["Noticias del Sal\u00f3n"],"inLanguage":"en-US"},{"@type":"WebPage","@id":"https:\/\/www.infarma.es\/en\/etat-pur-debuta-infarma-celebra-primer-aniversario-espana\/","url":"https:\/\/www.infarma.es\/en\/etat-pur-debuta-infarma-celebra-primer-aniversario-espana\/","name":"Etat Pur debuta en Infarma y celebra su primer aniversario en Espa\u00f1a","isPartOf":{"@id":"https:\/\/www.infarma.es\/en\/#website"},"primaryImageOfPage":{"@id":"https:\/\/www.infarma.es\/en\/etat-pur-debuta-infarma-celebra-primer-aniversario-espana\/#primaryimage"},"image":{"@id":"https:\/\/www.infarma.es\/en\/etat-pur-debuta-infarma-celebra-primer-aniversario-espana\/#primaryimage"},"thumbnailUrl":"https:\/\/www.infarma.es\/wp-content\/uploads\/2026\/03\/inf2026-Etat-Pur-naos-blog.webp","datePublished":"2026-03-03T15:42:38+00:00","description":"Etat Pur llega por primera vez a INFARMA y celebra su primer a\u00f1o en Espa\u00f1a con un enfoque revolucionario.","breadcrumb":{"@id":"https:\/\/www.infarma.es\/en\/etat-pur-debuta-infarma-celebra-primer-aniversario-espana\/#breadcrumb"},"inLanguage":"en-US","potentialAction":[{"@type":"ReadAction","target":["https:\/\/www.infarma.es\/en\/etat-pur-debuta-infarma-celebra-primer-aniversario-espana\/"]}]},{"@type":"ImageObject","inLanguage":"en-US","@id":"https:\/\/www.infarma.es\/en\/etat-pur-debuta-infarma-celebra-primer-aniversario-espana\/#primaryimage","url":"https:\/\/www.infarma.es\/wp-content\/uploads\/2026\/03\/inf2026-Etat-Pur-naos-blog.webp","contentUrl":"https:\/\/www.infarma.es\/wp-content\/uploads\/2026\/03\/inf2026-Etat-Pur-naos-blog.webp","width":1600,"height":900,"caption":"Etat Pur | Naos"},{"@type":"BreadcrumbList","@id":"https:\/\/www.infarma.es\/en\/etat-pur-debuta-infarma-celebra-primer-aniversario-espana\/#breadcrumb","itemListElement":[{"@type":"ListItem","position":1,"name":"Portada","item":"https:\/\/www.infarma.es\/en\/"},{"@type":"ListItem","position":2,"name":"Etat Pur debuta en Infarma y celebra su primer aniversario en Espa\u00f1a"}]},{"@type":"WebSite","@id":"https:\/\/www.infarma.es\/en\/#website","url":"https:\/\/www.infarma.es\/en\/","name":"Infarma","description":"El mayor encuentro de farmacia","publisher":{"@id":"https:\/\/www.infarma.es\/en\/#organization"},"potentialAction":[{"@type":"SearchAction","target":{"@type":"EntryPoint","urlTemplate":"https:\/\/www.infarma.es\/en\/?s={search_term_string}"},"query-input":{"@type":"PropertyValueSpecification","valueRequired":true,"valueName":"search_term_string"}}],"inLanguage":"en-US"},{"@type":"Organization","@id":"https:\/\/www.infarma.es\/en\/#organization","name":"Infarma","url":"https:\/\/www.infarma.es\/en\/","logo":{"@type":"ImageObject","inLanguage":"en-US","@id":"https:\/\/www.infarma.es\/en\/#\/schema\/logo\/image\/","url":"https:\/\/www.infarma.es\/wp-content\/uploads\/2024\/10\/logo-simple.svg","contentUrl":"https:\/\/www.infarma.es\/wp-content\/uploads\/2024\/10\/logo-simple.svg","width":1,"height":1,"caption":"Infarma"},"image":{"@id":"https:\/\/www.infarma.es\/en\/#\/schema\/logo\/image\/"},"sameAs":["https:\/\/www.facebook.com\/infarmaoficial\/","https:\/\/x.com\/infarma_es","https:\/\/www.instagram.com\/infarma_oficial\/","https:\/\/www.linkedin.com\/showcase\/infarma-salon\/","https:\/\/www.youtube.com\/@INFARMAOFICIAL"]},{"@type":"Person","@id":"https:\/\/www.infarma.es\/en\/#\/schema\/person\/e53486dc47606cc5c89217026a8a01a7","name":"xavier","image":{"@type":"ImageObject","inLanguage":"en-US","@id":"https:\/\/secure.gravatar.com\/avatar\/9014b89254123c1f240ae636cc793b98ce50ec2df162909756be1d23adc503e4?s=96&d=mm&r=g","url":"https:\/\/secure.gravatar.com\/avatar\/9014b89254123c1f240ae636cc793b98ce50ec2df162909756be1d23adc503e4?s=96&d=mm&r=g","contentUrl":"https:\/\/secure.gravatar.com\/avatar\/9014b89254123c1f240ae636cc793b98ce50ec2df162909756be1d23adc503e4?s=96&d=mm&r=g","caption":"xavier"},"url":"https:\/\/www.infarma.es\/en\/author\/xavier\/"}]}},"_links":{"self":[{"href":"https:\/\/www.infarma.es\/en\/wp-json\/wp\/v2\/posts\/23656","targetHints":{"allow":["GET"]}}],"collection":[{"href":"https:\/\/www.infarma.es\/en\/wp-json\/wp\/v2\/posts"}],"about":[{"href":"https:\/\/www.infarma.es\/en\/wp-json\/wp\/v2\/types\/post"}],"author":[{"embeddable":true,"href":"https:\/\/www.infarma.es\/en\/wp-json\/wp\/v2\/users\/2"}],"replies":[{"embeddable":true,"href":"https:\/\/www.infarma.es\/en\/wp-json\/wp\/v2\/comments?post=23656"}],"version-history":[{"count":2,"href":"https:\/\/www.infarma.es\/en\/wp-json\/wp\/v2\/posts\/23656\/revisions"}],"predecessor-version":[{"id":23662,"href":"https:\/\/www.infarma.es\/en\/wp-json\/wp\/v2\/posts\/23656\/revisions\/23662"}],"wp:featuredmedia":[{"embeddable":true,"href":"https:\/\/www.infarma.es\/en\/wp-json\/wp\/v2\/media\/23658"}],"wp:attachment":[{"href":"https:\/\/www.infarma.es\/en\/wp-json\/wp\/v2\/media?parent=23656"}],"wp:term":[{"taxonomy":"category","embeddable":true,"href":"https:\/\/www.infarma.es\/en\/wp-json\/wp\/v2\/categories?post=23656"},{"taxonomy":"post_tag","embeddable":true,"href":"https:\/\/www.infarma.es\/en\/wp-json\/wp\/v2\/tags?post=23656"}],"curies":[{"name":"wp","href":"https:\/\/api.w.org\/{rel}","templated":true}]}}