{"id":23960,"date":"2026-03-09T17:08:59","date_gmt":"2026-03-09T16:08:59","guid":{"rendered":"https:\/\/www.infarma.es\/?p=23960"},"modified":"2026-03-09T17:29:48","modified_gmt":"2026-03-09T16:29:48","slug":"la-rosee-infarma-madrid-2026-innovacion-dermocosmetica-exclusiva-farmacias","status":"publish","type":"post","link":"https:\/\/www.infarma.es\/en\/la-rosee-infarma-madrid-2026-innovacion-dermocosmetica-exclusiva-farmacias\/","title":{"rendered":"La Ros\u00e9e en INFARMA Madrid 2026: innovaci\u00f3n dermocosm\u00e9tica exclusiva para farmacias"},"content":{"rendered":"\n<p>Del <strong>24 al 26 de marzo en IFEMA Madrid<\/strong>, La Ros\u00e9e estar\u00e1 presente en <strong>Pabell\u00f3n 3\u2013 Stand 3A41<\/strong> para compartir con todos el proyecto que ya ha conquistado miles de farmacias en Francia.<\/p>\n\n\n\n<p>Fundada por <strong>dos farmac\u00e9uticas francesas<\/strong>, La Ros\u00e9e naci\u00f3 con una idea sencilla: desarrollar productos <strong>eficaces, sanos y f\u00e1ciles de recomendar en el mostrador<\/strong>, alineados con las necesidades reales de la piel y con los valores del canal farmacia.<\/p>\n\n\n\n<p>Hoy la marca se ha consolidado como un referente gracias a una propuesta clara:<\/p>\n\n\n\n<ul class=\"wp-block-list\">\n<li><strong>F\u00f3rmulas con hasta un 100% de ingredientes de origen natural<\/strong><\/li>\n\n\n\n<li><strong>Alta tolerancia dermatol\u00f3gica<\/strong><\/li>\n\n\n\n<li><strong>Texturas sensoriales y eficaces<\/strong><\/li>\n\n\n\n<li><strong>Compromiso real con la responsabilidad social y medioambiental<\/strong><\/li>\n\n\n\n<li><strong>Distribuci\u00f3n exclusiva en farmacia<\/strong><\/li>\n<\/ul>\n\n\n\n<div style=\"height:40px\" aria-hidden=\"true\" class=\"wp-block-spacer\"><\/div>\n\n\n\n<h4 class=\"wp-block-heading\"><a><\/a><strong>H\u00e9roes de la marca para descubrir<\/strong><\/h4>\n\n\n\n<ul class=\"wp-block-list\">\n<li><strong>Desodorante de origent natural La Ros\u00e9e<br><\/strong>Un aut\u00e9ntico best-seller en farmacia en Francia y primer desodorante recargable. Con <strong>99% de ingredientes de origen natural<\/strong>, neutraliza el mal olor respetando el equilibrio de la piel y <strong>sin sales de aluminio<\/strong>. <\/li>\n\n\n\n<li><strong>Gama de Protectores Solares La Ros\u00e9e<br><\/strong>Protecci\u00f3n <strong>UVA\/UVB de amplio espectro<\/strong>, con <strong>texturas ligeras, alta tolerancia y f\u00f3rmulas m\u00e1s respetuosas con la piel y el medio ambiente<\/strong>, pensadas para toda la familia y f\u00e1ciles de recomendar en farmacia.<\/li>\n<\/ul>\n\n\n\n<div style=\"height:40px\" aria-hidden=\"true\" class=\"wp-block-spacer\"><\/div>\n\n\n\n<h4 class=\"wp-block-heading\"><strong>Qu\u00e9 descubrir en el stand<\/strong><\/h4>\n\n\n\n<p>Ac\u00e9rcate a nuestro stand y:<\/p>\n\n\n\n<ul class=\"wp-block-list\">\n<li><strong>Descubre nuestras \u00faltimas novedades y best-sellers<\/strong><\/li>\n\n\n\n<li><strong>Conoce al equipo La Ros\u00e9e y nuestra misi\u00f3n, visi\u00f3n y valores.<\/strong><\/li>\n\n\n\n<li><strong>Sum\u00e9rgete en nuestros valores y compromiso responsable<\/strong><\/li>\n<\/ul>\n\n\n\n<p>Y, por supuesto, <strong>prep\u00e1rate para algunas sorpresas y momentos especiales que hemos preparado para todos los que nos visiten.<\/strong><\/p>\n\n\n\n<div style=\"height:30px\" aria-hidden=\"true\" class=\"wp-block-spacer\"><\/div>\n\n\n\n<h4 class=\"wp-block-heading\"><a><\/a><strong>Una marca construida con la farmacia<\/strong><\/h4>\n\n\n\n<p>La Ros\u00e9e es m\u00e1s que una marca dermocosm\u00e9tica: es <strong>un proyecto creado por farmac\u00e9uticas para farmacias<\/strong>, pensado para desarrollar una categor\u00eda <strong>esencial<\/strong>, <strong>eficaz, responsable y rentable<\/strong> dentro del canal.<\/p>\n\n\n\n<p><strong>\u00a1Contacta con nosotros para agendar una cita!\u00a0<\/strong><br><a href=\"mailto:info.es@larosee-cosmetiques.com\" target=\"_blank\" rel=\"noreferrer noopener\">info.es@larosee-cosmetiques.com<\/a><\/p>\n","protected":false},"excerpt":{"rendered":"<p>Del 24 al 26 de marzo en IFEMA Madrid, La Ros\u00e9e estar\u00e1 presente en Pabell\u00f3n 3\u2013 Stand 3A41 para compartir con todos el proyecto que ya ha conquistado miles de farmacias en Francia. Fundada por dos farmac\u00e9uticas francesas, La Ros\u00e9e naci\u00f3 con una idea sencilla: desarrollar productos eficaces, sanos y f\u00e1ciles de recomendar en el [&hellip;]<\/p>\n","protected":false},"author":2,"featured_media":23961,"comment_status":"closed","ping_status":"open","sticky":false,"template":"","format":"standard","meta":{"footnotes":""},"categories":[141],"tags":[],"class_list":["post-23960","post","type-post","status-publish","format-standard","has-post-thumbnail","hentry","category-noticias-del-salon"],"yoast_head":"<!-- This site is optimized with the Yoast SEO plugin v27.4 - https:\/\/yoast.com\/product\/yoast-seo-wordpress\/ -->\n<title>La Ros\u00e9e en INFARMA Madrid 2026: innovaci\u00f3n dermocosm\u00e9tica exclusiva para farmacias<\/title>\n<meta name=\"description\" content=\"La Ros\u00e9e estar\u00e1 presente en Pabell\u00f3n 3\u2013 Stand 3A41 para compartir con todos el proyecto que ya ha conquistado miles de farmacias en Francia.\" \/>\n<meta name=\"robots\" content=\"index, follow, max-snippet:-1, max-image-preview:large, max-video-preview:-1\" \/>\n<link rel=\"canonical\" href=\"https:\/\/www.infarma.es\/en\/la-rosee-infarma-madrid-2026-innovacion-dermocosmetica-exclusiva-farmacias\/\" \/>\n<meta property=\"og:locale\" content=\"en_US\" \/>\n<meta property=\"og:type\" content=\"article\" \/>\n<meta property=\"og:title\" content=\"La Ros\u00e9e en INFARMA Madrid 2026: innovaci\u00f3n dermocosm\u00e9tica exclusiva para farmacias\" \/>\n<meta property=\"og:description\" content=\"La Ros\u00e9e estar\u00e1 presente en Pabell\u00f3n 3\u2013 Stand 3A41 para compartir con todos el proyecto que ya ha conquistado miles de farmacias en Francia.\" \/>\n<meta property=\"og:url\" content=\"https:\/\/www.infarma.es\/en\/la-rosee-infarma-madrid-2026-innovacion-dermocosmetica-exclusiva-farmacias\/\" \/>\n<meta property=\"og:site_name\" content=\"Infarma\" \/>\n<meta property=\"article:publisher\" content=\"https:\/\/www.facebook.com\/infarmaoficial\/\" \/>\n<meta property=\"article:published_time\" content=\"2026-03-09T16:08:59+00:00\" \/>\n<meta property=\"article:modified_time\" content=\"2026-03-09T16:29:48+00:00\" \/>\n<meta property=\"og:image\" content=\"https:\/\/www.infarma.es\/wp-content\/uploads\/2026\/03\/inf2026-larosee-dermocosmetica-blog.webp\" \/>\n\t<meta property=\"og:image:width\" content=\"1600\" \/>\n\t<meta property=\"og:image:height\" content=\"900\" \/>\n\t<meta property=\"og:image:type\" content=\"image\/webp\" \/>\n<meta name=\"author\" content=\"xavier\" \/>\n<meta name=\"twitter:card\" content=\"summary_large_image\" \/>\n<meta name=\"twitter:creator\" content=\"@infarma_es\" \/>\n<meta name=\"twitter:site\" content=\"@infarma_es\" \/>\n<meta name=\"twitter:label1\" content=\"Written by\" \/>\n\t<meta name=\"twitter:data1\" content=\"xavier\" \/>\n\t<meta name=\"twitter:label2\" content=\"Est. reading time\" \/>\n\t<meta name=\"twitter:data2\" content=\"2 minutes\" \/>\n<script type=\"application\/ld+json\" class=\"yoast-schema-graph\">{\"@context\":\"https:\\\/\\\/schema.org\",\"@graph\":[{\"@type\":\"Article\",\"@id\":\"https:\\\/\\\/www.infarma.es\\\/en\\\/la-rosee-infarma-madrid-2026-innovacion-dermocosmetica-exclusiva-farmacias\\\/#article\",\"isPartOf\":{\"@id\":\"https:\\\/\\\/www.infarma.es\\\/en\\\/la-rosee-infarma-madrid-2026-innovacion-dermocosmetica-exclusiva-farmacias\\\/\"},\"author\":{\"name\":\"xavier\",\"@id\":\"https:\\\/\\\/www.infarma.es\\\/en\\\/#\\\/schema\\\/person\\\/e53486dc47606cc5c89217026a8a01a7\"},\"headline\":\"La Ros\u00e9e en INFARMA Madrid 2026: innovaci\u00f3n dermocosm\u00e9tica exclusiva para farmacias\",\"datePublished\":\"2026-03-09T16:08:59+00:00\",\"dateModified\":\"2026-03-09T16:29:48+00:00\",\"mainEntityOfPage\":{\"@id\":\"https:\\\/\\\/www.infarma.es\\\/en\\\/la-rosee-infarma-madrid-2026-innovacion-dermocosmetica-exclusiva-farmacias\\\/\"},\"wordCount\":332,\"publisher\":{\"@id\":\"https:\\\/\\\/www.infarma.es\\\/en\\\/#organization\"},\"image\":{\"@id\":\"https:\\\/\\\/www.infarma.es\\\/en\\\/la-rosee-infarma-madrid-2026-innovacion-dermocosmetica-exclusiva-farmacias\\\/#primaryimage\"},\"thumbnailUrl\":\"https:\\\/\\\/www.infarma.es\\\/wp-content\\\/uploads\\\/2026\\\/03\\\/inf2026-larosee-dermocosmetica-blog.webp\",\"articleSection\":[\"Noticias del Sal\u00f3n\"],\"inLanguage\":\"en-US\"},{\"@type\":\"WebPage\",\"@id\":\"https:\\\/\\\/www.infarma.es\\\/en\\\/la-rosee-infarma-madrid-2026-innovacion-dermocosmetica-exclusiva-farmacias\\\/\",\"url\":\"https:\\\/\\\/www.infarma.es\\\/en\\\/la-rosee-infarma-madrid-2026-innovacion-dermocosmetica-exclusiva-farmacias\\\/\",\"name\":\"La Ros\u00e9e en INFARMA Madrid 2026: innovaci\u00f3n dermocosm\u00e9tica exclusiva para farmacias\",\"isPartOf\":{\"@id\":\"https:\\\/\\\/www.infarma.es\\\/en\\\/#website\"},\"primaryImageOfPage\":{\"@id\":\"https:\\\/\\\/www.infarma.es\\\/en\\\/la-rosee-infarma-madrid-2026-innovacion-dermocosmetica-exclusiva-farmacias\\\/#primaryimage\"},\"image\":{\"@id\":\"https:\\\/\\\/www.infarma.es\\\/en\\\/la-rosee-infarma-madrid-2026-innovacion-dermocosmetica-exclusiva-farmacias\\\/#primaryimage\"},\"thumbnailUrl\":\"https:\\\/\\\/www.infarma.es\\\/wp-content\\\/uploads\\\/2026\\\/03\\\/inf2026-larosee-dermocosmetica-blog.webp\",\"datePublished\":\"2026-03-09T16:08:59+00:00\",\"dateModified\":\"2026-03-09T16:29:48+00:00\",\"description\":\"La Ros\u00e9e estar\u00e1 presente en Pabell\u00f3n 3\u2013 Stand 3A41 para compartir con todos el proyecto que ya ha conquistado miles de farmacias en Francia.\",\"breadcrumb\":{\"@id\":\"https:\\\/\\\/www.infarma.es\\\/en\\\/la-rosee-infarma-madrid-2026-innovacion-dermocosmetica-exclusiva-farmacias\\\/#breadcrumb\"},\"inLanguage\":\"en-US\",\"potentialAction\":[{\"@type\":\"ReadAction\",\"target\":[\"https:\\\/\\\/www.infarma.es\\\/en\\\/la-rosee-infarma-madrid-2026-innovacion-dermocosmetica-exclusiva-farmacias\\\/\"]}]},{\"@type\":\"ImageObject\",\"inLanguage\":\"en-US\",\"@id\":\"https:\\\/\\\/www.infarma.es\\\/en\\\/la-rosee-infarma-madrid-2026-innovacion-dermocosmetica-exclusiva-farmacias\\\/#primaryimage\",\"url\":\"https:\\\/\\\/www.infarma.es\\\/wp-content\\\/uploads\\\/2026\\\/03\\\/inf2026-larosee-dermocosmetica-blog.webp\",\"contentUrl\":\"https:\\\/\\\/www.infarma.es\\\/wp-content\\\/uploads\\\/2026\\\/03\\\/inf2026-larosee-dermocosmetica-blog.webp\",\"width\":1600,\"height\":900,\"caption\":\"La Ros\u00e9e dermocosm\u00e9tica | Boideg\u00f3n de productos con fondo de colores\"},{\"@type\":\"BreadcrumbList\",\"@id\":\"https:\\\/\\\/www.infarma.es\\\/en\\\/la-rosee-infarma-madrid-2026-innovacion-dermocosmetica-exclusiva-farmacias\\\/#breadcrumb\",\"itemListElement\":[{\"@type\":\"ListItem\",\"position\":1,\"name\":\"Portada\",\"item\":\"https:\\\/\\\/www.infarma.es\\\/en\\\/\"},{\"@type\":\"ListItem\",\"position\":2,\"name\":\"La Ros\u00e9e en INFARMA Madrid 2026: innovaci\u00f3n dermocosm\u00e9tica exclusiva para farmacias\"}]},{\"@type\":\"WebSite\",\"@id\":\"https:\\\/\\\/www.infarma.es\\\/en\\\/#website\",\"url\":\"https:\\\/\\\/www.infarma.es\\\/en\\\/\",\"name\":\"Infarma\",\"description\":\"El mayor encuentro de farmacia\",\"publisher\":{\"@id\":\"https:\\\/\\\/www.infarma.es\\\/en\\\/#organization\"},\"potentialAction\":[{\"@type\":\"SearchAction\",\"target\":{\"@type\":\"EntryPoint\",\"urlTemplate\":\"https:\\\/\\\/www.infarma.es\\\/en\\\/?s={search_term_string}\"},\"query-input\":{\"@type\":\"PropertyValueSpecification\",\"valueRequired\":true,\"valueName\":\"search_term_string\"}}],\"inLanguage\":\"en-US\"},{\"@type\":\"Organization\",\"@id\":\"https:\\\/\\\/www.infarma.es\\\/en\\\/#organization\",\"name\":\"Infarma\",\"url\":\"https:\\\/\\\/www.infarma.es\\\/en\\\/\",\"logo\":{\"@type\":\"ImageObject\",\"inLanguage\":\"en-US\",\"@id\":\"https:\\\/\\\/www.infarma.es\\\/en\\\/#\\\/schema\\\/logo\\\/image\\\/\",\"url\":\"https:\\\/\\\/www.infarma.es\\\/wp-content\\\/uploads\\\/2024\\\/10\\\/logo-simple.svg\",\"contentUrl\":\"https:\\\/\\\/www.infarma.es\\\/wp-content\\\/uploads\\\/2024\\\/10\\\/logo-simple.svg\",\"width\":1,\"height\":1,\"caption\":\"Infarma\"},\"image\":{\"@id\":\"https:\\\/\\\/www.infarma.es\\\/en\\\/#\\\/schema\\\/logo\\\/image\\\/\"},\"sameAs\":[\"https:\\\/\\\/www.facebook.com\\\/infarmaoficial\\\/\",\"https:\\\/\\\/x.com\\\/infarma_es\",\"https:\\\/\\\/www.instagram.com\\\/infarma_oficial\\\/\",\"https:\\\/\\\/www.linkedin.com\\\/showcase\\\/infarma-salon\\\/\",\"https:\\\/\\\/www.youtube.com\\\/@INFARMAOFICIAL\"]},{\"@type\":\"Person\",\"@id\":\"https:\\\/\\\/www.infarma.es\\\/en\\\/#\\\/schema\\\/person\\\/e53486dc47606cc5c89217026a8a01a7\",\"name\":\"xavier\",\"image\":{\"@type\":\"ImageObject\",\"inLanguage\":\"en-US\",\"@id\":\"https:\\\/\\\/secure.gravatar.com\\\/avatar\\\/9014b89254123c1f240ae636cc793b98ce50ec2df162909756be1d23adc503e4?s=96&d=mm&r=g\",\"url\":\"https:\\\/\\\/secure.gravatar.com\\\/avatar\\\/9014b89254123c1f240ae636cc793b98ce50ec2df162909756be1d23adc503e4?s=96&d=mm&r=g\",\"contentUrl\":\"https:\\\/\\\/secure.gravatar.com\\\/avatar\\\/9014b89254123c1f240ae636cc793b98ce50ec2df162909756be1d23adc503e4?s=96&d=mm&r=g\",\"caption\":\"xavier\"},\"url\":\"https:\\\/\\\/www.infarma.es\\\/en\\\/author\\\/xavier\\\/\"}]}<\/script>\n<!-- \/ Yoast SEO plugin. -->","yoast_head_json":{"title":"La Ros\u00e9e en INFARMA Madrid 2026: innovaci\u00f3n dermocosm\u00e9tica exclusiva para farmacias","description":"La Ros\u00e9e estar\u00e1 presente en Pabell\u00f3n 3\u2013 Stand 3A41 para compartir con todos el proyecto que ya ha conquistado miles de farmacias en Francia.","robots":{"index":"index","follow":"follow","max-snippet":"max-snippet:-1","max-image-preview":"max-image-preview:large","max-video-preview":"max-video-preview:-1"},"canonical":"https:\/\/www.infarma.es\/en\/la-rosee-infarma-madrid-2026-innovacion-dermocosmetica-exclusiva-farmacias\/","og_locale":"en_US","og_type":"article","og_title":"La Ros\u00e9e en INFARMA Madrid 2026: innovaci\u00f3n dermocosm\u00e9tica exclusiva para farmacias","og_description":"La Ros\u00e9e estar\u00e1 presente en Pabell\u00f3n 3\u2013 Stand 3A41 para compartir con todos el proyecto que ya ha conquistado miles de farmacias en Francia.","og_url":"https:\/\/www.infarma.es\/en\/la-rosee-infarma-madrid-2026-innovacion-dermocosmetica-exclusiva-farmacias\/","og_site_name":"Infarma","article_publisher":"https:\/\/www.facebook.com\/infarmaoficial\/","article_published_time":"2026-03-09T16:08:59+00:00","article_modified_time":"2026-03-09T16:29:48+00:00","og_image":[{"width":1600,"height":900,"url":"https:\/\/www.infarma.es\/wp-content\/uploads\/2026\/03\/inf2026-larosee-dermocosmetica-blog.webp","type":"image\/webp"}],"author":"xavier","twitter_card":"summary_large_image","twitter_creator":"@infarma_es","twitter_site":"@infarma_es","twitter_misc":{"Written by":"xavier","Est. reading time":"2 minutes"},"schema":{"@context":"https:\/\/schema.org","@graph":[{"@type":"Article","@id":"https:\/\/www.infarma.es\/en\/la-rosee-infarma-madrid-2026-innovacion-dermocosmetica-exclusiva-farmacias\/#article","isPartOf":{"@id":"https:\/\/www.infarma.es\/en\/la-rosee-infarma-madrid-2026-innovacion-dermocosmetica-exclusiva-farmacias\/"},"author":{"name":"xavier","@id":"https:\/\/www.infarma.es\/en\/#\/schema\/person\/e53486dc47606cc5c89217026a8a01a7"},"headline":"La Ros\u00e9e en INFARMA Madrid 2026: innovaci\u00f3n dermocosm\u00e9tica exclusiva para farmacias","datePublished":"2026-03-09T16:08:59+00:00","dateModified":"2026-03-09T16:29:48+00:00","mainEntityOfPage":{"@id":"https:\/\/www.infarma.es\/en\/la-rosee-infarma-madrid-2026-innovacion-dermocosmetica-exclusiva-farmacias\/"},"wordCount":332,"publisher":{"@id":"https:\/\/www.infarma.es\/en\/#organization"},"image":{"@id":"https:\/\/www.infarma.es\/en\/la-rosee-infarma-madrid-2026-innovacion-dermocosmetica-exclusiva-farmacias\/#primaryimage"},"thumbnailUrl":"https:\/\/www.infarma.es\/wp-content\/uploads\/2026\/03\/inf2026-larosee-dermocosmetica-blog.webp","articleSection":["Noticias del Sal\u00f3n"],"inLanguage":"en-US"},{"@type":"WebPage","@id":"https:\/\/www.infarma.es\/en\/la-rosee-infarma-madrid-2026-innovacion-dermocosmetica-exclusiva-farmacias\/","url":"https:\/\/www.infarma.es\/en\/la-rosee-infarma-madrid-2026-innovacion-dermocosmetica-exclusiva-farmacias\/","name":"La Ros\u00e9e en INFARMA Madrid 2026: innovaci\u00f3n dermocosm\u00e9tica exclusiva para farmacias","isPartOf":{"@id":"https:\/\/www.infarma.es\/en\/#website"},"primaryImageOfPage":{"@id":"https:\/\/www.infarma.es\/en\/la-rosee-infarma-madrid-2026-innovacion-dermocosmetica-exclusiva-farmacias\/#primaryimage"},"image":{"@id":"https:\/\/www.infarma.es\/en\/la-rosee-infarma-madrid-2026-innovacion-dermocosmetica-exclusiva-farmacias\/#primaryimage"},"thumbnailUrl":"https:\/\/www.infarma.es\/wp-content\/uploads\/2026\/03\/inf2026-larosee-dermocosmetica-blog.webp","datePublished":"2026-03-09T16:08:59+00:00","dateModified":"2026-03-09T16:29:48+00:00","description":"La Ros\u00e9e estar\u00e1 presente en Pabell\u00f3n 3\u2013 Stand 3A41 para compartir con todos el proyecto que ya ha conquistado miles de farmacias en Francia.","breadcrumb":{"@id":"https:\/\/www.infarma.es\/en\/la-rosee-infarma-madrid-2026-innovacion-dermocosmetica-exclusiva-farmacias\/#breadcrumb"},"inLanguage":"en-US","potentialAction":[{"@type":"ReadAction","target":["https:\/\/www.infarma.es\/en\/la-rosee-infarma-madrid-2026-innovacion-dermocosmetica-exclusiva-farmacias\/"]}]},{"@type":"ImageObject","inLanguage":"en-US","@id":"https:\/\/www.infarma.es\/en\/la-rosee-infarma-madrid-2026-innovacion-dermocosmetica-exclusiva-farmacias\/#primaryimage","url":"https:\/\/www.infarma.es\/wp-content\/uploads\/2026\/03\/inf2026-larosee-dermocosmetica-blog.webp","contentUrl":"https:\/\/www.infarma.es\/wp-content\/uploads\/2026\/03\/inf2026-larosee-dermocosmetica-blog.webp","width":1600,"height":900,"caption":"La Ros\u00e9e dermocosm\u00e9tica | Boideg\u00f3n de productos con fondo de colores"},{"@type":"BreadcrumbList","@id":"https:\/\/www.infarma.es\/en\/la-rosee-infarma-madrid-2026-innovacion-dermocosmetica-exclusiva-farmacias\/#breadcrumb","itemListElement":[{"@type":"ListItem","position":1,"name":"Portada","item":"https:\/\/www.infarma.es\/en\/"},{"@type":"ListItem","position":2,"name":"La Ros\u00e9e en INFARMA Madrid 2026: innovaci\u00f3n dermocosm\u00e9tica exclusiva para farmacias"}]},{"@type":"WebSite","@id":"https:\/\/www.infarma.es\/en\/#website","url":"https:\/\/www.infarma.es\/en\/","name":"Infarma","description":"El mayor encuentro de farmacia","publisher":{"@id":"https:\/\/www.infarma.es\/en\/#organization"},"potentialAction":[{"@type":"SearchAction","target":{"@type":"EntryPoint","urlTemplate":"https:\/\/www.infarma.es\/en\/?s={search_term_string}"},"query-input":{"@type":"PropertyValueSpecification","valueRequired":true,"valueName":"search_term_string"}}],"inLanguage":"en-US"},{"@type":"Organization","@id":"https:\/\/www.infarma.es\/en\/#organization","name":"Infarma","url":"https:\/\/www.infarma.es\/en\/","logo":{"@type":"ImageObject","inLanguage":"en-US","@id":"https:\/\/www.infarma.es\/en\/#\/schema\/logo\/image\/","url":"https:\/\/www.infarma.es\/wp-content\/uploads\/2024\/10\/logo-simple.svg","contentUrl":"https:\/\/www.infarma.es\/wp-content\/uploads\/2024\/10\/logo-simple.svg","width":1,"height":1,"caption":"Infarma"},"image":{"@id":"https:\/\/www.infarma.es\/en\/#\/schema\/logo\/image\/"},"sameAs":["https:\/\/www.facebook.com\/infarmaoficial\/","https:\/\/x.com\/infarma_es","https:\/\/www.instagram.com\/infarma_oficial\/","https:\/\/www.linkedin.com\/showcase\/infarma-salon\/","https:\/\/www.youtube.com\/@INFARMAOFICIAL"]},{"@type":"Person","@id":"https:\/\/www.infarma.es\/en\/#\/schema\/person\/e53486dc47606cc5c89217026a8a01a7","name":"xavier","image":{"@type":"ImageObject","inLanguage":"en-US","@id":"https:\/\/secure.gravatar.com\/avatar\/9014b89254123c1f240ae636cc793b98ce50ec2df162909756be1d23adc503e4?s=96&d=mm&r=g","url":"https:\/\/secure.gravatar.com\/avatar\/9014b89254123c1f240ae636cc793b98ce50ec2df162909756be1d23adc503e4?s=96&d=mm&r=g","contentUrl":"https:\/\/secure.gravatar.com\/avatar\/9014b89254123c1f240ae636cc793b98ce50ec2df162909756be1d23adc503e4?s=96&d=mm&r=g","caption":"xavier"},"url":"https:\/\/www.infarma.es\/en\/author\/xavier\/"}]}},"_links":{"self":[{"href":"https:\/\/www.infarma.es\/en\/wp-json\/wp\/v2\/posts\/23960","targetHints":{"allow":["GET"]}}],"collection":[{"href":"https:\/\/www.infarma.es\/en\/wp-json\/wp\/v2\/posts"}],"about":[{"href":"https:\/\/www.infarma.es\/en\/wp-json\/wp\/v2\/types\/post"}],"author":[{"embeddable":true,"href":"https:\/\/www.infarma.es\/en\/wp-json\/wp\/v2\/users\/2"}],"replies":[{"embeddable":true,"href":"https:\/\/www.infarma.es\/en\/wp-json\/wp\/v2\/comments?post=23960"}],"version-history":[{"count":4,"href":"https:\/\/www.infarma.es\/en\/wp-json\/wp\/v2\/posts\/23960\/revisions"}],"predecessor-version":[{"id":23974,"href":"https:\/\/www.infarma.es\/en\/wp-json\/wp\/v2\/posts\/23960\/revisions\/23974"}],"wp:featuredmedia":[{"embeddable":true,"href":"https:\/\/www.infarma.es\/en\/wp-json\/wp\/v2\/media\/23961"}],"wp:attachment":[{"href":"https:\/\/www.infarma.es\/en\/wp-json\/wp\/v2\/media?parent=23960"}],"wp:term":[{"taxonomy":"category","embeddable":true,"href":"https:\/\/www.infarma.es\/en\/wp-json\/wp\/v2\/categories?post=23960"},{"taxonomy":"post_tag","embeddable":true,"href":"https:\/\/www.infarma.es\/en\/wp-json\/wp\/v2\/tags?post=23960"}],"curies":[{"name":"wp","href":"https:\/\/api.w.org\/{rel}","templated":true}]}}