{"id":23986,"date":"2026-03-09T18:27:04","date_gmt":"2026-03-09T17:27:04","guid":{"rendered":"https:\/\/www.infarma.es\/?p=23986"},"modified":"2026-03-09T18:27:04","modified_gmt":"2026-03-09T17:27:04","slug":"salvat-infarma-2026-innovacion-ia-buenas-noticias-farmacia","status":"publish","type":"post","link":"https:\/\/www.infarma.es\/en\/salvat-infarma-2026-innovacion-ia-buenas-noticias-farmacia\/","title":{"rendered":"Salvat en Infarma 2026: innovaci\u00f3n, IA y buenas noticias para la farmacia"},"content":{"rendered":"\n<p>El Grupo Farmac\u00e9utico Salvat desembarca en una nueva edici\u00f3n de Infarma en pleno proceso de transformaci\u00f3n corporativa. Bajo un concepto inspirado en la actualidad y la primicia informativa, el laboratorio presentar\u00e1 en Madrid las novedades en su portafolio, adem\u00e1s de ofrecer sesiones de formaci\u00f3n sobre la integraci\u00f3n de la Inteligencia Artificial (IA) en la oficina de farmacia.<\/p>\n\n\n\n<p>Del 24 al 26 de marzo, el <strong>stand 3B64<\/strong> (Pabell\u00f3n 3 de IFEMA) se transformar\u00e1 en una redacci\u00f3n de noticias. Bajo el lema \u201cThe Salvat News: innovaci\u00f3n que merece ser contada\u201d, el grupo invita a los profesionales a descubrir una compa\u00f1\u00eda que vive hoy un momento de transformaci\u00f3n, tras siete d\u00e9cadas de trayectoria caracterizadas por el desarrollo de las capacidades de producci\u00f3n e innovaci\u00f3n propias.<\/p>\n\n\n\n<p>As\u00ed pues, el stand de Salvat ser\u00e1 un espacio donde conocer las claves sobre el futuro de la compa\u00f1\u00eda, centrada en el crecimiento sostenible y la innovaci\u00f3n constante para contribuir a una salud m\u00e1s humana y eficaz.<\/p>\n\n\n\n<div style=\"height:30px\" aria-hidden=\"true\" class=\"wp-block-spacer\"><\/div>\n\n\n\n<h4 class=\"wp-block-heading\"><strong>Salvat: un socio estrat\u00e9gico de la farmacia ante el horizonte digital<\/strong><\/h4>\n\n\n\n<p>Para Salvat, esta edici\u00f3n de Infarma no es s\u00f3lo un escaparate de productos, sino un espacio de intercambio de conocimiento con el profesional farmac\u00e9utico. Esta visi\u00f3n se materializa en una de las grandes acciones que Salvat lleva a esta edici\u00f3n: bajo el t\u00edtulo \u201cBuenas noticias: Salvat lleva la IA a la farmacia\u201d, el laboratorio ofrecer\u00e1 sesiones sobre herramientas pr\u00e1cticas de IA para optimizar el flujo de trabajo diario en la farmacia comunitaria.<\/p>\n\n\n\n<p>El objetivo es claro: que la tecnolog\u00eda act\u00fae como un catalizador de eficiencia. Al automatizar y agilizar procesos de gesti\u00f3n interna, la IA permite al profesional ganar tiempo de calidad para reforzar el verdadero valor diferencial del farmac\u00e9utico: el consejo y la atenci\u00f3n personalizada al paciente. Salvat apuesta as\u00ed por una digitalizaci\u00f3n que no sustituye, sino que potencia el valor cl\u00ednico y asistencial de la farmacia comunitaria.<\/p>\n\n\n\n<div style=\"height:30px\" aria-hidden=\"true\" class=\"wp-block-spacer\"><\/div>\n\n\n\n<h4 class=\"wp-block-heading\"><strong>Actualidad terap\u00e9utica: de la especializaci\u00f3n al autocuidado<\/strong><\/h4>\n\n\n\n<p>La presencia de Salvat en Infarma se concreta tambi\u00e9n en un punto informativo din\u00e1mico sobre la actividad investigadora del grupo y la evoluci\u00f3n de su portafolio. En el \u00e1rea de oftalmolog\u00eda, una unidad estrat\u00e9gica creada en 2024, el protagonismo ser\u00e1 para la gama Relive\u00ae. Los asistentes podr\u00e1n conocer la nueva identidad visual de la marca, dise\u00f1ada para mejorar su visibilidad y accesibilidad en el lineal, as\u00ed como el lanzamiento de Relive\u00ae Confort Periocular, una innovadora loci\u00f3n micelar para la higiene de la zona palpebral.<\/p>\n\n\n\n<p>En la &#8220;hemeroteca&#8221; de \u00e9xitos de Salvat, tambi\u00e9n tendr\u00e1 su espacio Cristalmina\u00ae, el antis\u00e9ptico l\u00edder en Espa\u00f1a que este a\u00f1o celebra su 40 aniversario como un aut\u00e9ntico s\u00edmbolo de confianza y fabricaci\u00f3n propia. Adem\u00e1s, se presentar\u00e1n las \u00faltimas novedades en la evoluci\u00f3n de MegaLevure\u00ae y la relevancia de Urosens\u00ae como referente de origen natural para la prevenci\u00f3n de molestias urinarias.<\/p>\n\n\n\n<p>Con esta propuesta integral, Salvat reafirma en Infarma 2026 su prop\u00f3sito original: impulsar una capacidad industrial de vanguardia y una investigaci\u00f3n con sello propio para contribuir a una vida m\u00e1s saludable y feliz.<\/p>\n","protected":false},"excerpt":{"rendered":"<p>El Grupo Farmac\u00e9utico Salvat desembarca en una nueva edici\u00f3n de Infarma en pleno proceso de transformaci\u00f3n corporativa. Bajo un concepto inspirado en la actualidad y la primicia informativa, el laboratorio presentar\u00e1 en Madrid las novedades en su portafolio, adem\u00e1s de ofrecer sesiones de formaci\u00f3n sobre la integraci\u00f3n de la Inteligencia Artificial (IA) en la oficina [&hellip;]<\/p>\n","protected":false},"author":2,"featured_media":23987,"comment_status":"closed","ping_status":"open","sticky":false,"template":"","format":"standard","meta":{"footnotes":""},"categories":[141],"tags":[],"class_list":["post-23986","post","type-post","status-publish","format-standard","has-post-thumbnail","hentry","category-noticias-del-salon"],"yoast_head":"<!-- This site is optimized with the Yoast SEO plugin v27.4 - https:\/\/yoast.com\/product\/yoast-seo-wordpress\/ -->\n<title>Salvat en Infarma 2026: innovaci\u00f3n, IA y buenas noticias para la farmacia<\/title>\n<meta name=\"description\" content=\"Del 24 al 26 de marzo, el stand 3B64 se transformar\u00e1 en una redacci\u00f3n de noticias. Bajo el lema \u201cThe Salvat News: innovaci\u00f3n que merece ser contada\u201d.\" \/>\n<meta name=\"robots\" content=\"index, follow, max-snippet:-1, max-image-preview:large, max-video-preview:-1\" \/>\n<link rel=\"canonical\" href=\"https:\/\/www.infarma.es\/en\/salvat-infarma-2026-innovacion-ia-buenas-noticias-farmacia\/\" \/>\n<meta property=\"og:locale\" content=\"en_US\" \/>\n<meta property=\"og:type\" content=\"article\" \/>\n<meta property=\"og:title\" content=\"Salvat en Infarma 2026: innovaci\u00f3n, IA y buenas noticias para la farmacia\" \/>\n<meta property=\"og:description\" content=\"Del 24 al 26 de marzo, el stand 3B64 se transformar\u00e1 en una redacci\u00f3n de noticias. Bajo el lema \u201cThe Salvat News: innovaci\u00f3n que merece ser contada\u201d.\" \/>\n<meta property=\"og:url\" content=\"https:\/\/www.infarma.es\/en\/salvat-infarma-2026-innovacion-ia-buenas-noticias-farmacia\/\" \/>\n<meta property=\"og:site_name\" content=\"Infarma\" \/>\n<meta property=\"article:publisher\" content=\"https:\/\/www.facebook.com\/infarmaoficial\/\" \/>\n<meta property=\"article:published_time\" content=\"2026-03-09T17:27:04+00:00\" \/>\n<meta property=\"og:image\" content=\"https:\/\/www.infarma.es\/wp-content\/uploads\/2026\/03\/inf2026-Salvat-Oficinas-blog.webp\" \/>\n\t<meta property=\"og:image:width\" content=\"1600\" \/>\n\t<meta property=\"og:image:height\" content=\"900\" \/>\n\t<meta property=\"og:image:type\" content=\"image\/webp\" \/>\n<meta name=\"author\" content=\"xavier\" \/>\n<meta name=\"twitter:card\" content=\"summary_large_image\" \/>\n<meta name=\"twitter:creator\" content=\"@infarma_es\" \/>\n<meta name=\"twitter:site\" content=\"@infarma_es\" \/>\n<meta name=\"twitter:label1\" content=\"Written by\" \/>\n\t<meta name=\"twitter:data1\" content=\"xavier\" \/>\n\t<meta name=\"twitter:label2\" content=\"Est. reading time\" \/>\n\t<meta name=\"twitter:data2\" content=\"3 minutes\" \/>\n<script type=\"application\/ld+json\" class=\"yoast-schema-graph\">{\"@context\":\"https:\\\/\\\/schema.org\",\"@graph\":[{\"@type\":\"Article\",\"@id\":\"https:\\\/\\\/www.infarma.es\\\/en\\\/salvat-infarma-2026-innovacion-ia-buenas-noticias-farmacia\\\/#article\",\"isPartOf\":{\"@id\":\"https:\\\/\\\/www.infarma.es\\\/en\\\/salvat-infarma-2026-innovacion-ia-buenas-noticias-farmacia\\\/\"},\"author\":{\"name\":\"xavier\",\"@id\":\"https:\\\/\\\/www.infarma.es\\\/en\\\/#\\\/schema\\\/person\\\/e53486dc47606cc5c89217026a8a01a7\"},\"headline\":\"Salvat en Infarma 2026: innovaci\u00f3n, IA y buenas noticias para la farmacia\",\"datePublished\":\"2026-03-09T17:27:04+00:00\",\"mainEntityOfPage\":{\"@id\":\"https:\\\/\\\/www.infarma.es\\\/en\\\/salvat-infarma-2026-innovacion-ia-buenas-noticias-farmacia\\\/\"},\"wordCount\":556,\"publisher\":{\"@id\":\"https:\\\/\\\/www.infarma.es\\\/en\\\/#organization\"},\"image\":{\"@id\":\"https:\\\/\\\/www.infarma.es\\\/en\\\/salvat-infarma-2026-innovacion-ia-buenas-noticias-farmacia\\\/#primaryimage\"},\"thumbnailUrl\":\"https:\\\/\\\/www.infarma.es\\\/wp-content\\\/uploads\\\/2026\\\/03\\\/inf2026-Salvat-Oficinas-blog.webp\",\"articleSection\":[\"Noticias del Sal\u00f3n\"],\"inLanguage\":\"en-US\"},{\"@type\":\"WebPage\",\"@id\":\"https:\\\/\\\/www.infarma.es\\\/en\\\/salvat-infarma-2026-innovacion-ia-buenas-noticias-farmacia\\\/\",\"url\":\"https:\\\/\\\/www.infarma.es\\\/en\\\/salvat-infarma-2026-innovacion-ia-buenas-noticias-farmacia\\\/\",\"name\":\"Salvat en Infarma 2026: innovaci\u00f3n, IA y buenas noticias para la farmacia\",\"isPartOf\":{\"@id\":\"https:\\\/\\\/www.infarma.es\\\/en\\\/#website\"},\"primaryImageOfPage\":{\"@id\":\"https:\\\/\\\/www.infarma.es\\\/en\\\/salvat-infarma-2026-innovacion-ia-buenas-noticias-farmacia\\\/#primaryimage\"},\"image\":{\"@id\":\"https:\\\/\\\/www.infarma.es\\\/en\\\/salvat-infarma-2026-innovacion-ia-buenas-noticias-farmacia\\\/#primaryimage\"},\"thumbnailUrl\":\"https:\\\/\\\/www.infarma.es\\\/wp-content\\\/uploads\\\/2026\\\/03\\\/inf2026-Salvat-Oficinas-blog.webp\",\"datePublished\":\"2026-03-09T17:27:04+00:00\",\"description\":\"Del 24 al 26 de marzo, el stand 3B64 se transformar\u00e1 en una redacci\u00f3n de noticias. Bajo el lema \u201cThe Salvat News: innovaci\u00f3n que merece ser contada\u201d.\",\"breadcrumb\":{\"@id\":\"https:\\\/\\\/www.infarma.es\\\/en\\\/salvat-infarma-2026-innovacion-ia-buenas-noticias-farmacia\\\/#breadcrumb\"},\"inLanguage\":\"en-US\",\"potentialAction\":[{\"@type\":\"ReadAction\",\"target\":[\"https:\\\/\\\/www.infarma.es\\\/en\\\/salvat-infarma-2026-innovacion-ia-buenas-noticias-farmacia\\\/\"]}]},{\"@type\":\"ImageObject\",\"inLanguage\":\"en-US\",\"@id\":\"https:\\\/\\\/www.infarma.es\\\/en\\\/salvat-infarma-2026-innovacion-ia-buenas-noticias-farmacia\\\/#primaryimage\",\"url\":\"https:\\\/\\\/www.infarma.es\\\/wp-content\\\/uploads\\\/2026\\\/03\\\/inf2026-Salvat-Oficinas-blog.webp\",\"contentUrl\":\"https:\\\/\\\/www.infarma.es\\\/wp-content\\\/uploads\\\/2026\\\/03\\\/inf2026-Salvat-Oficinas-blog.webp\",\"width\":1600,\"height\":900,\"caption\":\"Oficinas de Salvat\"},{\"@type\":\"BreadcrumbList\",\"@id\":\"https:\\\/\\\/www.infarma.es\\\/en\\\/salvat-infarma-2026-innovacion-ia-buenas-noticias-farmacia\\\/#breadcrumb\",\"itemListElement\":[{\"@type\":\"ListItem\",\"position\":1,\"name\":\"Portada\",\"item\":\"https:\\\/\\\/www.infarma.es\\\/en\\\/\"},{\"@type\":\"ListItem\",\"position\":2,\"name\":\"Salvat en Infarma 2026: innovaci\u00f3n, IA y buenas noticias para la farmacia\"}]},{\"@type\":\"WebSite\",\"@id\":\"https:\\\/\\\/www.infarma.es\\\/en\\\/#website\",\"url\":\"https:\\\/\\\/www.infarma.es\\\/en\\\/\",\"name\":\"Infarma\",\"description\":\"El mayor encuentro de farmacia\",\"publisher\":{\"@id\":\"https:\\\/\\\/www.infarma.es\\\/en\\\/#organization\"},\"potentialAction\":[{\"@type\":\"SearchAction\",\"target\":{\"@type\":\"EntryPoint\",\"urlTemplate\":\"https:\\\/\\\/www.infarma.es\\\/en\\\/?s={search_term_string}\"},\"query-input\":{\"@type\":\"PropertyValueSpecification\",\"valueRequired\":true,\"valueName\":\"search_term_string\"}}],\"inLanguage\":\"en-US\"},{\"@type\":\"Organization\",\"@id\":\"https:\\\/\\\/www.infarma.es\\\/en\\\/#organization\",\"name\":\"Infarma\",\"url\":\"https:\\\/\\\/www.infarma.es\\\/en\\\/\",\"logo\":{\"@type\":\"ImageObject\",\"inLanguage\":\"en-US\",\"@id\":\"https:\\\/\\\/www.infarma.es\\\/en\\\/#\\\/schema\\\/logo\\\/image\\\/\",\"url\":\"https:\\\/\\\/www.infarma.es\\\/wp-content\\\/uploads\\\/2024\\\/10\\\/logo-simple.svg\",\"contentUrl\":\"https:\\\/\\\/www.infarma.es\\\/wp-content\\\/uploads\\\/2024\\\/10\\\/logo-simple.svg\",\"width\":1,\"height\":1,\"caption\":\"Infarma\"},\"image\":{\"@id\":\"https:\\\/\\\/www.infarma.es\\\/en\\\/#\\\/schema\\\/logo\\\/image\\\/\"},\"sameAs\":[\"https:\\\/\\\/www.facebook.com\\\/infarmaoficial\\\/\",\"https:\\\/\\\/x.com\\\/infarma_es\",\"https:\\\/\\\/www.instagram.com\\\/infarma_oficial\\\/\",\"https:\\\/\\\/www.linkedin.com\\\/showcase\\\/infarma-salon\\\/\",\"https:\\\/\\\/www.youtube.com\\\/@INFARMAOFICIAL\"]},{\"@type\":\"Person\",\"@id\":\"https:\\\/\\\/www.infarma.es\\\/en\\\/#\\\/schema\\\/person\\\/e53486dc47606cc5c89217026a8a01a7\",\"name\":\"xavier\",\"image\":{\"@type\":\"ImageObject\",\"inLanguage\":\"en-US\",\"@id\":\"https:\\\/\\\/secure.gravatar.com\\\/avatar\\\/9014b89254123c1f240ae636cc793b98ce50ec2df162909756be1d23adc503e4?s=96&d=mm&r=g\",\"url\":\"https:\\\/\\\/secure.gravatar.com\\\/avatar\\\/9014b89254123c1f240ae636cc793b98ce50ec2df162909756be1d23adc503e4?s=96&d=mm&r=g\",\"contentUrl\":\"https:\\\/\\\/secure.gravatar.com\\\/avatar\\\/9014b89254123c1f240ae636cc793b98ce50ec2df162909756be1d23adc503e4?s=96&d=mm&r=g\",\"caption\":\"xavier\"},\"url\":\"https:\\\/\\\/www.infarma.es\\\/en\\\/author\\\/xavier\\\/\"}]}<\/script>\n<!-- \/ Yoast SEO plugin. -->","yoast_head_json":{"title":"Salvat en Infarma 2026: innovaci\u00f3n, IA y buenas noticias para la farmacia","description":"Del 24 al 26 de marzo, el stand 3B64 se transformar\u00e1 en una redacci\u00f3n de noticias. Bajo el lema \u201cThe Salvat News: innovaci\u00f3n que merece ser contada\u201d.","robots":{"index":"index","follow":"follow","max-snippet":"max-snippet:-1","max-image-preview":"max-image-preview:large","max-video-preview":"max-video-preview:-1"},"canonical":"https:\/\/www.infarma.es\/en\/salvat-infarma-2026-innovacion-ia-buenas-noticias-farmacia\/","og_locale":"en_US","og_type":"article","og_title":"Salvat en Infarma 2026: innovaci\u00f3n, IA y buenas noticias para la farmacia","og_description":"Del 24 al 26 de marzo, el stand 3B64 se transformar\u00e1 en una redacci\u00f3n de noticias. Bajo el lema \u201cThe Salvat News: innovaci\u00f3n que merece ser contada\u201d.","og_url":"https:\/\/www.infarma.es\/en\/salvat-infarma-2026-innovacion-ia-buenas-noticias-farmacia\/","og_site_name":"Infarma","article_publisher":"https:\/\/www.facebook.com\/infarmaoficial\/","article_published_time":"2026-03-09T17:27:04+00:00","og_image":[{"width":1600,"height":900,"url":"https:\/\/www.infarma.es\/wp-content\/uploads\/2026\/03\/inf2026-Salvat-Oficinas-blog.webp","type":"image\/webp"}],"author":"xavier","twitter_card":"summary_large_image","twitter_creator":"@infarma_es","twitter_site":"@infarma_es","twitter_misc":{"Written by":"xavier","Est. reading time":"3 minutes"},"schema":{"@context":"https:\/\/schema.org","@graph":[{"@type":"Article","@id":"https:\/\/www.infarma.es\/en\/salvat-infarma-2026-innovacion-ia-buenas-noticias-farmacia\/#article","isPartOf":{"@id":"https:\/\/www.infarma.es\/en\/salvat-infarma-2026-innovacion-ia-buenas-noticias-farmacia\/"},"author":{"name":"xavier","@id":"https:\/\/www.infarma.es\/en\/#\/schema\/person\/e53486dc47606cc5c89217026a8a01a7"},"headline":"Salvat en Infarma 2026: innovaci\u00f3n, IA y buenas noticias para la farmacia","datePublished":"2026-03-09T17:27:04+00:00","mainEntityOfPage":{"@id":"https:\/\/www.infarma.es\/en\/salvat-infarma-2026-innovacion-ia-buenas-noticias-farmacia\/"},"wordCount":556,"publisher":{"@id":"https:\/\/www.infarma.es\/en\/#organization"},"image":{"@id":"https:\/\/www.infarma.es\/en\/salvat-infarma-2026-innovacion-ia-buenas-noticias-farmacia\/#primaryimage"},"thumbnailUrl":"https:\/\/www.infarma.es\/wp-content\/uploads\/2026\/03\/inf2026-Salvat-Oficinas-blog.webp","articleSection":["Noticias del Sal\u00f3n"],"inLanguage":"en-US"},{"@type":"WebPage","@id":"https:\/\/www.infarma.es\/en\/salvat-infarma-2026-innovacion-ia-buenas-noticias-farmacia\/","url":"https:\/\/www.infarma.es\/en\/salvat-infarma-2026-innovacion-ia-buenas-noticias-farmacia\/","name":"Salvat en Infarma 2026: innovaci\u00f3n, IA y buenas noticias para la farmacia","isPartOf":{"@id":"https:\/\/www.infarma.es\/en\/#website"},"primaryImageOfPage":{"@id":"https:\/\/www.infarma.es\/en\/salvat-infarma-2026-innovacion-ia-buenas-noticias-farmacia\/#primaryimage"},"image":{"@id":"https:\/\/www.infarma.es\/en\/salvat-infarma-2026-innovacion-ia-buenas-noticias-farmacia\/#primaryimage"},"thumbnailUrl":"https:\/\/www.infarma.es\/wp-content\/uploads\/2026\/03\/inf2026-Salvat-Oficinas-blog.webp","datePublished":"2026-03-09T17:27:04+00:00","description":"Del 24 al 26 de marzo, el stand 3B64 se transformar\u00e1 en una redacci\u00f3n de noticias. Bajo el lema \u201cThe Salvat News: innovaci\u00f3n que merece ser contada\u201d.","breadcrumb":{"@id":"https:\/\/www.infarma.es\/en\/salvat-infarma-2026-innovacion-ia-buenas-noticias-farmacia\/#breadcrumb"},"inLanguage":"en-US","potentialAction":[{"@type":"ReadAction","target":["https:\/\/www.infarma.es\/en\/salvat-infarma-2026-innovacion-ia-buenas-noticias-farmacia\/"]}]},{"@type":"ImageObject","inLanguage":"en-US","@id":"https:\/\/www.infarma.es\/en\/salvat-infarma-2026-innovacion-ia-buenas-noticias-farmacia\/#primaryimage","url":"https:\/\/www.infarma.es\/wp-content\/uploads\/2026\/03\/inf2026-Salvat-Oficinas-blog.webp","contentUrl":"https:\/\/www.infarma.es\/wp-content\/uploads\/2026\/03\/inf2026-Salvat-Oficinas-blog.webp","width":1600,"height":900,"caption":"Oficinas de Salvat"},{"@type":"BreadcrumbList","@id":"https:\/\/www.infarma.es\/en\/salvat-infarma-2026-innovacion-ia-buenas-noticias-farmacia\/#breadcrumb","itemListElement":[{"@type":"ListItem","position":1,"name":"Portada","item":"https:\/\/www.infarma.es\/en\/"},{"@type":"ListItem","position":2,"name":"Salvat en Infarma 2026: innovaci\u00f3n, IA y buenas noticias para la farmacia"}]},{"@type":"WebSite","@id":"https:\/\/www.infarma.es\/en\/#website","url":"https:\/\/www.infarma.es\/en\/","name":"Infarma","description":"El mayor encuentro de farmacia","publisher":{"@id":"https:\/\/www.infarma.es\/en\/#organization"},"potentialAction":[{"@type":"SearchAction","target":{"@type":"EntryPoint","urlTemplate":"https:\/\/www.infarma.es\/en\/?s={search_term_string}"},"query-input":{"@type":"PropertyValueSpecification","valueRequired":true,"valueName":"search_term_string"}}],"inLanguage":"en-US"},{"@type":"Organization","@id":"https:\/\/www.infarma.es\/en\/#organization","name":"Infarma","url":"https:\/\/www.infarma.es\/en\/","logo":{"@type":"ImageObject","inLanguage":"en-US","@id":"https:\/\/www.infarma.es\/en\/#\/schema\/logo\/image\/","url":"https:\/\/www.infarma.es\/wp-content\/uploads\/2024\/10\/logo-simple.svg","contentUrl":"https:\/\/www.infarma.es\/wp-content\/uploads\/2024\/10\/logo-simple.svg","width":1,"height":1,"caption":"Infarma"},"image":{"@id":"https:\/\/www.infarma.es\/en\/#\/schema\/logo\/image\/"},"sameAs":["https:\/\/www.facebook.com\/infarmaoficial\/","https:\/\/x.com\/infarma_es","https:\/\/www.instagram.com\/infarma_oficial\/","https:\/\/www.linkedin.com\/showcase\/infarma-salon\/","https:\/\/www.youtube.com\/@INFARMAOFICIAL"]},{"@type":"Person","@id":"https:\/\/www.infarma.es\/en\/#\/schema\/person\/e53486dc47606cc5c89217026a8a01a7","name":"xavier","image":{"@type":"ImageObject","inLanguage":"en-US","@id":"https:\/\/secure.gravatar.com\/avatar\/9014b89254123c1f240ae636cc793b98ce50ec2df162909756be1d23adc503e4?s=96&d=mm&r=g","url":"https:\/\/secure.gravatar.com\/avatar\/9014b89254123c1f240ae636cc793b98ce50ec2df162909756be1d23adc503e4?s=96&d=mm&r=g","contentUrl":"https:\/\/secure.gravatar.com\/avatar\/9014b89254123c1f240ae636cc793b98ce50ec2df162909756be1d23adc503e4?s=96&d=mm&r=g","caption":"xavier"},"url":"https:\/\/www.infarma.es\/en\/author\/xavier\/"}]}},"_links":{"self":[{"href":"https:\/\/www.infarma.es\/en\/wp-json\/wp\/v2\/posts\/23986","targetHints":{"allow":["GET"]}}],"collection":[{"href":"https:\/\/www.infarma.es\/en\/wp-json\/wp\/v2\/posts"}],"about":[{"href":"https:\/\/www.infarma.es\/en\/wp-json\/wp\/v2\/types\/post"}],"author":[{"embeddable":true,"href":"https:\/\/www.infarma.es\/en\/wp-json\/wp\/v2\/users\/2"}],"replies":[{"embeddable":true,"href":"https:\/\/www.infarma.es\/en\/wp-json\/wp\/v2\/comments?post=23986"}],"version-history":[{"count":2,"href":"https:\/\/www.infarma.es\/en\/wp-json\/wp\/v2\/posts\/23986\/revisions"}],"predecessor-version":[{"id":23991,"href":"https:\/\/www.infarma.es\/en\/wp-json\/wp\/v2\/posts\/23986\/revisions\/23991"}],"wp:featuredmedia":[{"embeddable":true,"href":"https:\/\/www.infarma.es\/en\/wp-json\/wp\/v2\/media\/23987"}],"wp:attachment":[{"href":"https:\/\/www.infarma.es\/en\/wp-json\/wp\/v2\/media?parent=23986"}],"wp:term":[{"taxonomy":"category","embeddable":true,"href":"https:\/\/www.infarma.es\/en\/wp-json\/wp\/v2\/categories?post=23986"},{"taxonomy":"post_tag","embeddable":true,"href":"https:\/\/www.infarma.es\/en\/wp-json\/wp\/v2\/tags?post=23986"}],"curies":[{"name":"wp","href":"https:\/\/api.w.org\/{rel}","templated":true}]}}