{"id":23992,"date":"2026-03-10T12:05:56","date_gmt":"2026-03-10T11:05:56","guid":{"rendered":"https:\/\/www.infarma.es\/?p=23992"},"modified":"2026-03-10T12:42:13","modified_gmt":"2026-03-10T11:42:13","slug":"entrevista-manuel-mateos-director-linea-pharma-intelia-infarma-2026","status":"publish","type":"post","link":"https:\/\/www.infarma.es\/en\/entrevista-manuel-mateos-director-linea-pharma-intelia-infarma-2026\/","title":{"rendered":"Entrevista a Manuel Mateos, director de la l\u00ednea Pharma de Intelia"},"content":{"rendered":"\n<h4 class=\"wp-block-heading\">\u201cEl verdadero reto de la farmacia es tomar la decisi\u00f3n correcta en cada dispensaci\u00f3n\u201d<\/h4>\n\n\n\n<p>En el sector farmac\u00e9utico se habla cada vez con mayor frecuencia de digitalizaci\u00f3n, automatizaci\u00f3n o nuevos modelos de atenci\u00f3n al paciente. Sin embargo, existe un \u00e1mbito donde todav\u00eda persiste un amplio margen de mejora y donde se concentra buena parte del impacto econ\u00f3mico y profesional de la farmacia: <strong>el propio acto de dispensaci\u00f3n<\/strong>.<\/p>\n\n\n\n<p>Cada d\u00eda, en cada farmacia, se toman <strong>decenas de decisiones en el mostrador<\/strong> que influyen directamente en la rotaci\u00f3n del inventario, en la eficiencia operativa y en la sostenibilidad econ\u00f3mica de la farmacia. Son decisiones que deben adoptarse en un entorno exigente: <strong>pacientes esperando, consultas simult\u00e1neas y una gran cantidad de informaci\u00f3n que el farmac\u00e9utico debe gestionar en cuesti\u00f3n de segundos<\/strong>.<\/p>\n\n\n\n<p>En ese contexto, disponer de la informaci\u00f3n adecuada en el momento oportuno se convierte en un factor determinante para la calidad de la dispensaci\u00f3n.<\/p>\n\n\n\n<p>Sobre este desaf\u00edo reflexiona <strong>Manuel Mateos, director de la l\u00ednea Pharma de Intelia<\/strong>, compa\u00f1\u00eda que en los \u00faltimos a\u00f1os ha centrado su desarrollo tecnol\u00f3gico en mejorar la toma de decisiones durante la dispensaci\u00f3n farmac\u00e9utica.<\/p>\n\n\n\n<hr class=\"wp-block-separator has-alpha-channel-opacity\"\/>\n\n\n\n<h4 class=\"wp-block-heading\"><a><\/a>Cuando la estrategia de la farmacia no llega al mostrador<\/h4>\n\n\n\n<p>Uno de los retos que se repite en muchas farmacias es la <strong>desconexi\u00f3n entre la estrategia de compras y la dispensaci\u00f3n diaria<\/strong>.<\/p>\n\n\n\n<p>Las farmacias analizan de forma constante su inventario, revisan la rotaci\u00f3n de los productos, eval\u00faan m\u00e1rgenes, ajustan niveles de stock y definen qu\u00e9 referencias conviene priorizar. Sin embargo, trasladar esa estrategia al momento de la dispensaci\u00f3n no siempre resulta sencillo.<\/p>\n\n\n\n<p>Como explica Manuel Mateos, este es uno de los principales desaf\u00edos operativos de la farmacia actual:<\/p>\n\n\n\n<p>\u201cLa dispensaci\u00f3n no empieza en el mostrador. Empieza mucho antes, en el an\u00e1lisis del inventario y en las decisiones estrat\u00e9gicas que la farmacia toma sobre qu\u00e9 medicamentos y productos priorizar. Cada farmacia define continuamente una estrategia basada en rotaci\u00f3n, margen, disponibilidad de stock o posicionamiento de determinadas referencias. El reto es que toda esa informaci\u00f3n rara vez llega de forma clara al momento en el que el equipo debe tomar decisiones durante la dispensaci\u00f3n.\u201d<\/p>\n\n\n\n<p>En la pr\u00e1ctica, el titular puede tener perfectamente definida su pol\u00edtica de inventario o su estrategia comercial, pero esa informaci\u00f3n <strong>no siempre est\u00e1 disponible cuando el farmac\u00e9utico o el t\u00e9cnico debe decidir qu\u00e9 dispensar en ese momento<\/strong>.<\/p>\n\n\n\n<p>Cuando esto ocurre, la estrategia de la farmacia tiende a diluirse en la operativa diaria.<\/p>\n\n\n\n<hr class=\"wp-block-separator has-alpha-channel-opacity\"\/>\n\n\n\n<h4 class=\"wp-block-heading\"><a><\/a>Dos dimensiones de informaci\u00f3n que rara vez se integran<\/h4>\n\n\n\n<p>A esta situaci\u00f3n se suma otro factor clave: la cantidad de informaci\u00f3n que el farmac\u00e9utico debe manejar durante la dispensaci\u00f3n.<\/p>\n\n\n\n<p>En el mostrador confluyen al menos <strong>dos grandes dimensiones de informaci\u00f3n<\/strong>.<\/p>\n\n\n\n<p>Por un lado, la relacionada con el propio medicamento o producto de parafarmacia: <strong>composici\u00f3n, indicaciones terap\u00e9uticas, posolog\u00eda, posibles efectos adversos o interacciones..<\/strong>. Informaci\u00f3n cl\u00ednica que forma parte del conocimiento farmac\u00e9utico y que resulta esencial para garantizar un consejo profesional adecuado al paciente.<\/p>\n\n\n\n<p>Por otro lado, existe una segunda dimensi\u00f3n igualmente relevante para la gesti\u00f3n de la farmacia: la <strong>informaci\u00f3n estrat\u00e9gica del inventario<\/strong>. Variables como <strong>margen comercial, rotaci\u00f3n, niveles de stock, caducidades o prioridades definidas en la pol\u00edtica de compras<\/strong> condicionan directamente la rentabilidad de la farmacia.<\/p>\n\n\n\n<p>Desde Intelia se\u00f1alan que el verdadero desaf\u00edo aparece cuando ambas dimensiones deben gestionarse simult\u00e1neamente durante la dispensaci\u00f3n.<\/p>\n\n\n\n<hr class=\"wp-block-separator has-alpha-channel-opacity\"\/>\n\n\n\n<h4 class=\"wp-block-heading\"><a><\/a>La rentabilidad que se pierde de forma silenciosa<\/h4>\n\n\n\n<p>Cuando la informaci\u00f3n relevante no est\u00e1 disponible de forma clara en el momento de la dispensaci\u00f3n, muchas decisiones se toman con <strong>datos parciales o dif\u00edciles de consultar en ese instante<\/strong>.<\/p>\n\n\n\n<p>No se trata de una cuesti\u00f3n de conocimiento. El farmac\u00e9utico cuenta con una s\u00f3lida formaci\u00f3n sanitaria y experiencia cl\u00ednica. El reto est\u00e1 en el <strong>contexto operativo del mostrador<\/strong>, donde deben gestionarse simult\u00e1neamente m\u00faltiples variables \u2014informaci\u00f3n del medicamento, alternativas disponibles, margen, rotaci\u00f3n o disponibilidad de stock\u2014 mientras se atiende al paciente.<\/p>\n\n\n\n<p>En ese entorno, no siempre es posible tener presentes todos los factores que influyen en la decisi\u00f3n.<\/p>\n\n\n\n<p>Desde Intelia se\u00f1alan que esta situaci\u00f3n genera un fen\u00f3meno que a menudo pasa desapercibido: <strong>la rentabilidad de la farmacia puede erosionarse de forma progresiva y silenciosa<\/strong>.<\/p>\n\n\n\n<p>Como explica Manuel Mateos:<\/p>\n\n\n\n<p>\u201cLa rentabilidad de la farmacia rara vez se pierde por una gran decisi\u00f3n equivocada. Lo habitual es que se diluya a trav\u00e9s de peque\u00f1as decisiones cotidianas que se repiten cientos de veces cada d\u00eda.\u201d<\/p>\n\n\n\n<p>Es ah\u00ed donde aparece lo que desde la compa\u00f1\u00eda denominan <strong>el gap entre la dispensaci\u00f3n est\u00e1ndar y la dispensaci\u00f3n \u00f3ptima<\/strong>: una diferencia que no depende del conocimiento del farmac\u00e9utico, sino de <strong>la capacidad de acceder a la informaci\u00f3n adecuada en el momento en que se toma la decisi\u00f3n<\/strong>.<\/p>\n\n\n\n<hr class=\"wp-block-separator has-alpha-channel-opacity\"\/>\n\n\n\n<h4 class=\"wp-block-heading\"><a><\/a>Tecnolog\u00eda integrada en el flujo de dispensaci\u00f3n<\/h4>\n\n\n\n<p>Con esta premisa naci\u00f3 el proyecto tecnol\u00f3gico de Intelia, centrado en acompa\u00f1ar al farmac\u00e9utico en el momento donde realmente se producen estas decisiones: <strong>la dispensaci\u00f3n<\/strong>.<\/p>\n\n\n\n<p>La tecnolog\u00eda desarrollada por la compa\u00f1\u00eda act\u00faa como un <strong>sistema de recomendaci\u00f3n inteligente en la farmacia<\/strong>, permitiendo que la informaci\u00f3n relevante est\u00e9 disponible en tiempo real durante cada dispensaci\u00f3n.<\/p>\n\n\n\n<p>El objetivo no es sustituir el criterio profesional del farmac\u00e9utico, sino <strong>facilitar el acceso a informaci\u00f3n que permita tomar decisiones mejor informadas<\/strong>.<\/p>\n\n\n\n<p>El sistema permite, entre otras funcionalidades, identificar alternativas dentro del inventario, detectar oportunidades de recomendaci\u00f3n complementaria o trasladar al equipo las prioridades estrat\u00e9gicas definidas por la farmacia.<\/p>\n\n\n\n<p>Todo ello bajo una premisa fundamental: <strong>la tecnolog\u00eda debe integrarse de forma natural en la operativa diaria, sin interferir en la din\u00e1mica del mostrador<\/strong>.<\/p>\n\n\n\n<hr class=\"wp-block-separator has-alpha-channel-opacity\"\/>\n\n\n\n<h4 class=\"wp-block-heading\"><a><\/a>Tercer a\u00f1o en Infarma<\/h4>\n\n\n\n<p>Este a\u00f1o Intelia participa por <strong>tercer a\u00f1o consecutivo en Infarma<\/strong>, consolidando su presencia en uno de los principales encuentros profesionales del sector farmac\u00e9utico.<\/p>\n\n\n\n<p>La compa\u00f1\u00eda acudir\u00e1 con nuevas funcionalidades y avances tecnol\u00f3gicos orientados a seguir mejorando la eficiencia de la dispensaci\u00f3n y la toma de decisiones en el mostrador.<\/p>\n\n\n\n<p>Los profesionales que deseen conocer estas innovaciones podr\u00e1n hacerlo durante la feria en el <strong>stand 7E58<\/strong>, donde el equipo de Intelia compartir\u00e1 su visi\u00f3n sobre c\u00f3mo la tecnolog\u00eda puede ayudar a <strong>optimizar la dispensaci\u00f3n, mejorar la gesti\u00f3n del inventario y reforzar la rentabilidad de la farmacia<\/strong>, siempre con el farmac\u00e9utico como eje central del proceso.<\/p>\n\n\n\n<p>Como concluye Manuel Mateos:<\/p>\n\n\n\n<p>\u201cEn esencia, el objetivo es muy sencillo: ayudar a que cada decisi\u00f3n en el mostrador pueda tomarse con m\u00e1s informaci\u00f3n, m\u00e1s criterio y mayor seguridad para el farmac\u00e9utico.\u201d<\/p>\n","protected":false},"excerpt":{"rendered":"<p>\u201cEl verdadero reto de la farmacia es tomar la decisi\u00f3n correcta en cada dispensaci\u00f3n\u201d En el sector farmac\u00e9utico se habla cada vez con mayor frecuencia de digitalizaci\u00f3n, automatizaci\u00f3n o nuevos modelos de atenci\u00f3n al paciente. Sin embargo, existe un \u00e1mbito donde todav\u00eda persiste un amplio margen de mejora y donde se concentra buena parte del [&hellip;]<\/p>\n","protected":false},"author":2,"featured_media":23993,"comment_status":"closed","ping_status":"open","sticky":false,"template":"","format":"standard","meta":{"footnotes":""},"categories":[141],"tags":[],"class_list":["post-23992","post","type-post","status-publish","format-standard","has-post-thumbnail","hentry","category-noticias-del-salon"],"yoast_head":"<!-- This site is optimized with the Yoast SEO plugin v27.4 - https:\/\/yoast.com\/product\/yoast-seo-wordpress\/ -->\n<title>Entrevista a Manuel Mateos, director de la l\u00ednea Pharma de Intelia<\/title>\n<meta name=\"description\" content=\"Disponer de la informaci\u00f3n adecuada en el momento oportuno se convierte en un factor determinante para la calidad de la dispensaci\u00f3n.\" \/>\n<meta name=\"robots\" content=\"index, follow, max-snippet:-1, max-image-preview:large, max-video-preview:-1\" \/>\n<link rel=\"canonical\" href=\"https:\/\/www.infarma.es\/en\/entrevista-manuel-mateos-director-linea-pharma-intelia-infarma-2026\/\" \/>\n<meta property=\"og:locale\" content=\"en_US\" \/>\n<meta property=\"og:type\" content=\"article\" \/>\n<meta property=\"og:title\" content=\"Entrevista a Manuel Mateos, director de la l\u00ednea Pharma de Intelia\" \/>\n<meta property=\"og:description\" content=\"Disponer de la informaci\u00f3n adecuada en el momento oportuno se convierte en un factor determinante para la calidad de la dispensaci\u00f3n.\" \/>\n<meta property=\"og:url\" content=\"https:\/\/www.infarma.es\/en\/entrevista-manuel-mateos-director-linea-pharma-intelia-infarma-2026\/\" \/>\n<meta property=\"og:site_name\" content=\"Infarma\" \/>\n<meta property=\"article:publisher\" content=\"https:\/\/www.facebook.com\/infarmaoficial\/\" \/>\n<meta property=\"article:published_time\" content=\"2026-03-10T11:05:56+00:00\" \/>\n<meta property=\"article:modified_time\" content=\"2026-03-10T11:42:13+00:00\" \/>\n<meta property=\"og:image\" content=\"https:\/\/www.infarma.es\/wp-content\/uploads\/2026\/03\/inf2026-Intelia-entrevista.png\" \/>\n\t<meta property=\"og:image:width\" content=\"1600\" \/>\n\t<meta property=\"og:image:height\" content=\"900\" \/>\n\t<meta property=\"og:image:type\" content=\"image\/png\" \/>\n<meta name=\"author\" content=\"xavier\" \/>\n<meta name=\"twitter:card\" content=\"summary_large_image\" \/>\n<meta name=\"twitter:creator\" content=\"@infarma_es\" \/>\n<meta name=\"twitter:site\" content=\"@infarma_es\" \/>\n<meta name=\"twitter:label1\" content=\"Written by\" \/>\n\t<meta name=\"twitter:data1\" content=\"xavier\" \/>\n\t<meta name=\"twitter:label2\" content=\"Est. reading time\" \/>\n\t<meta name=\"twitter:data2\" content=\"5 minutes\" \/>\n<script type=\"application\/ld+json\" class=\"yoast-schema-graph\">{\"@context\":\"https:\\\/\\\/schema.org\",\"@graph\":[{\"@type\":\"Article\",\"@id\":\"https:\\\/\\\/www.infarma.es\\\/en\\\/entrevista-manuel-mateos-director-linea-pharma-intelia-infarma-2026\\\/#article\",\"isPartOf\":{\"@id\":\"https:\\\/\\\/www.infarma.es\\\/en\\\/entrevista-manuel-mateos-director-linea-pharma-intelia-infarma-2026\\\/\"},\"author\":{\"name\":\"xavier\",\"@id\":\"https:\\\/\\\/www.infarma.es\\\/en\\\/#\\\/schema\\\/person\\\/e53486dc47606cc5c89217026a8a01a7\"},\"headline\":\"Entrevista a Manuel Mateos, director de la l\u00ednea Pharma de Intelia\",\"datePublished\":\"2026-03-10T11:05:56+00:00\",\"dateModified\":\"2026-03-10T11:42:13+00:00\",\"mainEntityOfPage\":{\"@id\":\"https:\\\/\\\/www.infarma.es\\\/en\\\/entrevista-manuel-mateos-director-linea-pharma-intelia-infarma-2026\\\/\"},\"wordCount\":1175,\"publisher\":{\"@id\":\"https:\\\/\\\/www.infarma.es\\\/en\\\/#organization\"},\"image\":{\"@id\":\"https:\\\/\\\/www.infarma.es\\\/en\\\/entrevista-manuel-mateos-director-linea-pharma-intelia-infarma-2026\\\/#primaryimage\"},\"thumbnailUrl\":\"https:\\\/\\\/www.infarma.es\\\/wp-content\\\/uploads\\\/2026\\\/03\\\/inf2026-Intelia-entrevista.png\",\"articleSection\":[\"Noticias del Sal\u00f3n\"],\"inLanguage\":\"en-US\"},{\"@type\":\"WebPage\",\"@id\":\"https:\\\/\\\/www.infarma.es\\\/en\\\/entrevista-manuel-mateos-director-linea-pharma-intelia-infarma-2026\\\/\",\"url\":\"https:\\\/\\\/www.infarma.es\\\/en\\\/entrevista-manuel-mateos-director-linea-pharma-intelia-infarma-2026\\\/\",\"name\":\"Entrevista a Manuel Mateos, director de la l\u00ednea Pharma de Intelia\",\"isPartOf\":{\"@id\":\"https:\\\/\\\/www.infarma.es\\\/en\\\/#website\"},\"primaryImageOfPage\":{\"@id\":\"https:\\\/\\\/www.infarma.es\\\/en\\\/entrevista-manuel-mateos-director-linea-pharma-intelia-infarma-2026\\\/#primaryimage\"},\"image\":{\"@id\":\"https:\\\/\\\/www.infarma.es\\\/en\\\/entrevista-manuel-mateos-director-linea-pharma-intelia-infarma-2026\\\/#primaryimage\"},\"thumbnailUrl\":\"https:\\\/\\\/www.infarma.es\\\/wp-content\\\/uploads\\\/2026\\\/03\\\/inf2026-Intelia-entrevista.png\",\"datePublished\":\"2026-03-10T11:05:56+00:00\",\"dateModified\":\"2026-03-10T11:42:13+00:00\",\"description\":\"Disponer de la informaci\u00f3n adecuada en el momento oportuno se convierte en un factor determinante para la calidad de la dispensaci\u00f3n.\",\"breadcrumb\":{\"@id\":\"https:\\\/\\\/www.infarma.es\\\/en\\\/entrevista-manuel-mateos-director-linea-pharma-intelia-infarma-2026\\\/#breadcrumb\"},\"inLanguage\":\"en-US\",\"potentialAction\":[{\"@type\":\"ReadAction\",\"target\":[\"https:\\\/\\\/www.infarma.es\\\/en\\\/entrevista-manuel-mateos-director-linea-pharma-intelia-infarma-2026\\\/\"]}]},{\"@type\":\"ImageObject\",\"inLanguage\":\"en-US\",\"@id\":\"https:\\\/\\\/www.infarma.es\\\/en\\\/entrevista-manuel-mateos-director-linea-pharma-intelia-infarma-2026\\\/#primaryimage\",\"url\":\"https:\\\/\\\/www.infarma.es\\\/wp-content\\\/uploads\\\/2026\\\/03\\\/inf2026-Intelia-entrevista.png\",\"contentUrl\":\"https:\\\/\\\/www.infarma.es\\\/wp-content\\\/uploads\\\/2026\\\/03\\\/inf2026-Intelia-entrevista.png\",\"width\":1600,\"height\":900,\"caption\":\"Manuel Mateos, director de la l\u00ednea Pharma de Intelia\"},{\"@type\":\"BreadcrumbList\",\"@id\":\"https:\\\/\\\/www.infarma.es\\\/en\\\/entrevista-manuel-mateos-director-linea-pharma-intelia-infarma-2026\\\/#breadcrumb\",\"itemListElement\":[{\"@type\":\"ListItem\",\"position\":1,\"name\":\"Portada\",\"item\":\"https:\\\/\\\/www.infarma.es\\\/en\\\/\"},{\"@type\":\"ListItem\",\"position\":2,\"name\":\"Entrevista a Manuel Mateos, director de la l\u00ednea Pharma de Intelia\"}]},{\"@type\":\"WebSite\",\"@id\":\"https:\\\/\\\/www.infarma.es\\\/en\\\/#website\",\"url\":\"https:\\\/\\\/www.infarma.es\\\/en\\\/\",\"name\":\"Infarma\",\"description\":\"El mayor encuentro de farmacia\",\"publisher\":{\"@id\":\"https:\\\/\\\/www.infarma.es\\\/en\\\/#organization\"},\"potentialAction\":[{\"@type\":\"SearchAction\",\"target\":{\"@type\":\"EntryPoint\",\"urlTemplate\":\"https:\\\/\\\/www.infarma.es\\\/en\\\/?s={search_term_string}\"},\"query-input\":{\"@type\":\"PropertyValueSpecification\",\"valueRequired\":true,\"valueName\":\"search_term_string\"}}],\"inLanguage\":\"en-US\"},{\"@type\":\"Organization\",\"@id\":\"https:\\\/\\\/www.infarma.es\\\/en\\\/#organization\",\"name\":\"Infarma\",\"url\":\"https:\\\/\\\/www.infarma.es\\\/en\\\/\",\"logo\":{\"@type\":\"ImageObject\",\"inLanguage\":\"en-US\",\"@id\":\"https:\\\/\\\/www.infarma.es\\\/en\\\/#\\\/schema\\\/logo\\\/image\\\/\",\"url\":\"https:\\\/\\\/www.infarma.es\\\/wp-content\\\/uploads\\\/2024\\\/10\\\/logo-simple.svg\",\"contentUrl\":\"https:\\\/\\\/www.infarma.es\\\/wp-content\\\/uploads\\\/2024\\\/10\\\/logo-simple.svg\",\"width\":1,\"height\":1,\"caption\":\"Infarma\"},\"image\":{\"@id\":\"https:\\\/\\\/www.infarma.es\\\/en\\\/#\\\/schema\\\/logo\\\/image\\\/\"},\"sameAs\":[\"https:\\\/\\\/www.facebook.com\\\/infarmaoficial\\\/\",\"https:\\\/\\\/x.com\\\/infarma_es\",\"https:\\\/\\\/www.instagram.com\\\/infarma_oficial\\\/\",\"https:\\\/\\\/www.linkedin.com\\\/showcase\\\/infarma-salon\\\/\",\"https:\\\/\\\/www.youtube.com\\\/@INFARMAOFICIAL\"]},{\"@type\":\"Person\",\"@id\":\"https:\\\/\\\/www.infarma.es\\\/en\\\/#\\\/schema\\\/person\\\/e53486dc47606cc5c89217026a8a01a7\",\"name\":\"xavier\",\"image\":{\"@type\":\"ImageObject\",\"inLanguage\":\"en-US\",\"@id\":\"https:\\\/\\\/secure.gravatar.com\\\/avatar\\\/9014b89254123c1f240ae636cc793b98ce50ec2df162909756be1d23adc503e4?s=96&d=mm&r=g\",\"url\":\"https:\\\/\\\/secure.gravatar.com\\\/avatar\\\/9014b89254123c1f240ae636cc793b98ce50ec2df162909756be1d23adc503e4?s=96&d=mm&r=g\",\"contentUrl\":\"https:\\\/\\\/secure.gravatar.com\\\/avatar\\\/9014b89254123c1f240ae636cc793b98ce50ec2df162909756be1d23adc503e4?s=96&d=mm&r=g\",\"caption\":\"xavier\"},\"url\":\"https:\\\/\\\/www.infarma.es\\\/en\\\/author\\\/xavier\\\/\"}]}<\/script>\n<!-- \/ Yoast SEO plugin. -->","yoast_head_json":{"title":"Entrevista a Manuel Mateos, director de la l\u00ednea Pharma de Intelia","description":"Disponer de la informaci\u00f3n adecuada en el momento oportuno se convierte en un factor determinante para la calidad de la dispensaci\u00f3n.","robots":{"index":"index","follow":"follow","max-snippet":"max-snippet:-1","max-image-preview":"max-image-preview:large","max-video-preview":"max-video-preview:-1"},"canonical":"https:\/\/www.infarma.es\/en\/entrevista-manuel-mateos-director-linea-pharma-intelia-infarma-2026\/","og_locale":"en_US","og_type":"article","og_title":"Entrevista a Manuel Mateos, director de la l\u00ednea Pharma de Intelia","og_description":"Disponer de la informaci\u00f3n adecuada en el momento oportuno se convierte en un factor determinante para la calidad de la dispensaci\u00f3n.","og_url":"https:\/\/www.infarma.es\/en\/entrevista-manuel-mateos-director-linea-pharma-intelia-infarma-2026\/","og_site_name":"Infarma","article_publisher":"https:\/\/www.facebook.com\/infarmaoficial\/","article_published_time":"2026-03-10T11:05:56+00:00","article_modified_time":"2026-03-10T11:42:13+00:00","og_image":[{"width":1600,"height":900,"url":"https:\/\/www.infarma.es\/wp-content\/uploads\/2026\/03\/inf2026-Intelia-entrevista.png","type":"image\/png"}],"author":"xavier","twitter_card":"summary_large_image","twitter_creator":"@infarma_es","twitter_site":"@infarma_es","twitter_misc":{"Written by":"xavier","Est. reading time":"5 minutes"},"schema":{"@context":"https:\/\/schema.org","@graph":[{"@type":"Article","@id":"https:\/\/www.infarma.es\/en\/entrevista-manuel-mateos-director-linea-pharma-intelia-infarma-2026\/#article","isPartOf":{"@id":"https:\/\/www.infarma.es\/en\/entrevista-manuel-mateos-director-linea-pharma-intelia-infarma-2026\/"},"author":{"name":"xavier","@id":"https:\/\/www.infarma.es\/en\/#\/schema\/person\/e53486dc47606cc5c89217026a8a01a7"},"headline":"Entrevista a Manuel Mateos, director de la l\u00ednea Pharma de Intelia","datePublished":"2026-03-10T11:05:56+00:00","dateModified":"2026-03-10T11:42:13+00:00","mainEntityOfPage":{"@id":"https:\/\/www.infarma.es\/en\/entrevista-manuel-mateos-director-linea-pharma-intelia-infarma-2026\/"},"wordCount":1175,"publisher":{"@id":"https:\/\/www.infarma.es\/en\/#organization"},"image":{"@id":"https:\/\/www.infarma.es\/en\/entrevista-manuel-mateos-director-linea-pharma-intelia-infarma-2026\/#primaryimage"},"thumbnailUrl":"https:\/\/www.infarma.es\/wp-content\/uploads\/2026\/03\/inf2026-Intelia-entrevista.png","articleSection":["Noticias del Sal\u00f3n"],"inLanguage":"en-US"},{"@type":"WebPage","@id":"https:\/\/www.infarma.es\/en\/entrevista-manuel-mateos-director-linea-pharma-intelia-infarma-2026\/","url":"https:\/\/www.infarma.es\/en\/entrevista-manuel-mateos-director-linea-pharma-intelia-infarma-2026\/","name":"Entrevista a Manuel Mateos, director de la l\u00ednea Pharma de Intelia","isPartOf":{"@id":"https:\/\/www.infarma.es\/en\/#website"},"primaryImageOfPage":{"@id":"https:\/\/www.infarma.es\/en\/entrevista-manuel-mateos-director-linea-pharma-intelia-infarma-2026\/#primaryimage"},"image":{"@id":"https:\/\/www.infarma.es\/en\/entrevista-manuel-mateos-director-linea-pharma-intelia-infarma-2026\/#primaryimage"},"thumbnailUrl":"https:\/\/www.infarma.es\/wp-content\/uploads\/2026\/03\/inf2026-Intelia-entrevista.png","datePublished":"2026-03-10T11:05:56+00:00","dateModified":"2026-03-10T11:42:13+00:00","description":"Disponer de la informaci\u00f3n adecuada en el momento oportuno se convierte en un factor determinante para la calidad de la dispensaci\u00f3n.","breadcrumb":{"@id":"https:\/\/www.infarma.es\/en\/entrevista-manuel-mateos-director-linea-pharma-intelia-infarma-2026\/#breadcrumb"},"inLanguage":"en-US","potentialAction":[{"@type":"ReadAction","target":["https:\/\/www.infarma.es\/en\/entrevista-manuel-mateos-director-linea-pharma-intelia-infarma-2026\/"]}]},{"@type":"ImageObject","inLanguage":"en-US","@id":"https:\/\/www.infarma.es\/en\/entrevista-manuel-mateos-director-linea-pharma-intelia-infarma-2026\/#primaryimage","url":"https:\/\/www.infarma.es\/wp-content\/uploads\/2026\/03\/inf2026-Intelia-entrevista.png","contentUrl":"https:\/\/www.infarma.es\/wp-content\/uploads\/2026\/03\/inf2026-Intelia-entrevista.png","width":1600,"height":900,"caption":"Manuel Mateos, director de la l\u00ednea Pharma de Intelia"},{"@type":"BreadcrumbList","@id":"https:\/\/www.infarma.es\/en\/entrevista-manuel-mateos-director-linea-pharma-intelia-infarma-2026\/#breadcrumb","itemListElement":[{"@type":"ListItem","position":1,"name":"Portada","item":"https:\/\/www.infarma.es\/en\/"},{"@type":"ListItem","position":2,"name":"Entrevista a Manuel Mateos, director de la l\u00ednea Pharma de Intelia"}]},{"@type":"WebSite","@id":"https:\/\/www.infarma.es\/en\/#website","url":"https:\/\/www.infarma.es\/en\/","name":"Infarma","description":"El mayor encuentro de farmacia","publisher":{"@id":"https:\/\/www.infarma.es\/en\/#organization"},"potentialAction":[{"@type":"SearchAction","target":{"@type":"EntryPoint","urlTemplate":"https:\/\/www.infarma.es\/en\/?s={search_term_string}"},"query-input":{"@type":"PropertyValueSpecification","valueRequired":true,"valueName":"search_term_string"}}],"inLanguage":"en-US"},{"@type":"Organization","@id":"https:\/\/www.infarma.es\/en\/#organization","name":"Infarma","url":"https:\/\/www.infarma.es\/en\/","logo":{"@type":"ImageObject","inLanguage":"en-US","@id":"https:\/\/www.infarma.es\/en\/#\/schema\/logo\/image\/","url":"https:\/\/www.infarma.es\/wp-content\/uploads\/2024\/10\/logo-simple.svg","contentUrl":"https:\/\/www.infarma.es\/wp-content\/uploads\/2024\/10\/logo-simple.svg","width":1,"height":1,"caption":"Infarma"},"image":{"@id":"https:\/\/www.infarma.es\/en\/#\/schema\/logo\/image\/"},"sameAs":["https:\/\/www.facebook.com\/infarmaoficial\/","https:\/\/x.com\/infarma_es","https:\/\/www.instagram.com\/infarma_oficial\/","https:\/\/www.linkedin.com\/showcase\/infarma-salon\/","https:\/\/www.youtube.com\/@INFARMAOFICIAL"]},{"@type":"Person","@id":"https:\/\/www.infarma.es\/en\/#\/schema\/person\/e53486dc47606cc5c89217026a8a01a7","name":"xavier","image":{"@type":"ImageObject","inLanguage":"en-US","@id":"https:\/\/secure.gravatar.com\/avatar\/9014b89254123c1f240ae636cc793b98ce50ec2df162909756be1d23adc503e4?s=96&d=mm&r=g","url":"https:\/\/secure.gravatar.com\/avatar\/9014b89254123c1f240ae636cc793b98ce50ec2df162909756be1d23adc503e4?s=96&d=mm&r=g","contentUrl":"https:\/\/secure.gravatar.com\/avatar\/9014b89254123c1f240ae636cc793b98ce50ec2df162909756be1d23adc503e4?s=96&d=mm&r=g","caption":"xavier"},"url":"https:\/\/www.infarma.es\/en\/author\/xavier\/"}]}},"_links":{"self":[{"href":"https:\/\/www.infarma.es\/en\/wp-json\/wp\/v2\/posts\/23992","targetHints":{"allow":["GET"]}}],"collection":[{"href":"https:\/\/www.infarma.es\/en\/wp-json\/wp\/v2\/posts"}],"about":[{"href":"https:\/\/www.infarma.es\/en\/wp-json\/wp\/v2\/types\/post"}],"author":[{"embeddable":true,"href":"https:\/\/www.infarma.es\/en\/wp-json\/wp\/v2\/users\/2"}],"replies":[{"embeddable":true,"href":"https:\/\/www.infarma.es\/en\/wp-json\/wp\/v2\/comments?post=23992"}],"version-history":[{"count":3,"href":"https:\/\/www.infarma.es\/en\/wp-json\/wp\/v2\/posts\/23992\/revisions"}],"predecessor-version":[{"id":24012,"href":"https:\/\/www.infarma.es\/en\/wp-json\/wp\/v2\/posts\/23992\/revisions\/24012"}],"wp:featuredmedia":[{"embeddable":true,"href":"https:\/\/www.infarma.es\/en\/wp-json\/wp\/v2\/media\/23993"}],"wp:attachment":[{"href":"https:\/\/www.infarma.es\/en\/wp-json\/wp\/v2\/media?parent=23992"}],"wp:term":[{"taxonomy":"category","embeddable":true,"href":"https:\/\/www.infarma.es\/en\/wp-json\/wp\/v2\/categories?post=23992"},{"taxonomy":"post_tag","embeddable":true,"href":"https:\/\/www.infarma.es\/en\/wp-json\/wp\/v2\/tags?post=23992"}],"curies":[{"name":"wp","href":"https:\/\/api.w.org\/{rel}","templated":true}]}}