{"id":24017,"date":"2026-03-10T13:22:15","date_gmt":"2026-03-10T12:22:15","guid":{"rendered":"https:\/\/www.infarma.es\/?p=24017"},"modified":"2026-03-10T13:22:15","modified_gmt":"2026-03-10T12:22:15","slug":"inme-lab-infarma-2026","status":"publish","type":"post","link":"https:\/\/www.infarma.es\/en\/inme-lab-infarma-2026\/","title":{"rendered":"inMe LAB, presente en INFARMA 2026"},"content":{"rendered":"\n<p>inMe LAB, laboratorio espa\u00f1ol especializado en suplementaci\u00f3n, estar\u00e1 presente en INFARMA 2026. Fundado en 2019 por farmac\u00e9uticos, el laboratorio ofrece un cat\u00e1logo de productos elaborados a partir de principios activos de primera calidad en concentraciones \u00f3ptimas.<\/p>\n\n\n\n<p>Fieles a su compromiso con la ciencia, en 2022, realizaron un estudio cl\u00ednico, de la mano de dermat\u00f3logos, en el que participaron pacientes con dermatitis at\u00f3pica, ros\u00e1cea y acn\u00e9, que aport\u00f3 resultados excelentes.<\/p>\n\n\n\n<p>Existen dos factores que diferencian a inMe LAB dentro del sector de la suplementaci\u00f3n. Por un lado, su filosof\u00eda: prevenir y tratar desde el origen del problema. En segundo, la eficacia de sus productos, que proporcionan resultados visibles en m\u00ednimo tiempo, facilitando la adherencia del paciente al tratamiento.<\/p>\n\n\n\n<p>En palabras de su fundadora \u201clos productos de inMe LAB cuentan con f\u00f3rmulas que contribuyen a solventar los d\u00e9ficits nutricionales que la poblaci\u00f3n presenta en la actualidad de manera generalizada\u201d.<\/p>\n\n\n\n<p>La presencia de inMe LAB en INFARMA, se convertir\u00e1 en la oportunidad perfecta para que farmac\u00e9uticos y distribuidores puedan incluir en su cat\u00e1logo suplementos nutricionales de m\u00e1xima calidad.<\/p>\n","protected":false},"excerpt":{"rendered":"<p>inMe LAB, laboratorio espa\u00f1ol especializado en suplementaci\u00f3n, estar\u00e1 presente en INFARMA 2026. Fundado en 2019 por farmac\u00e9uticos, el laboratorio ofrece un cat\u00e1logo de productos elaborados a partir de principios activos de primera calidad en concentraciones \u00f3ptimas. Fieles a su compromiso con la ciencia, en 2022, realizaron un estudio cl\u00ednico, de la mano de dermat\u00f3logos, en [&hellip;]<\/p>\n","protected":false},"author":2,"featured_media":24018,"comment_status":"closed","ping_status":"open","sticky":false,"template":"","format":"standard","meta":{"footnotes":""},"categories":[141],"tags":[],"class_list":["post-24017","post","type-post","status-publish","format-standard","has-post-thumbnail","hentry","category-noticias-del-salon"],"yoast_head":"<!-- This site is optimized with the Yoast SEO plugin v27.4 - https:\/\/yoast.com\/product\/yoast-seo-wordpress\/ -->\n<title>inMe LAB, presente en INFARMA 2026<\/title>\n<meta name=\"description\" content=\"El laboratorio ofrece un cat\u00e1logo de productos elaborados a partir de principios activos de primera calidad en concentraciones \u00f3ptimas.\" \/>\n<meta name=\"robots\" content=\"index, follow, max-snippet:-1, max-image-preview:large, max-video-preview:-1\" \/>\n<link rel=\"canonical\" href=\"https:\/\/www.infarma.es\/en\/inme-lab-infarma-2026\/\" \/>\n<meta property=\"og:locale\" content=\"en_US\" \/>\n<meta property=\"og:type\" content=\"article\" \/>\n<meta property=\"og:title\" content=\"inMe LAB, presente en INFARMA 2026\" \/>\n<meta property=\"og:description\" content=\"El laboratorio ofrece un cat\u00e1logo de productos elaborados a partir de principios activos de primera calidad en concentraciones \u00f3ptimas.\" \/>\n<meta property=\"og:url\" content=\"https:\/\/www.infarma.es\/en\/inme-lab-infarma-2026\/\" \/>\n<meta property=\"og:site_name\" content=\"Infarma\" \/>\n<meta property=\"article:publisher\" content=\"https:\/\/www.facebook.com\/infarmaoficial\/\" \/>\n<meta property=\"article:published_time\" content=\"2026-03-10T12:22:15+00:00\" \/>\n<meta property=\"og:image\" content=\"https:\/\/www.infarma.es\/wp-content\/uploads\/2026\/03\/inf2026-inmelab-blog.webp\" \/>\n\t<meta property=\"og:image:width\" content=\"1600\" \/>\n\t<meta property=\"og:image:height\" content=\"900\" \/>\n\t<meta property=\"og:image:type\" content=\"image\/webp\" \/>\n<meta name=\"author\" content=\"xavier\" \/>\n<meta name=\"twitter:card\" content=\"summary_large_image\" \/>\n<meta name=\"twitter:creator\" content=\"@infarma_es\" \/>\n<meta name=\"twitter:site\" content=\"@infarma_es\" \/>\n<meta name=\"twitter:label1\" content=\"Written by\" \/>\n\t<meta name=\"twitter:data1\" content=\"xavier\" \/>\n\t<meta name=\"twitter:label2\" content=\"Est. reading time\" \/>\n\t<meta name=\"twitter:data2\" content=\"2 minutes\" \/>\n<script type=\"application\/ld+json\" class=\"yoast-schema-graph\">{\"@context\":\"https:\\\/\\\/schema.org\",\"@graph\":[{\"@type\":\"Article\",\"@id\":\"https:\\\/\\\/www.infarma.es\\\/en\\\/inme-lab-infarma-2026\\\/#article\",\"isPartOf\":{\"@id\":\"https:\\\/\\\/www.infarma.es\\\/en\\\/inme-lab-infarma-2026\\\/\"},\"author\":{\"name\":\"xavier\",\"@id\":\"https:\\\/\\\/www.infarma.es\\\/en\\\/#\\\/schema\\\/person\\\/e53486dc47606cc5c89217026a8a01a7\"},\"headline\":\"inMe LAB, presente en INFARMA 2026\",\"datePublished\":\"2026-03-10T12:22:15+00:00\",\"mainEntityOfPage\":{\"@id\":\"https:\\\/\\\/www.infarma.es\\\/en\\\/inme-lab-infarma-2026\\\/\"},\"wordCount\":194,\"publisher\":{\"@id\":\"https:\\\/\\\/www.infarma.es\\\/en\\\/#organization\"},\"image\":{\"@id\":\"https:\\\/\\\/www.infarma.es\\\/en\\\/inme-lab-infarma-2026\\\/#primaryimage\"},\"thumbnailUrl\":\"https:\\\/\\\/www.infarma.es\\\/wp-content\\\/uploads\\\/2026\\\/03\\\/inf2026-inmelab-blog.webp\",\"articleSection\":[\"Noticias del Sal\u00f3n\"],\"inLanguage\":\"en-US\"},{\"@type\":\"WebPage\",\"@id\":\"https:\\\/\\\/www.infarma.es\\\/en\\\/inme-lab-infarma-2026\\\/\",\"url\":\"https:\\\/\\\/www.infarma.es\\\/en\\\/inme-lab-infarma-2026\\\/\",\"name\":\"inMe LAB, presente en INFARMA 2026\",\"isPartOf\":{\"@id\":\"https:\\\/\\\/www.infarma.es\\\/en\\\/#website\"},\"primaryImageOfPage\":{\"@id\":\"https:\\\/\\\/www.infarma.es\\\/en\\\/inme-lab-infarma-2026\\\/#primaryimage\"},\"image\":{\"@id\":\"https:\\\/\\\/www.infarma.es\\\/en\\\/inme-lab-infarma-2026\\\/#primaryimage\"},\"thumbnailUrl\":\"https:\\\/\\\/www.infarma.es\\\/wp-content\\\/uploads\\\/2026\\\/03\\\/inf2026-inmelab-blog.webp\",\"datePublished\":\"2026-03-10T12:22:15+00:00\",\"description\":\"El laboratorio ofrece un cat\u00e1logo de productos elaborados a partir de principios activos de primera calidad en concentraciones \u00f3ptimas.\",\"breadcrumb\":{\"@id\":\"https:\\\/\\\/www.infarma.es\\\/en\\\/inme-lab-infarma-2026\\\/#breadcrumb\"},\"inLanguage\":\"en-US\",\"potentialAction\":[{\"@type\":\"ReadAction\",\"target\":[\"https:\\\/\\\/www.infarma.es\\\/en\\\/inme-lab-infarma-2026\\\/\"]}]},{\"@type\":\"ImageObject\",\"inLanguage\":\"en-US\",\"@id\":\"https:\\\/\\\/www.infarma.es\\\/en\\\/inme-lab-infarma-2026\\\/#primaryimage\",\"url\":\"https:\\\/\\\/www.infarma.es\\\/wp-content\\\/uploads\\\/2026\\\/03\\\/inf2026-inmelab-blog.webp\",\"contentUrl\":\"https:\\\/\\\/www.infarma.es\\\/wp-content\\\/uploads\\\/2026\\\/03\\\/inf2026-inmelab-blog.webp\",\"width\":1600,\"height\":900,\"caption\":\"inMe Lab Magnesio plus y Calm\"},{\"@type\":\"BreadcrumbList\",\"@id\":\"https:\\\/\\\/www.infarma.es\\\/en\\\/inme-lab-infarma-2026\\\/#breadcrumb\",\"itemListElement\":[{\"@type\":\"ListItem\",\"position\":1,\"name\":\"Portada\",\"item\":\"https:\\\/\\\/www.infarma.es\\\/en\\\/\"},{\"@type\":\"ListItem\",\"position\":2,\"name\":\"inMe LAB, presente en INFARMA 2026\"}]},{\"@type\":\"WebSite\",\"@id\":\"https:\\\/\\\/www.infarma.es\\\/en\\\/#website\",\"url\":\"https:\\\/\\\/www.infarma.es\\\/en\\\/\",\"name\":\"Infarma\",\"description\":\"El mayor encuentro de farmacia\",\"publisher\":{\"@id\":\"https:\\\/\\\/www.infarma.es\\\/en\\\/#organization\"},\"potentialAction\":[{\"@type\":\"SearchAction\",\"target\":{\"@type\":\"EntryPoint\",\"urlTemplate\":\"https:\\\/\\\/www.infarma.es\\\/en\\\/?s={search_term_string}\"},\"query-input\":{\"@type\":\"PropertyValueSpecification\",\"valueRequired\":true,\"valueName\":\"search_term_string\"}}],\"inLanguage\":\"en-US\"},{\"@type\":\"Organization\",\"@id\":\"https:\\\/\\\/www.infarma.es\\\/en\\\/#organization\",\"name\":\"Infarma\",\"url\":\"https:\\\/\\\/www.infarma.es\\\/en\\\/\",\"logo\":{\"@type\":\"ImageObject\",\"inLanguage\":\"en-US\",\"@id\":\"https:\\\/\\\/www.infarma.es\\\/en\\\/#\\\/schema\\\/logo\\\/image\\\/\",\"url\":\"https:\\\/\\\/www.infarma.es\\\/wp-content\\\/uploads\\\/2024\\\/10\\\/logo-simple.svg\",\"contentUrl\":\"https:\\\/\\\/www.infarma.es\\\/wp-content\\\/uploads\\\/2024\\\/10\\\/logo-simple.svg\",\"width\":1,\"height\":1,\"caption\":\"Infarma\"},\"image\":{\"@id\":\"https:\\\/\\\/www.infarma.es\\\/en\\\/#\\\/schema\\\/logo\\\/image\\\/\"},\"sameAs\":[\"https:\\\/\\\/www.facebook.com\\\/infarmaoficial\\\/\",\"https:\\\/\\\/x.com\\\/infarma_es\",\"https:\\\/\\\/www.instagram.com\\\/infarma_oficial\\\/\",\"https:\\\/\\\/www.linkedin.com\\\/showcase\\\/infarma-salon\\\/\",\"https:\\\/\\\/www.youtube.com\\\/@INFARMAOFICIAL\"]},{\"@type\":\"Person\",\"@id\":\"https:\\\/\\\/www.infarma.es\\\/en\\\/#\\\/schema\\\/person\\\/e53486dc47606cc5c89217026a8a01a7\",\"name\":\"xavier\",\"image\":{\"@type\":\"ImageObject\",\"inLanguage\":\"en-US\",\"@id\":\"https:\\\/\\\/secure.gravatar.com\\\/avatar\\\/9014b89254123c1f240ae636cc793b98ce50ec2df162909756be1d23adc503e4?s=96&d=mm&r=g\",\"url\":\"https:\\\/\\\/secure.gravatar.com\\\/avatar\\\/9014b89254123c1f240ae636cc793b98ce50ec2df162909756be1d23adc503e4?s=96&d=mm&r=g\",\"contentUrl\":\"https:\\\/\\\/secure.gravatar.com\\\/avatar\\\/9014b89254123c1f240ae636cc793b98ce50ec2df162909756be1d23adc503e4?s=96&d=mm&r=g\",\"caption\":\"xavier\"},\"url\":\"https:\\\/\\\/www.infarma.es\\\/en\\\/author\\\/xavier\\\/\"}]}<\/script>\n<!-- \/ Yoast SEO plugin. -->","yoast_head_json":{"title":"inMe LAB, presente en INFARMA 2026","description":"El laboratorio ofrece un cat\u00e1logo de productos elaborados a partir de principios activos de primera calidad en concentraciones \u00f3ptimas.","robots":{"index":"index","follow":"follow","max-snippet":"max-snippet:-1","max-image-preview":"max-image-preview:large","max-video-preview":"max-video-preview:-1"},"canonical":"https:\/\/www.infarma.es\/en\/inme-lab-infarma-2026\/","og_locale":"en_US","og_type":"article","og_title":"inMe LAB, presente en INFARMA 2026","og_description":"El laboratorio ofrece un cat\u00e1logo de productos elaborados a partir de principios activos de primera calidad en concentraciones \u00f3ptimas.","og_url":"https:\/\/www.infarma.es\/en\/inme-lab-infarma-2026\/","og_site_name":"Infarma","article_publisher":"https:\/\/www.facebook.com\/infarmaoficial\/","article_published_time":"2026-03-10T12:22:15+00:00","og_image":[{"width":1600,"height":900,"url":"https:\/\/www.infarma.es\/wp-content\/uploads\/2026\/03\/inf2026-inmelab-blog.webp","type":"image\/webp"}],"author":"xavier","twitter_card":"summary_large_image","twitter_creator":"@infarma_es","twitter_site":"@infarma_es","twitter_misc":{"Written by":"xavier","Est. reading time":"2 minutes"},"schema":{"@context":"https:\/\/schema.org","@graph":[{"@type":"Article","@id":"https:\/\/www.infarma.es\/en\/inme-lab-infarma-2026\/#article","isPartOf":{"@id":"https:\/\/www.infarma.es\/en\/inme-lab-infarma-2026\/"},"author":{"name":"xavier","@id":"https:\/\/www.infarma.es\/en\/#\/schema\/person\/e53486dc47606cc5c89217026a8a01a7"},"headline":"inMe LAB, presente en INFARMA 2026","datePublished":"2026-03-10T12:22:15+00:00","mainEntityOfPage":{"@id":"https:\/\/www.infarma.es\/en\/inme-lab-infarma-2026\/"},"wordCount":194,"publisher":{"@id":"https:\/\/www.infarma.es\/en\/#organization"},"image":{"@id":"https:\/\/www.infarma.es\/en\/inme-lab-infarma-2026\/#primaryimage"},"thumbnailUrl":"https:\/\/www.infarma.es\/wp-content\/uploads\/2026\/03\/inf2026-inmelab-blog.webp","articleSection":["Noticias del Sal\u00f3n"],"inLanguage":"en-US"},{"@type":"WebPage","@id":"https:\/\/www.infarma.es\/en\/inme-lab-infarma-2026\/","url":"https:\/\/www.infarma.es\/en\/inme-lab-infarma-2026\/","name":"inMe LAB, presente en INFARMA 2026","isPartOf":{"@id":"https:\/\/www.infarma.es\/en\/#website"},"primaryImageOfPage":{"@id":"https:\/\/www.infarma.es\/en\/inme-lab-infarma-2026\/#primaryimage"},"image":{"@id":"https:\/\/www.infarma.es\/en\/inme-lab-infarma-2026\/#primaryimage"},"thumbnailUrl":"https:\/\/www.infarma.es\/wp-content\/uploads\/2026\/03\/inf2026-inmelab-blog.webp","datePublished":"2026-03-10T12:22:15+00:00","description":"El laboratorio ofrece un cat\u00e1logo de productos elaborados a partir de principios activos de primera calidad en concentraciones \u00f3ptimas.","breadcrumb":{"@id":"https:\/\/www.infarma.es\/en\/inme-lab-infarma-2026\/#breadcrumb"},"inLanguage":"en-US","potentialAction":[{"@type":"ReadAction","target":["https:\/\/www.infarma.es\/en\/inme-lab-infarma-2026\/"]}]},{"@type":"ImageObject","inLanguage":"en-US","@id":"https:\/\/www.infarma.es\/en\/inme-lab-infarma-2026\/#primaryimage","url":"https:\/\/www.infarma.es\/wp-content\/uploads\/2026\/03\/inf2026-inmelab-blog.webp","contentUrl":"https:\/\/www.infarma.es\/wp-content\/uploads\/2026\/03\/inf2026-inmelab-blog.webp","width":1600,"height":900,"caption":"inMe Lab Magnesio plus y Calm"},{"@type":"BreadcrumbList","@id":"https:\/\/www.infarma.es\/en\/inme-lab-infarma-2026\/#breadcrumb","itemListElement":[{"@type":"ListItem","position":1,"name":"Portada","item":"https:\/\/www.infarma.es\/en\/"},{"@type":"ListItem","position":2,"name":"inMe LAB, presente en INFARMA 2026"}]},{"@type":"WebSite","@id":"https:\/\/www.infarma.es\/en\/#website","url":"https:\/\/www.infarma.es\/en\/","name":"Infarma","description":"El mayor encuentro de farmacia","publisher":{"@id":"https:\/\/www.infarma.es\/en\/#organization"},"potentialAction":[{"@type":"SearchAction","target":{"@type":"EntryPoint","urlTemplate":"https:\/\/www.infarma.es\/en\/?s={search_term_string}"},"query-input":{"@type":"PropertyValueSpecification","valueRequired":true,"valueName":"search_term_string"}}],"inLanguage":"en-US"},{"@type":"Organization","@id":"https:\/\/www.infarma.es\/en\/#organization","name":"Infarma","url":"https:\/\/www.infarma.es\/en\/","logo":{"@type":"ImageObject","inLanguage":"en-US","@id":"https:\/\/www.infarma.es\/en\/#\/schema\/logo\/image\/","url":"https:\/\/www.infarma.es\/wp-content\/uploads\/2024\/10\/logo-simple.svg","contentUrl":"https:\/\/www.infarma.es\/wp-content\/uploads\/2024\/10\/logo-simple.svg","width":1,"height":1,"caption":"Infarma"},"image":{"@id":"https:\/\/www.infarma.es\/en\/#\/schema\/logo\/image\/"},"sameAs":["https:\/\/www.facebook.com\/infarmaoficial\/","https:\/\/x.com\/infarma_es","https:\/\/www.instagram.com\/infarma_oficial\/","https:\/\/www.linkedin.com\/showcase\/infarma-salon\/","https:\/\/www.youtube.com\/@INFARMAOFICIAL"]},{"@type":"Person","@id":"https:\/\/www.infarma.es\/en\/#\/schema\/person\/e53486dc47606cc5c89217026a8a01a7","name":"xavier","image":{"@type":"ImageObject","inLanguage":"en-US","@id":"https:\/\/secure.gravatar.com\/avatar\/9014b89254123c1f240ae636cc793b98ce50ec2df162909756be1d23adc503e4?s=96&d=mm&r=g","url":"https:\/\/secure.gravatar.com\/avatar\/9014b89254123c1f240ae636cc793b98ce50ec2df162909756be1d23adc503e4?s=96&d=mm&r=g","contentUrl":"https:\/\/secure.gravatar.com\/avatar\/9014b89254123c1f240ae636cc793b98ce50ec2df162909756be1d23adc503e4?s=96&d=mm&r=g","caption":"xavier"},"url":"https:\/\/www.infarma.es\/en\/author\/xavier\/"}]}},"_links":{"self":[{"href":"https:\/\/www.infarma.es\/en\/wp-json\/wp\/v2\/posts\/24017","targetHints":{"allow":["GET"]}}],"collection":[{"href":"https:\/\/www.infarma.es\/en\/wp-json\/wp\/v2\/posts"}],"about":[{"href":"https:\/\/www.infarma.es\/en\/wp-json\/wp\/v2\/types\/post"}],"author":[{"embeddable":true,"href":"https:\/\/www.infarma.es\/en\/wp-json\/wp\/v2\/users\/2"}],"replies":[{"embeddable":true,"href":"https:\/\/www.infarma.es\/en\/wp-json\/wp\/v2\/comments?post=24017"}],"version-history":[{"count":2,"href":"https:\/\/www.infarma.es\/en\/wp-json\/wp\/v2\/posts\/24017\/revisions"}],"predecessor-version":[{"id":24022,"href":"https:\/\/www.infarma.es\/en\/wp-json\/wp\/v2\/posts\/24017\/revisions\/24022"}],"wp:featuredmedia":[{"embeddable":true,"href":"https:\/\/www.infarma.es\/en\/wp-json\/wp\/v2\/media\/24018"}],"wp:attachment":[{"href":"https:\/\/www.infarma.es\/en\/wp-json\/wp\/v2\/media?parent=24017"}],"wp:term":[{"taxonomy":"category","embeddable":true,"href":"https:\/\/www.infarma.es\/en\/wp-json\/wp\/v2\/categories?post=24017"},{"taxonomy":"post_tag","embeddable":true,"href":"https:\/\/www.infarma.es\/en\/wp-json\/wp\/v2\/tags?post=24017"}],"curies":[{"name":"wp","href":"https:\/\/api.w.org\/{rel}","templated":true}]}}