{"id":24032,"date":"2026-03-10T18:09:43","date_gmt":"2026-03-10T17:09:43","guid":{"rendered":"https:\/\/www.infarma.es\/?p=24032"},"modified":"2026-03-10T18:09:43","modified_gmt":"2026-03-10T17:09:43","slug":"two-poles-farmacia-infarma-2026-stand-experiencial","status":"publish","type":"post","link":"https:\/\/www.infarma.es\/en\/two-poles-farmacia-infarma-2026-stand-experiencial\/","title":{"rendered":"Two Poles refuerza su apuesta por la farmacia en Infarma 2026, con un stand experiencial y la ponencia de Anna Fuster como CEO"},"content":{"rendered":"\n<ul class=\"wp-block-list\">\n<li><strong>Two Poles estar\u00e1 presente del 24 al 26 de marzo en IFEMA Madrid, en el stand 3E84, como parte del Congreso Infarma 2026.<\/strong><\/li>\n\n\n\n<li><strong>La marca contar\u00e1 con un stand experiencial con materias primas cosm\u00e9ticas y dermoanalizador facial con IA, adem\u00e1s de tarifas especiales de implantaci\u00f3n para nuevas farmacias.<\/strong><\/li>\n\n\n\n<li><strong>Anna Fuster, CEO de Two Poles, impartir\u00e1 la ponencia \u201cMarca personal farmac\u00e9utica: la clave para diferenciarte y fidelizar a tus clientes\u201d el d\u00eda 25.<\/strong><\/li>\n<\/ul>\n\n\n\n<div style=\"height:20px\" aria-hidden=\"true\" class=\"wp-block-spacer\"><\/div>\n\n\n\n<p>Two Poles, la marca cosm\u00e9tica espa\u00f1ola asentada sobre la credibilidad cient\u00edfica y la honestidad, participar\u00e1 en la edici\u00f3n de INFARMA 2026, que se celebra en IFEMA Madrid del 24 al 26 de marzo. La firma estar\u00e1 ubicada en el <strong>stand 3E84<\/strong>, donde presentar\u00e1 su propuesta de valor para el canal farmacia y desarrollar\u00e1 diferentes acciones dirigidas a consolidarse como <em>partner<\/em> estrat\u00e9gico del farmac\u00e9utico.<\/p>\n\n\n\n<p>Con su presencia, <a href=\"https:\/\/twopoles.co\/\" target=\"_blank\" rel=\"noreferrer noopener\">Two Poles<\/a> reafirma su fuerte apuesta por la <strong>farmacia<\/strong> como <strong>principal canal<\/strong> de crecimiento y como entorno natural para una marca basada en la evidencia cient\u00edfica, la transparencia en formulaci\u00f3n y la simplificaci\u00f3n de rutinas.<\/p>\n\n\n\n<div style=\"height:30px\" aria-hidden=\"true\" class=\"wp-block-spacer\"><\/div>\n\n\n\n<h4 class=\"wp-block-heading\"><strong>Un espacio dise\u00f1ado para vivir la ciencia cosm\u00e9tica<\/strong><\/h4>\n\n\n\n<p>Durante los tres d\u00edas de feria, el stand 3E84 se convertir\u00e1 en un <strong>espacio experiencial<\/strong> pensado para que el profesional farmac\u00e9utico pueda conocer de primera mano el ADN cient\u00edfico de la marca. Two Poles contar\u00e1 con:<\/p>\n\n\n\n<ul class=\"wp-block-list\">\n<li>Un <strong>espacio interactivo<\/strong> con materias primas cosm\u00e9ticas, donde los asistentes podr\u00e1n ver y tocar ingredientes antes de su formulaci\u00f3n, entendiendo su funci\u00f3n, origen y sinergias.<\/li>\n\n\n\n<li>Un <strong>dermoanalizador facial<\/strong> con inteligencia artificial, que permitir\u00e1 realizar diagn\u00f3sticos personalizados y mostrar c\u00f3mo la tecnolog\u00eda puede reforzar el consejo farmac\u00e9utico.<\/li>\n\n\n\n<li>Asesoramiento individualizado para farmacias interesadas en incorporar la marca.<\/li>\n\n\n\n<li><strong>Condiciones especiales de implantaci\u00f3n <\/strong>exclusivas para nuevas farmacias durante INFARMA 2026.<\/li>\n<\/ul>\n\n\n\n<p>Con esta propuesta, Two Poles busca ir m\u00e1s all\u00e1 de la exposici\u00f3n de producto y <strong>ofrecer herramientas pr\u00e1cticas que ayuden al farmac\u00e9utico <\/strong>a potenciar la recomendaci\u00f3n activa y la fidelizaci\u00f3n de sus clientes.<\/p>\n\n\n\n<figure class=\"wp-block-image size-full\"><img loading=\"lazy\" decoding=\"async\" width=\"900\" height=\"416\" src=\"https:\/\/www.infarma.es\/wp-content\/uploads\/2026\/03\/inf2026-TwoPoles-bodegon-blog.webp\" alt=\"Two Poles bodeg\u00f3n\" class=\"wp-image-24036\" srcset=\"https:\/\/www.infarma.es\/wp-content\/uploads\/2026\/03\/inf2026-TwoPoles-bodegon-blog.webp 900w, https:\/\/www.infarma.es\/wp-content\/uploads\/2026\/03\/inf2026-TwoPoles-bodegon-blog-300x139.webp 300w, https:\/\/www.infarma.es\/wp-content\/uploads\/2026\/03\/inf2026-TwoPoles-bodegon-blog-768x355.webp 768w\" sizes=\"auto, (max-width: 900px) 100vw, 900px\" \/><\/figure>\n\n\n\n<div style=\"height:30px\" aria-hidden=\"true\" class=\"wp-block-spacer\"><\/div>\n\n\n\n<h4 class=\"wp-block-heading\"><strong>La farmacia, eje estrat\u00e9gico del crecimiento de Two Poles<\/strong><\/h4>\n\n\n\n<p>La participaci\u00f3n en INFARMA responde a la consolidaci\u00f3n del canal farmacia dentro de la estrategia de la marca. En el \u00faltimo a\u00f1o, Two Poles ha experimentado un <strong>crecimiento del 150% en ventas en farmacia vs 2024<\/strong>, acompa\u00f1ado de una tasa de repetici\u00f3n del 48,8%, indicadores que reflejan tanto la satisfacci\u00f3n del consumidor final como la confianza del profesional sanitario.<\/p>\n\n\n\n<p>La marca se posiciona en farmacia como una propuesta de <strong>dermocosm\u00e9tica cient\u00edfica moderna<\/strong>: f\u00f3rmulas basadas en activos con evidencia, concentraciones funcionales claramente comunicadas y productos multifunci\u00f3n que simplifican la rutina y facilitan la recomendaci\u00f3n.<\/p>\n\n\n\n<p>Este enfoque permite al farmac\u00e9utico trabajar con un lineal optimizado \u2014un s\u00e9rum para cada necesidad principal de la piel\u2014, mejorando la adherencia del cliente y los resultados a medio y largo plazo.<\/p>\n\n\n\n<div style=\"height:30px\" aria-hidden=\"true\" class=\"wp-block-spacer\"><\/div>\n\n\n\n<h4 class=\"wp-block-heading\"><strong>Ponencia: Marca personal farmac\u00e9utica como herramienta de diferenciaci\u00f3n<\/strong><\/h4>\n\n\n\n<div class=\"wp-block-columns is-layout-flex wp-container-core-columns-is-layout-9d6595d7 wp-block-columns-is-layout-flex\">\n<div class=\"wp-block-column is-layout-flow wp-block-column-is-layout-flow\">\n<p>En el marco del programa oficial de INFARMA 2026, Anna Fuster, CEO de Two Poles, ofrecer\u00e1 la ponencia: \u201cMarca personal farmac\u00e9utica: la clave para diferenciarte y fidelizar a tus clientes\u201d. Que se impartir\u00e1 de <strong>13:30 \u2013 14:20 h en la sala Inspiraci\u00f3n<\/strong>, el mi\u00e9rcoles 25 de marzo.<\/p>\n\n\n\n<p>Durante la sesi\u00f3n, abordar\u00e1 c\u00f3mo el farmac\u00e9utico puede potenciar su <strong>posicionamiento profesional, reforzar la confianza con el cliente<\/strong> y construir una estrategia de diferenciaci\u00f3n s\u00f3lida en un entorno cada vez m\u00e1s competitivo.<\/p>\n<\/div>\n\n\n\n<div class=\"wp-block-column is-layout-flow wp-block-column-is-layout-flow\">\n<figure class=\"wp-block-image size-full\"><img loading=\"lazy\" decoding=\"async\" width=\"400\" height=\"400\" src=\"https:\/\/www.infarma.es\/wp-content\/uploads\/2026\/01\/Anna-Fuster_Inspiracion_25_TWOPOLES.webp\" alt=\"Anna Fuster\" class=\"wp-image-21844\" srcset=\"https:\/\/www.infarma.es\/wp-content\/uploads\/2026\/01\/Anna-Fuster_Inspiracion_25_TWOPOLES.webp 400w, https:\/\/www.infarma.es\/wp-content\/uploads\/2026\/01\/Anna-Fuster_Inspiracion_25_TWOPOLES-300x300.webp 300w, https:\/\/www.infarma.es\/wp-content\/uploads\/2026\/01\/Anna-Fuster_Inspiracion_25_TWOPOLES-150x150.webp 150w\" sizes=\"auto, (max-width: 400px) 100vw, 400px\" \/><\/figure>\n<\/div>\n<\/div>\n\n\n\n<div style=\"height:30px\" aria-hidden=\"true\" class=\"wp-block-spacer\"><\/div>\n\n\n\n<h4 class=\"wp-block-heading\"><strong>Un partner estrat\u00e9gico para la farmacia<\/strong><\/h4>\n\n\n\n<p>Con su presencia en INFARMA, <a href=\"https:\/\/twopoles.co\/\" target=\"_blank\" rel=\"noreferrer noopener\">Two Poles<\/a> refuerza su objetivo de consolidarse como una marca referente en dermocosm\u00e9tica cient\u00edfica dentro del canal farmacia, apostando por un crecimiento sostenible basado en tres pilares: evidencia, formaci\u00f3n y simplificaci\u00f3n.<\/p>\n\n\n\n<p>La marca invita a todos los profesionales a visitar el <strong>stand 3E84<\/strong> en INFARMA 2026 del 24 al 26 de marzo para descubrir <strong>c\u00f3mo integrar una propuesta eficaz, transparente y alineada con la recomendaci\u00f3n farmac\u00e9utica<\/strong> actual.<\/p>\n","protected":false},"excerpt":{"rendered":"<p>Two Poles, la marca cosm\u00e9tica espa\u00f1ola asentada sobre la credibilidad cient\u00edfica y la honestidad, participar\u00e1 en la edici\u00f3n de INFARMA 2026, que se celebra en IFEMA Madrid del 24 al 26 de marzo. La firma estar\u00e1 ubicada en el stand 3E84, donde presentar\u00e1 su propuesta de valor para el canal farmacia y desarrollar\u00e1 diferentes acciones [&hellip;]<\/p>\n","protected":false},"author":2,"featured_media":24033,"comment_status":"closed","ping_status":"open","sticky":false,"template":"","format":"standard","meta":{"footnotes":""},"categories":[141],"tags":[],"class_list":["post-24032","post","type-post","status-publish","format-standard","has-post-thumbnail","hentry","category-noticias-del-salon"],"yoast_head":"<!-- This site is optimized with the Yoast SEO plugin v27.4 - https:\/\/yoast.com\/product\/yoast-seo-wordpress\/ -->\n<title>Two Poles refuerza su apuesta por la farmacia en Infarma 2026<\/title>\n<meta name=\"description\" content=\"La marca contar\u00e1 con un stand experiencial con materias primas cosm\u00e9ticas y dermoanalizador facial con IA, adem\u00e1s de tarifas especiales.\" \/>\n<meta name=\"robots\" content=\"index, follow, max-snippet:-1, max-image-preview:large, max-video-preview:-1\" \/>\n<link rel=\"canonical\" href=\"https:\/\/www.infarma.es\/en\/two-poles-farmacia-infarma-2026-stand-experiencial\/\" \/>\n<meta property=\"og:locale\" content=\"en_US\" \/>\n<meta property=\"og:type\" content=\"article\" \/>\n<meta property=\"og:title\" content=\"Two Poles refuerza su apuesta por la farmacia en Infarma 2026\" \/>\n<meta property=\"og:description\" content=\"La marca contar\u00e1 con un stand experiencial con materias primas cosm\u00e9ticas y dermoanalizador facial con IA, adem\u00e1s de tarifas especiales.\" \/>\n<meta property=\"og:url\" content=\"https:\/\/www.infarma.es\/en\/two-poles-farmacia-infarma-2026-stand-experiencial\/\" \/>\n<meta property=\"og:site_name\" content=\"Infarma\" \/>\n<meta property=\"article:publisher\" content=\"https:\/\/www.facebook.com\/infarmaoficial\/\" \/>\n<meta property=\"article:published_time\" content=\"2026-03-10T17:09:43+00:00\" \/>\n<meta property=\"og:image\" content=\"https:\/\/www.infarma.es\/wp-content\/uploads\/2026\/03\/inf2026-TwoPoles-farmacia-blog.webp\" \/>\n\t<meta property=\"og:image:width\" content=\"1600\" \/>\n\t<meta property=\"og:image:height\" content=\"900\" \/>\n\t<meta property=\"og:image:type\" content=\"image\/webp\" \/>\n<meta name=\"author\" content=\"xavier\" \/>\n<meta name=\"twitter:card\" content=\"summary_large_image\" \/>\n<meta name=\"twitter:creator\" content=\"@infarma_es\" \/>\n<meta name=\"twitter:site\" content=\"@infarma_es\" \/>\n<meta name=\"twitter:label1\" content=\"Written by\" \/>\n\t<meta name=\"twitter:data1\" content=\"xavier\" \/>\n\t<meta name=\"twitter:label2\" content=\"Est. reading time\" \/>\n\t<meta name=\"twitter:data2\" content=\"4 minutes\" \/>\n<script type=\"application\/ld+json\" class=\"yoast-schema-graph\">{\"@context\":\"https:\\\/\\\/schema.org\",\"@graph\":[{\"@type\":\"Article\",\"@id\":\"https:\\\/\\\/www.infarma.es\\\/en\\\/two-poles-farmacia-infarma-2026-stand-experiencial\\\/#article\",\"isPartOf\":{\"@id\":\"https:\\\/\\\/www.infarma.es\\\/en\\\/two-poles-farmacia-infarma-2026-stand-experiencial\\\/\"},\"author\":{\"name\":\"xavier\",\"@id\":\"https:\\\/\\\/www.infarma.es\\\/en\\\/#\\\/schema\\\/person\\\/e53486dc47606cc5c89217026a8a01a7\"},\"headline\":\"Two Poles refuerza su apuesta por la farmacia en Infarma 2026, con un stand experiencial y la ponencia de Anna Fuster como CEO\",\"datePublished\":\"2026-03-10T17:09:43+00:00\",\"mainEntityOfPage\":{\"@id\":\"https:\\\/\\\/www.infarma.es\\\/en\\\/two-poles-farmacia-infarma-2026-stand-experiencial\\\/\"},\"wordCount\":685,\"publisher\":{\"@id\":\"https:\\\/\\\/www.infarma.es\\\/en\\\/#organization\"},\"image\":{\"@id\":\"https:\\\/\\\/www.infarma.es\\\/en\\\/two-poles-farmacia-infarma-2026-stand-experiencial\\\/#primaryimage\"},\"thumbnailUrl\":\"https:\\\/\\\/www.infarma.es\\\/wp-content\\\/uploads\\\/2026\\\/03\\\/inf2026-TwoPoles-farmacia-blog.webp\",\"articleSection\":[\"Noticias del Sal\u00f3n\"],\"inLanguage\":\"en-US\"},{\"@type\":\"WebPage\",\"@id\":\"https:\\\/\\\/www.infarma.es\\\/en\\\/two-poles-farmacia-infarma-2026-stand-experiencial\\\/\",\"url\":\"https:\\\/\\\/www.infarma.es\\\/en\\\/two-poles-farmacia-infarma-2026-stand-experiencial\\\/\",\"name\":\"Two Poles refuerza su apuesta por la farmacia en Infarma 2026\",\"isPartOf\":{\"@id\":\"https:\\\/\\\/www.infarma.es\\\/en\\\/#website\"},\"primaryImageOfPage\":{\"@id\":\"https:\\\/\\\/www.infarma.es\\\/en\\\/two-poles-farmacia-infarma-2026-stand-experiencial\\\/#primaryimage\"},\"image\":{\"@id\":\"https:\\\/\\\/www.infarma.es\\\/en\\\/two-poles-farmacia-infarma-2026-stand-experiencial\\\/#primaryimage\"},\"thumbnailUrl\":\"https:\\\/\\\/www.infarma.es\\\/wp-content\\\/uploads\\\/2026\\\/03\\\/inf2026-TwoPoles-farmacia-blog.webp\",\"datePublished\":\"2026-03-10T17:09:43+00:00\",\"description\":\"La marca contar\u00e1 con un stand experiencial con materias primas cosm\u00e9ticas y dermoanalizador facial con IA, adem\u00e1s de tarifas especiales.\",\"breadcrumb\":{\"@id\":\"https:\\\/\\\/www.infarma.es\\\/en\\\/two-poles-farmacia-infarma-2026-stand-experiencial\\\/#breadcrumb\"},\"inLanguage\":\"en-US\",\"potentialAction\":[{\"@type\":\"ReadAction\",\"target\":[\"https:\\\/\\\/www.infarma.es\\\/en\\\/two-poles-farmacia-infarma-2026-stand-experiencial\\\/\"]}]},{\"@type\":\"ImageObject\",\"inLanguage\":\"en-US\",\"@id\":\"https:\\\/\\\/www.infarma.es\\\/en\\\/two-poles-farmacia-infarma-2026-stand-experiencial\\\/#primaryimage\",\"url\":\"https:\\\/\\\/www.infarma.es\\\/wp-content\\\/uploads\\\/2026\\\/03\\\/inf2026-TwoPoles-farmacia-blog.webp\",\"contentUrl\":\"https:\\\/\\\/www.infarma.es\\\/wp-content\\\/uploads\\\/2026\\\/03\\\/inf2026-TwoPoles-farmacia-blog.webp\",\"width\":1600,\"height\":900,\"caption\":\"Two Poles - Bodeg\u00f3n\"},{\"@type\":\"BreadcrumbList\",\"@id\":\"https:\\\/\\\/www.infarma.es\\\/en\\\/two-poles-farmacia-infarma-2026-stand-experiencial\\\/#breadcrumb\",\"itemListElement\":[{\"@type\":\"ListItem\",\"position\":1,\"name\":\"Portada\",\"item\":\"https:\\\/\\\/www.infarma.es\\\/en\\\/\"},{\"@type\":\"ListItem\",\"position\":2,\"name\":\"Two Poles refuerza su apuesta por la farmacia en Infarma 2026, con un stand experiencial y la ponencia de Anna Fuster como CEO\"}]},{\"@type\":\"WebSite\",\"@id\":\"https:\\\/\\\/www.infarma.es\\\/en\\\/#website\",\"url\":\"https:\\\/\\\/www.infarma.es\\\/en\\\/\",\"name\":\"Infarma\",\"description\":\"El mayor encuentro de farmacia\",\"publisher\":{\"@id\":\"https:\\\/\\\/www.infarma.es\\\/en\\\/#organization\"},\"potentialAction\":[{\"@type\":\"SearchAction\",\"target\":{\"@type\":\"EntryPoint\",\"urlTemplate\":\"https:\\\/\\\/www.infarma.es\\\/en\\\/?s={search_term_string}\"},\"query-input\":{\"@type\":\"PropertyValueSpecification\",\"valueRequired\":true,\"valueName\":\"search_term_string\"}}],\"inLanguage\":\"en-US\"},{\"@type\":\"Organization\",\"@id\":\"https:\\\/\\\/www.infarma.es\\\/en\\\/#organization\",\"name\":\"Infarma\",\"url\":\"https:\\\/\\\/www.infarma.es\\\/en\\\/\",\"logo\":{\"@type\":\"ImageObject\",\"inLanguage\":\"en-US\",\"@id\":\"https:\\\/\\\/www.infarma.es\\\/en\\\/#\\\/schema\\\/logo\\\/image\\\/\",\"url\":\"https:\\\/\\\/www.infarma.es\\\/wp-content\\\/uploads\\\/2024\\\/10\\\/logo-simple.svg\",\"contentUrl\":\"https:\\\/\\\/www.infarma.es\\\/wp-content\\\/uploads\\\/2024\\\/10\\\/logo-simple.svg\",\"width\":1,\"height\":1,\"caption\":\"Infarma\"},\"image\":{\"@id\":\"https:\\\/\\\/www.infarma.es\\\/en\\\/#\\\/schema\\\/logo\\\/image\\\/\"},\"sameAs\":[\"https:\\\/\\\/www.facebook.com\\\/infarmaoficial\\\/\",\"https:\\\/\\\/x.com\\\/infarma_es\",\"https:\\\/\\\/www.instagram.com\\\/infarma_oficial\\\/\",\"https:\\\/\\\/www.linkedin.com\\\/showcase\\\/infarma-salon\\\/\",\"https:\\\/\\\/www.youtube.com\\\/@INFARMAOFICIAL\"]},{\"@type\":\"Person\",\"@id\":\"https:\\\/\\\/www.infarma.es\\\/en\\\/#\\\/schema\\\/person\\\/e53486dc47606cc5c89217026a8a01a7\",\"name\":\"xavier\",\"image\":{\"@type\":\"ImageObject\",\"inLanguage\":\"en-US\",\"@id\":\"https:\\\/\\\/secure.gravatar.com\\\/avatar\\\/9014b89254123c1f240ae636cc793b98ce50ec2df162909756be1d23adc503e4?s=96&d=mm&r=g\",\"url\":\"https:\\\/\\\/secure.gravatar.com\\\/avatar\\\/9014b89254123c1f240ae636cc793b98ce50ec2df162909756be1d23adc503e4?s=96&d=mm&r=g\",\"contentUrl\":\"https:\\\/\\\/secure.gravatar.com\\\/avatar\\\/9014b89254123c1f240ae636cc793b98ce50ec2df162909756be1d23adc503e4?s=96&d=mm&r=g\",\"caption\":\"xavier\"},\"url\":\"https:\\\/\\\/www.infarma.es\\\/en\\\/author\\\/xavier\\\/\"}]}<\/script>\n<!-- \/ Yoast SEO plugin. -->","yoast_head_json":{"title":"Two Poles refuerza su apuesta por la farmacia en Infarma 2026","description":"La marca contar\u00e1 con un stand experiencial con materias primas cosm\u00e9ticas y dermoanalizador facial con IA, adem\u00e1s de tarifas especiales.","robots":{"index":"index","follow":"follow","max-snippet":"max-snippet:-1","max-image-preview":"max-image-preview:large","max-video-preview":"max-video-preview:-1"},"canonical":"https:\/\/www.infarma.es\/en\/two-poles-farmacia-infarma-2026-stand-experiencial\/","og_locale":"en_US","og_type":"article","og_title":"Two Poles refuerza su apuesta por la farmacia en Infarma 2026","og_description":"La marca contar\u00e1 con un stand experiencial con materias primas cosm\u00e9ticas y dermoanalizador facial con IA, adem\u00e1s de tarifas especiales.","og_url":"https:\/\/www.infarma.es\/en\/two-poles-farmacia-infarma-2026-stand-experiencial\/","og_site_name":"Infarma","article_publisher":"https:\/\/www.facebook.com\/infarmaoficial\/","article_published_time":"2026-03-10T17:09:43+00:00","og_image":[{"width":1600,"height":900,"url":"https:\/\/www.infarma.es\/wp-content\/uploads\/2026\/03\/inf2026-TwoPoles-farmacia-blog.webp","type":"image\/webp"}],"author":"xavier","twitter_card":"summary_large_image","twitter_creator":"@infarma_es","twitter_site":"@infarma_es","twitter_misc":{"Written by":"xavier","Est. reading time":"4 minutes"},"schema":{"@context":"https:\/\/schema.org","@graph":[{"@type":"Article","@id":"https:\/\/www.infarma.es\/en\/two-poles-farmacia-infarma-2026-stand-experiencial\/#article","isPartOf":{"@id":"https:\/\/www.infarma.es\/en\/two-poles-farmacia-infarma-2026-stand-experiencial\/"},"author":{"name":"xavier","@id":"https:\/\/www.infarma.es\/en\/#\/schema\/person\/e53486dc47606cc5c89217026a8a01a7"},"headline":"Two Poles refuerza su apuesta por la farmacia en Infarma 2026, con un stand experiencial y la ponencia de Anna Fuster como CEO","datePublished":"2026-03-10T17:09:43+00:00","mainEntityOfPage":{"@id":"https:\/\/www.infarma.es\/en\/two-poles-farmacia-infarma-2026-stand-experiencial\/"},"wordCount":685,"publisher":{"@id":"https:\/\/www.infarma.es\/en\/#organization"},"image":{"@id":"https:\/\/www.infarma.es\/en\/two-poles-farmacia-infarma-2026-stand-experiencial\/#primaryimage"},"thumbnailUrl":"https:\/\/www.infarma.es\/wp-content\/uploads\/2026\/03\/inf2026-TwoPoles-farmacia-blog.webp","articleSection":["Noticias del Sal\u00f3n"],"inLanguage":"en-US"},{"@type":"WebPage","@id":"https:\/\/www.infarma.es\/en\/two-poles-farmacia-infarma-2026-stand-experiencial\/","url":"https:\/\/www.infarma.es\/en\/two-poles-farmacia-infarma-2026-stand-experiencial\/","name":"Two Poles refuerza su apuesta por la farmacia en Infarma 2026","isPartOf":{"@id":"https:\/\/www.infarma.es\/en\/#website"},"primaryImageOfPage":{"@id":"https:\/\/www.infarma.es\/en\/two-poles-farmacia-infarma-2026-stand-experiencial\/#primaryimage"},"image":{"@id":"https:\/\/www.infarma.es\/en\/two-poles-farmacia-infarma-2026-stand-experiencial\/#primaryimage"},"thumbnailUrl":"https:\/\/www.infarma.es\/wp-content\/uploads\/2026\/03\/inf2026-TwoPoles-farmacia-blog.webp","datePublished":"2026-03-10T17:09:43+00:00","description":"La marca contar\u00e1 con un stand experiencial con materias primas cosm\u00e9ticas y dermoanalizador facial con IA, adem\u00e1s de tarifas especiales.","breadcrumb":{"@id":"https:\/\/www.infarma.es\/en\/two-poles-farmacia-infarma-2026-stand-experiencial\/#breadcrumb"},"inLanguage":"en-US","potentialAction":[{"@type":"ReadAction","target":["https:\/\/www.infarma.es\/en\/two-poles-farmacia-infarma-2026-stand-experiencial\/"]}]},{"@type":"ImageObject","inLanguage":"en-US","@id":"https:\/\/www.infarma.es\/en\/two-poles-farmacia-infarma-2026-stand-experiencial\/#primaryimage","url":"https:\/\/www.infarma.es\/wp-content\/uploads\/2026\/03\/inf2026-TwoPoles-farmacia-blog.webp","contentUrl":"https:\/\/www.infarma.es\/wp-content\/uploads\/2026\/03\/inf2026-TwoPoles-farmacia-blog.webp","width":1600,"height":900,"caption":"Two Poles - Bodeg\u00f3n"},{"@type":"BreadcrumbList","@id":"https:\/\/www.infarma.es\/en\/two-poles-farmacia-infarma-2026-stand-experiencial\/#breadcrumb","itemListElement":[{"@type":"ListItem","position":1,"name":"Portada","item":"https:\/\/www.infarma.es\/en\/"},{"@type":"ListItem","position":2,"name":"Two Poles refuerza su apuesta por la farmacia en Infarma 2026, con un stand experiencial y la ponencia de Anna Fuster como CEO"}]},{"@type":"WebSite","@id":"https:\/\/www.infarma.es\/en\/#website","url":"https:\/\/www.infarma.es\/en\/","name":"Infarma","description":"El mayor encuentro de farmacia","publisher":{"@id":"https:\/\/www.infarma.es\/en\/#organization"},"potentialAction":[{"@type":"SearchAction","target":{"@type":"EntryPoint","urlTemplate":"https:\/\/www.infarma.es\/en\/?s={search_term_string}"},"query-input":{"@type":"PropertyValueSpecification","valueRequired":true,"valueName":"search_term_string"}}],"inLanguage":"en-US"},{"@type":"Organization","@id":"https:\/\/www.infarma.es\/en\/#organization","name":"Infarma","url":"https:\/\/www.infarma.es\/en\/","logo":{"@type":"ImageObject","inLanguage":"en-US","@id":"https:\/\/www.infarma.es\/en\/#\/schema\/logo\/image\/","url":"https:\/\/www.infarma.es\/wp-content\/uploads\/2024\/10\/logo-simple.svg","contentUrl":"https:\/\/www.infarma.es\/wp-content\/uploads\/2024\/10\/logo-simple.svg","width":1,"height":1,"caption":"Infarma"},"image":{"@id":"https:\/\/www.infarma.es\/en\/#\/schema\/logo\/image\/"},"sameAs":["https:\/\/www.facebook.com\/infarmaoficial\/","https:\/\/x.com\/infarma_es","https:\/\/www.instagram.com\/infarma_oficial\/","https:\/\/www.linkedin.com\/showcase\/infarma-salon\/","https:\/\/www.youtube.com\/@INFARMAOFICIAL"]},{"@type":"Person","@id":"https:\/\/www.infarma.es\/en\/#\/schema\/person\/e53486dc47606cc5c89217026a8a01a7","name":"xavier","image":{"@type":"ImageObject","inLanguage":"en-US","@id":"https:\/\/secure.gravatar.com\/avatar\/9014b89254123c1f240ae636cc793b98ce50ec2df162909756be1d23adc503e4?s=96&d=mm&r=g","url":"https:\/\/secure.gravatar.com\/avatar\/9014b89254123c1f240ae636cc793b98ce50ec2df162909756be1d23adc503e4?s=96&d=mm&r=g","contentUrl":"https:\/\/secure.gravatar.com\/avatar\/9014b89254123c1f240ae636cc793b98ce50ec2df162909756be1d23adc503e4?s=96&d=mm&r=g","caption":"xavier"},"url":"https:\/\/www.infarma.es\/en\/author\/xavier\/"}]}},"_links":{"self":[{"href":"https:\/\/www.infarma.es\/en\/wp-json\/wp\/v2\/posts\/24032","targetHints":{"allow":["GET"]}}],"collection":[{"href":"https:\/\/www.infarma.es\/en\/wp-json\/wp\/v2\/posts"}],"about":[{"href":"https:\/\/www.infarma.es\/en\/wp-json\/wp\/v2\/types\/post"}],"author":[{"embeddable":true,"href":"https:\/\/www.infarma.es\/en\/wp-json\/wp\/v2\/users\/2"}],"replies":[{"embeddable":true,"href":"https:\/\/www.infarma.es\/en\/wp-json\/wp\/v2\/comments?post=24032"}],"version-history":[{"count":2,"href":"https:\/\/www.infarma.es\/en\/wp-json\/wp\/v2\/posts\/24032\/revisions"}],"predecessor-version":[{"id":24040,"href":"https:\/\/www.infarma.es\/en\/wp-json\/wp\/v2\/posts\/24032\/revisions\/24040"}],"wp:featuredmedia":[{"embeddable":true,"href":"https:\/\/www.infarma.es\/en\/wp-json\/wp\/v2\/media\/24033"}],"wp:attachment":[{"href":"https:\/\/www.infarma.es\/en\/wp-json\/wp\/v2\/media?parent=24032"}],"wp:term":[{"taxonomy":"category","embeddable":true,"href":"https:\/\/www.infarma.es\/en\/wp-json\/wp\/v2\/categories?post=24032"},{"taxonomy":"post_tag","embeddable":true,"href":"https:\/\/www.infarma.es\/en\/wp-json\/wp\/v2\/tags?post=24032"}],"curies":[{"name":"wp","href":"https:\/\/api.w.org\/{rel}","templated":true}]}}