{"id":24599,"date":"2026-03-27T08:19:27","date_gmt":"2026-03-27T07:19:27","guid":{"rendered":"https:\/\/www.infarma.es\/?p=24599"},"modified":"2026-03-30T11:29:39","modified_gmt":"2026-03-30T09:29:39","slug":"infarma-record-participacion-innovacion-conversacion","status":"publish","type":"post","link":"https:\/\/www.infarma.es\/en\/infarma-record-participacion-innovacion-conversacion\/","title":{"rendered":"Infarma vuelve a batir r\u00e9cords con \u201cm\u00e1s participaci\u00f3n, m\u00e1s innovaci\u00f3n y m\u00e1s conversaci\u00f3n\u201d"},"content":{"rendered":"\n<ul class=\"wp-block-list\">\n<li><strong>El Congreso Europeo de Oficina de Farmacia y el Sal\u00f3n de Medicamentos y Parafarmacia cierra su 36\u00aa edici\u00f3n con m\u00e1s de 27.000 asistentes, m\u00e1s de 300 expositores y m\u00e1s de 32.000 m\u00b2 de superficie expositiva<\/strong>.<\/li>\n\n\n\n<li><strong>Manuel Mart\u00ednez del Peral, presidente de Infarma Madrid 2026, entreg\u00f3 el testigo a Jordi Casas, vicepresidente de esta edici\u00f3n, para la celebraci\u00f3n de Infarma Barcelona 2027, que tendr\u00e1 lugar del 16 al 18 de marzo del pr\u00f3ximo a\u00f1o<\/strong>.<\/li>\n\n\n\n<li><strong>Durante el acto de clausura se entregaron los premios a las mejores comunicaciones del congreso y a las <em>Iniciativas de \u00c9xito<\/em> m\u00e1s destacadas<\/strong>.<\/li>\n<\/ul>\n\n\n\n<div style=\"height:20px\" aria-hidden=\"true\" class=\"wp-block-spacer\"><\/div>\n\n\n\n<p><strong>Madrid, 26 de marzo de 2026.<\/strong> <a href=\"https:\/\/www.infarma.es\/\" target=\"_blank\" rel=\"noreferrer noopener\"><strong>Infarma Madrid 2026<\/strong><\/a>, la 36\u00aa edici\u00f3n del Congreso Europeo de Oficina de Farmacia y el Sal\u00f3n de Medicamentos y Parafarmacia, se clausur\u00f3 este jueves como una edici\u00f3n r\u00e9cord en la que volvieron a superarse las cifras de a\u00f1os anteriores con m\u00e1s de 27.000 asistentes, m\u00e1s de 300 expositores y m\u00e1s de 32.000 m\u00b2 de superficie expositiva. \u201cHemos batido un nuevo r\u00e9cord de asistencia al congreso y de exposici\u00f3n en el sal\u00f3n. M\u00e1s participaci\u00f3n, m\u00e1s innovaci\u00f3n y m\u00e1s conversaci\u00f3n. Esto es lo que ha definido a Infarma 2026\u201d, subray\u00f3 durante el acto de clausura Manuel Mart\u00ednez del Peral, presidente en funciones del Colegio Oficial de Farmac\u00e9uticos de Madrid (COFM) y de Infarma Madrid 2026, antes de entregar el testigo a Jordi Casas, presidente del Col\u00b7legi de Farmac\u00e8utics de Barcelona (COFB) y vicepresidente de Infarma Madrid 2026, para la celebraci\u00f3n de Infarma Barcelona 2027 del 16 al 18 de marzo del pr\u00f3ximo a\u00f1o.<\/p>\n\n\n\n<p>\u201cPero si algo nos llevamos de verdad no son solo cifras o datos. Es la certeza de que la farmacia sigue creciendo en valor, en impacto y en responsabilidad. Hoy ya no basta con dispensar. Ofrecemos m\u00e1s servicios profesionales, para mejorar la prevenci\u00f3n, para favorecer la detecci\u00f3n precoz de enfermedades, para garantizar la continuidad asistencial en colaboraci\u00f3n con los farmac\u00e9uticos de hospital y para mejorar el uso de los medicamentos, tanto de uso humano como de uso animal\u201d, subray\u00f3 Mart\u00ednez del Peral.<\/p>\n\n\n\n<p>Adem\u00e1s, hizo especial menci\u00f3n al lema elegido para esta edici\u00f3n: <em>La salud empieza aqu\u00ed<\/em>. \u201cHoy la farmacia no es solo cercan\u00eda, es conocimiento y es acompa\u00f1amiento. Pero, sobre todo, es el lugar donde empieza la salud. Empieza cuando un paciente entra por una duda. Empieza cuando prevenimos antes de que aparezca el problema. Empieza cuando estamos, siempre, al lado de las personas y de sus animales. Y eso nos convierte en una pieza imprescindible para afrontar los grandes retos sanitarios: el envejecimiento, la cronicidad, la adherencia, la sostenibilidad del sistema\u2026\u201d, asever\u00f3.<\/p>\n\n\n\n<p>Casas, que incidi\u00f3 en el \u00e9xito de esta edici\u00f3n, invit\u00f3 a todos los farmac\u00e9uticos a seguir construyendo el futuro de la profesi\u00f3n juntos en la pr\u00f3xima edici\u00f3n del congreso: \u201cRecogemos el testigo para la celebraci\u00f3n del a\u00f1o que viene en Barcelona con el compromiso de seguir impulsando una farmacia cada vez m\u00e1s asistencial, m\u00e1s innovadora, m\u00e1s digital y m\u00e1s integrada al sistema sanitario&#8221;.<\/p>\n\n\n\n<p>Agust\u00edn Torres, presidente de CloserStill Media, aplaudi\u00f3 las cifras de crecimiento de esta edici\u00f3n, ya que han vuelto a \u201csuperar expectativas\u201d y a evidenciar todo el potencial del sector. \u201cFarmac\u00e9uticos y farmac\u00e9uticas han podido conocer de primera mano innovaciones y soluciones que contribuyen a seguir fortaleciendo el papel de la oficina de farmacia. Adem\u00e1s de reflejar el dinamismo del sector, las cifras reflejan tambi\u00e9n el compromiso de todos vosotros con el progreso de la farmacia y la mejora en la atenci\u00f3n a los pacientes\u201d, expuso.<\/p>\n\n\n\n<div style=\"height:40px\" aria-hidden=\"true\" class=\"wp-block-spacer\"><\/div>\n\n\n\n<h4 class=\"wp-block-heading\"><strong>Premios para las comunicaciones<\/strong><\/h4>\n\n\n\n<p>Durante el acto de clausura, se entregaron los premios a las mejores comunicaciones. En esta edici\u00f3n, los tres p\u00f3steres galardonados fueron:<\/p>\n\n\n\n<ul class=\"wp-block-list\">\n<li>1\u00ba premio: <em>Implementaci\u00f3n de un servicio de consulta dermocosm\u00e9tica en farmacia comunitaria apoyado por herramientas digitales<\/em>, de Sara Redondo.<\/li>\n\n\n\n<li>2\u00ba premio: <em>Pr\u00e1cticas tuteladas en oficina de farmacia 3.0. Una propuesta para la era digital<\/em>, de Manuel Caama\u00f1o.<\/li>\n\n\n\n<li>3\u00ba premio: <em>Programa de prevenci\u00f3n de infecciones de transmisi\u00f3n sexual en colectivos vulnerables y poblaci\u00f3n general<\/em>, de Antonieta de Diego.<\/li>\n<\/ul>\n\n\n\n<div style=\"height:40px\" aria-hidden=\"true\" class=\"wp-block-spacer\"><\/div>\n\n\n\n<h4 class=\"wp-block-heading\"><strong>Mejores Iniciativas de \u00c9xito<\/strong><\/h4>\n\n\n\n<p>Tambi\u00e9n se entregaron en este foro los premios a los ganadores de las <em>Iniciativas de \u00c9xito<\/em> presentadas en esta edici\u00f3n:<\/p>\n\n\n\n<ul class=\"wp-block-list\">\n<li>En la categor\u00eda Asistencial, el premio fue para Laura S\u00e1nchez Amador con la iniciativa <em>NutrIAcci\u00f3n: transformando la dispensaci\u00f3n en salud<\/em>.<\/li>\n\n\n\n<li>En la categor\u00eda Gesti\u00f3n, Elena Llorente recibi\u00f3 el galard\u00f3n por el p\u00f3dcast <em>Tu farma \u00e9xito.<\/em><\/li>\n\n\n\n<li>En la categor\u00eda Institucional, los reconocimientos fueron para la <em>app<\/em> del Colegio Oficial de Farmac\u00e9uticos de A Coru\u00f1a; <em>ComunicAP<\/em>, del Colegio Oficial de Farmac\u00e9uticos de M\u00e1laga, y <em>Escuelas Rurales de Salud Mental<\/em>, del Consejo General del Colegios Oficiales de Farmac\u00e9uticos.<\/li>\n<\/ul>\n\n\n\n<p>Adem\u00e1s, la solidaridad y la acci\u00f3n social tambi\u00e9n estuvieron muy presentes en Infarma Madrid 2026. El mi\u00e9rcoles, 25 de marzo, tuvo lugar el concierto solidario en favor de la Asociaci\u00f3n Espa\u00f1ola contra el C\u00e1ncer y la Fundaci\u00f3n Fuego de Mar\u00eda, celebrado en el Teatro Eslava, en el que se recaudaron m\u00e1s de 24.000 euros para repartir entre estas dos asociaciones.<\/p>\n\n\n\n<p><\/p>\n","protected":false},"excerpt":{"rendered":"<p>Madrid, 26 de marzo de 2026. Infarma Madrid 2026, la 36\u00aa edici\u00f3n del Congreso Europeo de Oficina de Farmacia y el Sal\u00f3n de Medicamentos y Parafarmacia, se clausur\u00f3 este jueves como una edici\u00f3n r\u00e9cord en la que volvieron a superarse las cifras de a\u00f1os anteriores con m\u00e1s de 27.000 asistentes, m\u00e1s de 300 expositores y [&hellip;]<\/p>\n","protected":false},"author":2,"featured_media":24600,"comment_status":"closed","ping_status":"open","sticky":false,"template":"","format":"standard","meta":{"footnotes":""},"categories":[159],"tags":[],"class_list":["post-24599","post","type-post","status-publish","format-standard","has-post-thumbnail","hentry","category-notas_prensa"],"yoast_head":"<!-- This site is optimized with the Yoast SEO plugin v27.4 - https:\/\/yoast.com\/product\/yoast-seo-wordpress\/ -->\n<title>Infarma vuelve a batir r\u00e9cords con \u201cm\u00e1s participaci\u00f3n, m\u00e1s innovaci\u00f3n y m\u00e1s conversaci\u00f3n\u201d<\/title>\n<meta name=\"description\" content=\"Cierra su 36\u00aa edici\u00f3n con m\u00e1s de 26.000 asistentes, m\u00e1s de 300 expositores y m\u00e1s de 32.000 m\u00b2 de superficie expositiva.\" \/>\n<meta name=\"robots\" content=\"index, follow, max-snippet:-1, max-image-preview:large, max-video-preview:-1\" \/>\n<link rel=\"canonical\" href=\"https:\/\/www.infarma.es\/en\/infarma-record-participacion-innovacion-conversacion\/\" \/>\n<meta property=\"og:locale\" content=\"en_US\" \/>\n<meta property=\"og:type\" content=\"article\" \/>\n<meta property=\"og:title\" content=\"Infarma vuelve a batir r\u00e9cords con \u201cm\u00e1s participaci\u00f3n, m\u00e1s innovaci\u00f3n y m\u00e1s conversaci\u00f3n\u201d\" \/>\n<meta property=\"og:description\" content=\"Cierra su 36\u00aa edici\u00f3n con m\u00e1s de 26.000 asistentes, m\u00e1s de 300 expositores y m\u00e1s de 32.000 m\u00b2 de superficie expositiva.\" \/>\n<meta property=\"og:url\" content=\"https:\/\/www.infarma.es\/en\/infarma-record-participacion-innovacion-conversacion\/\" \/>\n<meta property=\"og:site_name\" content=\"Infarma\" \/>\n<meta property=\"article:publisher\" content=\"https:\/\/www.facebook.com\/infarmaoficial\/\" \/>\n<meta property=\"article:published_time\" content=\"2026-03-27T07:19:27+00:00\" \/>\n<meta property=\"article:modified_time\" content=\"2026-03-30T09:29:39+00:00\" \/>\n<meta property=\"og:image\" content=\"https:\/\/www.infarma.es\/wp-content\/uploads\/2026\/03\/inf2026-np-clausura.webp\" \/>\n\t<meta property=\"og:image:width\" content=\"1600\" \/>\n\t<meta property=\"og:image:height\" content=\"900\" \/>\n\t<meta property=\"og:image:type\" content=\"image\/webp\" \/>\n<meta name=\"author\" content=\"xavier\" \/>\n<meta name=\"twitter:card\" content=\"summary_large_image\" \/>\n<meta name=\"twitter:creator\" content=\"@infarma_es\" \/>\n<meta name=\"twitter:site\" content=\"@infarma_es\" \/>\n<meta name=\"twitter:label1\" content=\"Written by\" \/>\n\t<meta name=\"twitter:data1\" content=\"xavier\" \/>\n\t<meta name=\"twitter:label2\" content=\"Est. reading time\" \/>\n\t<meta name=\"twitter:data2\" content=\"4 minutes\" \/>\n<script type=\"application\/ld+json\" class=\"yoast-schema-graph\">{\"@context\":\"https:\\\/\\\/schema.org\",\"@graph\":[{\"@type\":\"Article\",\"@id\":\"https:\\\/\\\/www.infarma.es\\\/en\\\/infarma-record-participacion-innovacion-conversacion\\\/#article\",\"isPartOf\":{\"@id\":\"https:\\\/\\\/www.infarma.es\\\/en\\\/infarma-record-participacion-innovacion-conversacion\\\/\"},\"author\":{\"name\":\"xavier\",\"@id\":\"https:\\\/\\\/www.infarma.es\\\/en\\\/#\\\/schema\\\/person\\\/e53486dc47606cc5c89217026a8a01a7\"},\"headline\":\"Infarma vuelve a batir r\u00e9cords con \u201cm\u00e1s participaci\u00f3n, m\u00e1s innovaci\u00f3n y m\u00e1s conversaci\u00f3n\u201d\",\"datePublished\":\"2026-03-27T07:19:27+00:00\",\"dateModified\":\"2026-03-30T09:29:39+00:00\",\"mainEntityOfPage\":{\"@id\":\"https:\\\/\\\/www.infarma.es\\\/en\\\/infarma-record-participacion-innovacion-conversacion\\\/\"},\"wordCount\":906,\"publisher\":{\"@id\":\"https:\\\/\\\/www.infarma.es\\\/en\\\/#organization\"},\"image\":{\"@id\":\"https:\\\/\\\/www.infarma.es\\\/en\\\/infarma-record-participacion-innovacion-conversacion\\\/#primaryimage\"},\"thumbnailUrl\":\"https:\\\/\\\/www.infarma.es\\\/wp-content\\\/uploads\\\/2026\\\/03\\\/inf2026-np-clausura.webp\",\"articleSection\":[\"Notas de prensa\"],\"inLanguage\":\"en-US\"},{\"@type\":\"WebPage\",\"@id\":\"https:\\\/\\\/www.infarma.es\\\/en\\\/infarma-record-participacion-innovacion-conversacion\\\/\",\"url\":\"https:\\\/\\\/www.infarma.es\\\/en\\\/infarma-record-participacion-innovacion-conversacion\\\/\",\"name\":\"Infarma vuelve a batir r\u00e9cords con \u201cm\u00e1s participaci\u00f3n, m\u00e1s innovaci\u00f3n y m\u00e1s conversaci\u00f3n\u201d\",\"isPartOf\":{\"@id\":\"https:\\\/\\\/www.infarma.es\\\/en\\\/#website\"},\"primaryImageOfPage\":{\"@id\":\"https:\\\/\\\/www.infarma.es\\\/en\\\/infarma-record-participacion-innovacion-conversacion\\\/#primaryimage\"},\"image\":{\"@id\":\"https:\\\/\\\/www.infarma.es\\\/en\\\/infarma-record-participacion-innovacion-conversacion\\\/#primaryimage\"},\"thumbnailUrl\":\"https:\\\/\\\/www.infarma.es\\\/wp-content\\\/uploads\\\/2026\\\/03\\\/inf2026-np-clausura.webp\",\"datePublished\":\"2026-03-27T07:19:27+00:00\",\"dateModified\":\"2026-03-30T09:29:39+00:00\",\"description\":\"Cierra su 36\u00aa edici\u00f3n con m\u00e1s de 26.000 asistentes, m\u00e1s de 300 expositores y m\u00e1s de 32.000 m\u00b2 de superficie expositiva.\",\"breadcrumb\":{\"@id\":\"https:\\\/\\\/www.infarma.es\\\/en\\\/infarma-record-participacion-innovacion-conversacion\\\/#breadcrumb\"},\"inLanguage\":\"en-US\",\"potentialAction\":[{\"@type\":\"ReadAction\",\"target\":[\"https:\\\/\\\/www.infarma.es\\\/en\\\/infarma-record-participacion-innovacion-conversacion\\\/\"]}]},{\"@type\":\"ImageObject\",\"inLanguage\":\"en-US\",\"@id\":\"https:\\\/\\\/www.infarma.es\\\/en\\\/infarma-record-participacion-innovacion-conversacion\\\/#primaryimage\",\"url\":\"https:\\\/\\\/www.infarma.es\\\/wp-content\\\/uploads\\\/2026\\\/03\\\/inf2026-np-clausura.webp\",\"contentUrl\":\"https:\\\/\\\/www.infarma.es\\\/wp-content\\\/uploads\\\/2026\\\/03\\\/inf2026-np-clausura.webp\",\"width\":1600,\"height\":900,\"caption\":\"Agust\u00edn Torres, Jordi Casas y Manuel Mart\u00ednez del Peral durante la entrega del testigo en el acto de clausura.\"},{\"@type\":\"BreadcrumbList\",\"@id\":\"https:\\\/\\\/www.infarma.es\\\/en\\\/infarma-record-participacion-innovacion-conversacion\\\/#breadcrumb\",\"itemListElement\":[{\"@type\":\"ListItem\",\"position\":1,\"name\":\"Portada\",\"item\":\"https:\\\/\\\/www.infarma.es\\\/en\\\/\"},{\"@type\":\"ListItem\",\"position\":2,\"name\":\"Infarma vuelve a batir r\u00e9cords con \u201cm\u00e1s participaci\u00f3n, m\u00e1s innovaci\u00f3n y m\u00e1s conversaci\u00f3n\u201d\"}]},{\"@type\":\"WebSite\",\"@id\":\"https:\\\/\\\/www.infarma.es\\\/en\\\/#website\",\"url\":\"https:\\\/\\\/www.infarma.es\\\/en\\\/\",\"name\":\"Infarma\",\"description\":\"El mayor encuentro de farmacia\",\"publisher\":{\"@id\":\"https:\\\/\\\/www.infarma.es\\\/en\\\/#organization\"},\"potentialAction\":[{\"@type\":\"SearchAction\",\"target\":{\"@type\":\"EntryPoint\",\"urlTemplate\":\"https:\\\/\\\/www.infarma.es\\\/en\\\/?s={search_term_string}\"},\"query-input\":{\"@type\":\"PropertyValueSpecification\",\"valueRequired\":true,\"valueName\":\"search_term_string\"}}],\"inLanguage\":\"en-US\"},{\"@type\":\"Organization\",\"@id\":\"https:\\\/\\\/www.infarma.es\\\/en\\\/#organization\",\"name\":\"Infarma\",\"url\":\"https:\\\/\\\/www.infarma.es\\\/en\\\/\",\"logo\":{\"@type\":\"ImageObject\",\"inLanguage\":\"en-US\",\"@id\":\"https:\\\/\\\/www.infarma.es\\\/en\\\/#\\\/schema\\\/logo\\\/image\\\/\",\"url\":\"https:\\\/\\\/www.infarma.es\\\/wp-content\\\/uploads\\\/2024\\\/10\\\/logo-simple.svg\",\"contentUrl\":\"https:\\\/\\\/www.infarma.es\\\/wp-content\\\/uploads\\\/2024\\\/10\\\/logo-simple.svg\",\"width\":1,\"height\":1,\"caption\":\"Infarma\"},\"image\":{\"@id\":\"https:\\\/\\\/www.infarma.es\\\/en\\\/#\\\/schema\\\/logo\\\/image\\\/\"},\"sameAs\":[\"https:\\\/\\\/www.facebook.com\\\/infarmaoficial\\\/\",\"https:\\\/\\\/x.com\\\/infarma_es\",\"https:\\\/\\\/www.instagram.com\\\/infarma_oficial\\\/\",\"https:\\\/\\\/www.linkedin.com\\\/showcase\\\/infarma-salon\\\/\",\"https:\\\/\\\/www.youtube.com\\\/@INFARMAOFICIAL\"]},{\"@type\":\"Person\",\"@id\":\"https:\\\/\\\/www.infarma.es\\\/en\\\/#\\\/schema\\\/person\\\/e53486dc47606cc5c89217026a8a01a7\",\"name\":\"xavier\",\"image\":{\"@type\":\"ImageObject\",\"inLanguage\":\"en-US\",\"@id\":\"https:\\\/\\\/secure.gravatar.com\\\/avatar\\\/9014b89254123c1f240ae636cc793b98ce50ec2df162909756be1d23adc503e4?s=96&d=mm&r=g\",\"url\":\"https:\\\/\\\/secure.gravatar.com\\\/avatar\\\/9014b89254123c1f240ae636cc793b98ce50ec2df162909756be1d23adc503e4?s=96&d=mm&r=g\",\"contentUrl\":\"https:\\\/\\\/secure.gravatar.com\\\/avatar\\\/9014b89254123c1f240ae636cc793b98ce50ec2df162909756be1d23adc503e4?s=96&d=mm&r=g\",\"caption\":\"xavier\"},\"url\":\"https:\\\/\\\/www.infarma.es\\\/en\\\/author\\\/xavier\\\/\"}]}<\/script>\n<!-- \/ Yoast SEO plugin. -->","yoast_head_json":{"title":"Infarma vuelve a batir r\u00e9cords con \u201cm\u00e1s participaci\u00f3n, m\u00e1s innovaci\u00f3n y m\u00e1s conversaci\u00f3n\u201d","description":"Cierra su 36\u00aa edici\u00f3n con m\u00e1s de 26.000 asistentes, m\u00e1s de 300 expositores y m\u00e1s de 32.000 m\u00b2 de superficie expositiva.","robots":{"index":"index","follow":"follow","max-snippet":"max-snippet:-1","max-image-preview":"max-image-preview:large","max-video-preview":"max-video-preview:-1"},"canonical":"https:\/\/www.infarma.es\/en\/infarma-record-participacion-innovacion-conversacion\/","og_locale":"en_US","og_type":"article","og_title":"Infarma vuelve a batir r\u00e9cords con \u201cm\u00e1s participaci\u00f3n, m\u00e1s innovaci\u00f3n y m\u00e1s conversaci\u00f3n\u201d","og_description":"Cierra su 36\u00aa edici\u00f3n con m\u00e1s de 26.000 asistentes, m\u00e1s de 300 expositores y m\u00e1s de 32.000 m\u00b2 de superficie expositiva.","og_url":"https:\/\/www.infarma.es\/en\/infarma-record-participacion-innovacion-conversacion\/","og_site_name":"Infarma","article_publisher":"https:\/\/www.facebook.com\/infarmaoficial\/","article_published_time":"2026-03-27T07:19:27+00:00","article_modified_time":"2026-03-30T09:29:39+00:00","og_image":[{"width":1600,"height":900,"url":"https:\/\/www.infarma.es\/wp-content\/uploads\/2026\/03\/inf2026-np-clausura.webp","type":"image\/webp"}],"author":"xavier","twitter_card":"summary_large_image","twitter_creator":"@infarma_es","twitter_site":"@infarma_es","twitter_misc":{"Written by":"xavier","Est. reading time":"4 minutes"},"schema":{"@context":"https:\/\/schema.org","@graph":[{"@type":"Article","@id":"https:\/\/www.infarma.es\/en\/infarma-record-participacion-innovacion-conversacion\/#article","isPartOf":{"@id":"https:\/\/www.infarma.es\/en\/infarma-record-participacion-innovacion-conversacion\/"},"author":{"name":"xavier","@id":"https:\/\/www.infarma.es\/en\/#\/schema\/person\/e53486dc47606cc5c89217026a8a01a7"},"headline":"Infarma vuelve a batir r\u00e9cords con \u201cm\u00e1s participaci\u00f3n, m\u00e1s innovaci\u00f3n y m\u00e1s conversaci\u00f3n\u201d","datePublished":"2026-03-27T07:19:27+00:00","dateModified":"2026-03-30T09:29:39+00:00","mainEntityOfPage":{"@id":"https:\/\/www.infarma.es\/en\/infarma-record-participacion-innovacion-conversacion\/"},"wordCount":906,"publisher":{"@id":"https:\/\/www.infarma.es\/en\/#organization"},"image":{"@id":"https:\/\/www.infarma.es\/en\/infarma-record-participacion-innovacion-conversacion\/#primaryimage"},"thumbnailUrl":"https:\/\/www.infarma.es\/wp-content\/uploads\/2026\/03\/inf2026-np-clausura.webp","articleSection":["Notas de prensa"],"inLanguage":"en-US"},{"@type":"WebPage","@id":"https:\/\/www.infarma.es\/en\/infarma-record-participacion-innovacion-conversacion\/","url":"https:\/\/www.infarma.es\/en\/infarma-record-participacion-innovacion-conversacion\/","name":"Infarma vuelve a batir r\u00e9cords con \u201cm\u00e1s participaci\u00f3n, m\u00e1s innovaci\u00f3n y m\u00e1s conversaci\u00f3n\u201d","isPartOf":{"@id":"https:\/\/www.infarma.es\/en\/#website"},"primaryImageOfPage":{"@id":"https:\/\/www.infarma.es\/en\/infarma-record-participacion-innovacion-conversacion\/#primaryimage"},"image":{"@id":"https:\/\/www.infarma.es\/en\/infarma-record-participacion-innovacion-conversacion\/#primaryimage"},"thumbnailUrl":"https:\/\/www.infarma.es\/wp-content\/uploads\/2026\/03\/inf2026-np-clausura.webp","datePublished":"2026-03-27T07:19:27+00:00","dateModified":"2026-03-30T09:29:39+00:00","description":"Cierra su 36\u00aa edici\u00f3n con m\u00e1s de 26.000 asistentes, m\u00e1s de 300 expositores y m\u00e1s de 32.000 m\u00b2 de superficie expositiva.","breadcrumb":{"@id":"https:\/\/www.infarma.es\/en\/infarma-record-participacion-innovacion-conversacion\/#breadcrumb"},"inLanguage":"en-US","potentialAction":[{"@type":"ReadAction","target":["https:\/\/www.infarma.es\/en\/infarma-record-participacion-innovacion-conversacion\/"]}]},{"@type":"ImageObject","inLanguage":"en-US","@id":"https:\/\/www.infarma.es\/en\/infarma-record-participacion-innovacion-conversacion\/#primaryimage","url":"https:\/\/www.infarma.es\/wp-content\/uploads\/2026\/03\/inf2026-np-clausura.webp","contentUrl":"https:\/\/www.infarma.es\/wp-content\/uploads\/2026\/03\/inf2026-np-clausura.webp","width":1600,"height":900,"caption":"Agust\u00edn Torres, Jordi Casas y Manuel Mart\u00ednez del Peral durante la entrega del testigo en el acto de clausura."},{"@type":"BreadcrumbList","@id":"https:\/\/www.infarma.es\/en\/infarma-record-participacion-innovacion-conversacion\/#breadcrumb","itemListElement":[{"@type":"ListItem","position":1,"name":"Portada","item":"https:\/\/www.infarma.es\/en\/"},{"@type":"ListItem","position":2,"name":"Infarma vuelve a batir r\u00e9cords con \u201cm\u00e1s participaci\u00f3n, m\u00e1s innovaci\u00f3n y m\u00e1s conversaci\u00f3n\u201d"}]},{"@type":"WebSite","@id":"https:\/\/www.infarma.es\/en\/#website","url":"https:\/\/www.infarma.es\/en\/","name":"Infarma","description":"El mayor encuentro de farmacia","publisher":{"@id":"https:\/\/www.infarma.es\/en\/#organization"},"potentialAction":[{"@type":"SearchAction","target":{"@type":"EntryPoint","urlTemplate":"https:\/\/www.infarma.es\/en\/?s={search_term_string}"},"query-input":{"@type":"PropertyValueSpecification","valueRequired":true,"valueName":"search_term_string"}}],"inLanguage":"en-US"},{"@type":"Organization","@id":"https:\/\/www.infarma.es\/en\/#organization","name":"Infarma","url":"https:\/\/www.infarma.es\/en\/","logo":{"@type":"ImageObject","inLanguage":"en-US","@id":"https:\/\/www.infarma.es\/en\/#\/schema\/logo\/image\/","url":"https:\/\/www.infarma.es\/wp-content\/uploads\/2024\/10\/logo-simple.svg","contentUrl":"https:\/\/www.infarma.es\/wp-content\/uploads\/2024\/10\/logo-simple.svg","width":1,"height":1,"caption":"Infarma"},"image":{"@id":"https:\/\/www.infarma.es\/en\/#\/schema\/logo\/image\/"},"sameAs":["https:\/\/www.facebook.com\/infarmaoficial\/","https:\/\/x.com\/infarma_es","https:\/\/www.instagram.com\/infarma_oficial\/","https:\/\/www.linkedin.com\/showcase\/infarma-salon\/","https:\/\/www.youtube.com\/@INFARMAOFICIAL"]},{"@type":"Person","@id":"https:\/\/www.infarma.es\/en\/#\/schema\/person\/e53486dc47606cc5c89217026a8a01a7","name":"xavier","image":{"@type":"ImageObject","inLanguage":"en-US","@id":"https:\/\/secure.gravatar.com\/avatar\/9014b89254123c1f240ae636cc793b98ce50ec2df162909756be1d23adc503e4?s=96&d=mm&r=g","url":"https:\/\/secure.gravatar.com\/avatar\/9014b89254123c1f240ae636cc793b98ce50ec2df162909756be1d23adc503e4?s=96&d=mm&r=g","contentUrl":"https:\/\/secure.gravatar.com\/avatar\/9014b89254123c1f240ae636cc793b98ce50ec2df162909756be1d23adc503e4?s=96&d=mm&r=g","caption":"xavier"},"url":"https:\/\/www.infarma.es\/en\/author\/xavier\/"}]}},"_links":{"self":[{"href":"https:\/\/www.infarma.es\/en\/wp-json\/wp\/v2\/posts\/24599","targetHints":{"allow":["GET"]}}],"collection":[{"href":"https:\/\/www.infarma.es\/en\/wp-json\/wp\/v2\/posts"}],"about":[{"href":"https:\/\/www.infarma.es\/en\/wp-json\/wp\/v2\/types\/post"}],"author":[{"embeddable":true,"href":"https:\/\/www.infarma.es\/en\/wp-json\/wp\/v2\/users\/2"}],"replies":[{"embeddable":true,"href":"https:\/\/www.infarma.es\/en\/wp-json\/wp\/v2\/comments?post=24599"}],"version-history":[{"count":5,"href":"https:\/\/www.infarma.es\/en\/wp-json\/wp\/v2\/posts\/24599\/revisions"}],"predecessor-version":[{"id":24618,"href":"https:\/\/www.infarma.es\/en\/wp-json\/wp\/v2\/posts\/24599\/revisions\/24618"}],"wp:featuredmedia":[{"embeddable":true,"href":"https:\/\/www.infarma.es\/en\/wp-json\/wp\/v2\/media\/24600"}],"wp:attachment":[{"href":"https:\/\/www.infarma.es\/en\/wp-json\/wp\/v2\/media?parent=24599"}],"wp:term":[{"taxonomy":"category","embeddable":true,"href":"https:\/\/www.infarma.es\/en\/wp-json\/wp\/v2\/categories?post=24599"},{"taxonomy":"post_tag","embeddable":true,"href":"https:\/\/www.infarma.es\/en\/wp-json\/wp\/v2\/tags?post=24599"}],"curies":[{"name":"wp","href":"https:\/\/api.w.org\/{rel}","templated":true}]}}