{"id":24605,"date":"2026-03-27T19:36:00","date_gmt":"2026-03-27T18:36:00","guid":{"rendered":"https:\/\/www.infarma.es\/?p=24605"},"modified":"2026-03-30T09:42:57","modified_gmt":"2026-03-30T07:42:57","slug":"colaboracion-formacion-comunicacion-continuidad-asistencial-farmacia-hospitalaria-comunitaria","status":"publish","type":"post","link":"https:\/\/www.infarma.es\/en\/colaboracion-formacion-comunicacion-continuidad-asistencial-farmacia-hospitalaria-comunitaria\/","title":{"rendered":"Colaboraci\u00f3n, formaci\u00f3n y comunicaci\u00f3n, claves para la continuidad asistencial entre farmacia hospitalaria y farmacia comunitaria"},"content":{"rendered":"\n<ul class=\"wp-block-list\">\n<li><strong>Infarma Madrid 2026 acogi\u00f3 este jueves una\u00a0sesi\u00f3n coloquio\u00a0en la que se analizaron los retos\u00a0de la continuidad asistencial entre los servicios de Farmacia Hospitalaria y las\u00a0farmacias comunitarias con el foco puesto en dos aspectos esenciales: formaci\u00f3n y dispensaci\u00f3n colaborativa<\/strong><\/li>\n\n\n\n<li><strong>En este foro se puso de manifiesto\u00a0que\u00a0&#8220;la\u00a0continuidad asistencial permite resolver problemas al paciente&#8221; y que es necesario el trabajo conjunto\u00a0para alcanzar este objetivo<\/strong><\/li>\n<\/ul>\n\n\n\n<div style=\"height:20px\" aria-hidden=\"true\" class=\"wp-block-spacer\"><\/div>\n\n\n\n<p><strong>Madrid, 27 de marzo de 2026.<\/strong> \u00bfCu\u00e1l es el escenario actual de la colaboraci\u00f3n entre los servicios de Farmacia Hospitalaria y la red de oficinas de farmacia? \u00bfA qu\u00e9 desaf\u00edos se enfrenta\u00a0esta colaboraci\u00f3n? \u00bfC\u00f3mo debe construirse esa colaboraci\u00f3n para garantizar la continuidad asistencial de los pacientes? Estas fueron algunas de las principales cuestiones que se debatieron este jueves en\u00a0<a href=\"https:\/\/www.infarma.es\/\" target=\"_blank\" rel=\"noreferrer noopener\"><strong>Infarma Madrid 2026<\/strong><\/a>\u00a0durante la celebraci\u00f3n de la mesa coloquio\u00a0<em>Desaf\u00edos de la continuidad asistencial farmac\u00e9utica hospitalaria y comunitaria: formaci\u00f3n y dispensaci\u00f3n colaborativa<\/em>, moderada por <strong>Alicia Herrero<\/strong>, vocal de Hospitales en funciones del Colegio Oficial de Farmac\u00e9uticos de Madrid (COFM), y que cont\u00f3 con tres ponentes de primer nivel: <strong>Alberto Carazo<\/strong>, farmac\u00e9utico y socio de las consultor\u00edas farmac\u00e9uticas y biotecnol\u00f3gicas Inntegrapharma y Konexio Biotech; <strong>Vicente Colomer<\/strong>, farmac\u00e9utico comunitario, secretario del Consell Valenci\u00e0 de Col\u00b7legis de Farmac\u00e8utics y farmac\u00e9utico titular de Salud Publica en el Departamento X\u00e0tiva-Ontinyent, y <strong>Mario Garc\u00eda Gil<\/strong>, farmac\u00e9utico de hospital, gerente del Hospital Universitario Principe de Asturias y\u00a0presidente de la\u00a0Sociedad Madrile\u00f1a de Farmac\u00e9uticos de Hospital (SMFH).<\/p>\n\n\n\n<p>La sesi\u00f3n tuvo lugar pocas horas antes de la clausura de Infarma 2026\u00a0que, tras registrar las cifras de los tres d\u00edas (del 24 al 26 de marzo), cerr\u00f3 esta 36\u00aa edici\u00f3n con la cifra r\u00e9cord de <strong>27.216 asistentes<\/strong> (<a href=\"https:\/\/www.cofm.es\/es\/noticias\/infarma-vuelve-a-batir-records-con-mas-participacion-mas-innovacion-y-mas-conversacion\/\" target=\"_blank\" rel=\"noreferrer noopener\"><strong>superando la cifra de m\u00e1s de 26.000, anunciada durante el acto de cierre del Congreso<\/strong><\/a>).<\/p>\n\n\n\n<p>Para abrir el debate sobre la cooperaci\u00f3n entre hospitalaria y comunitaria, Alicia Herrero se\u00f1al\u00f3&nbsp;que la realidad cl\u00ednica y asistencial, &#8220;marcada por la llegada de la innovaci\u00f3n y de tratamientos cada vez m\u00e1s complejos&#8221;, ofrece&nbsp;una &#8220;gran oportunidad&#8221; para garantizar la continuidad asistencial de los pacientes a trav\u00e9s de &#8220;la formaci\u00f3n, la actualizaci\u00f3n constante y una visi\u00f3n compartida&#8221; entre los distintos niveles asistenciales.&nbsp;&#8220;Es algo que est\u00e1 en nuestra mano, a trav\u00e9s de la colaboraci\u00f3n, y en lo que debemos avanzar&#8221;, asegur\u00f3.<\/p>\n\n\n\n<p>A continuaci\u00f3n, Alberto Carazo defendi\u00f3 el auge de la innovaci\u00f3n farmac\u00e9utica en los \u00faltimos a\u00f1os y que, a ra\u00edz de ese crecimiento, es necesario que el farmac\u00e9utico est\u00e9 presente y englobe &#8220;todo el ciclo de vida&#8221; del medicamento: investigaci\u00f3n, fases cl\u00ednicas y precl\u00ednicas, registros, fabricaci\u00f3n, <em>marketing<\/em>, acceso al mercado, distribuci\u00f3n, dispensaci\u00f3n, farmacovigilancia&#8230; Asimismo, destac\u00f3 el incremento de los ensayos cl\u00ednicos con medicamentos de terapias avanzadas, as\u00ed como el de las compa\u00f1\u00edas&nbsp;que est\u00e1n destinando recursos a investigar y desarrollar este tipo de tratamientos. Como ejemplo de ello, cit\u00f3&nbsp;la terapia g\u00e9nica: &#8220;El mercado global de terapia g\u00e9nica, en t\u00e9rminos de ingresos, gener\u00f3 7,54 billones de d\u00f3lares en 2022 y se espera que llegue a los 17,2 billones en 2027, lo que representa una tasa de crecimiento anual (CAGR) del 22% de 2023 a 2030&#8221;.<\/p>\n\n\n\n<p>Ante este escenario, Carazo subray\u00f3 que es necesario m\u00e1s especializaci\u00f3n y que la formaci\u00f3n curricular de los farmac\u00e9uticos ampl\u00ede las materias ligadas a la innovaci\u00f3n terap\u00e9utica: &#8220;No podemos quedarnos atr\u00e1s. Debemos seguir siendo los especialistas en las distintas fases del ciclo de los medicamentos&#8221;.<\/p>\n\n\n\n<div style=\"height:40px\" aria-hidden=\"true\" class=\"wp-block-spacer\"><\/div>\n\n\n\n<h4 class=\"wp-block-heading\"><strong>Ejemplo de colaboraci\u00f3n en la Comunidad Valenciana<\/strong><\/h4>\n\n\n\n<p>Vicente Colomer, por su parte, expuso durante la sesi\u00f3n el modelo de dispensaci\u00f3n colaborativa a pacientes externos entre hospital y farmacia comunitaria que se puso en marcha en la Comunidad Valenciana a ra\u00edz de la pandemia de la covid-19. Se trata de un modelo, se\u00f1al\u00f3, que supuso una alianza estrat\u00e9gica entre los colegios de farmac\u00e9uticos de la regi\u00f3n y la Administraci\u00f3n auton\u00f3mica, y que permiti\u00f3 que &#8220;no se rompiese en ning\u00fan momento&#8221; la trazabilidad ni la cadena farmac\u00e9utica (en el hospital dispensa un farmac\u00e9utico, distribuye un farmac\u00e9utico, y en la farmacia comunitaria custodia y dispensa un farmac\u00e9utico) con la ayuda de un <em>software<\/em> espec\u00edfico.<\/p>\n\n\n\n<p>Este modelo colaborativo, que comenz\u00f3 al inicio de la pandemia, fue&nbsp;adapt\u00e1ndose y en 2021 llev\u00f3 a un acuerdo de las farmacias con la Generalitat Valenciana que permiti\u00f3 crea una plataforma para realizar esta dispensaci\u00f3n colaborativa en la que participan los servicios de&nbsp;Farmacia Hospitalaria, la distribuci\u00f3n, las oficinas de farmacia&nbsp;y los colegios oficiales de farmac\u00e9uticos. El n\u00famero de env\u00edos de medicaci\u00f3n realizado&nbsp;y de pacientes alcanzados evidencian, como explic\u00f3 Colomer, &#8220;los buenos resultados&#8221; que est\u00e1 dando este modelo colaborativo en la Comunidad Valenciana.<\/p>\n\n\n\n<div style=\"height:40px\" aria-hidden=\"true\" class=\"wp-block-spacer\"><\/div>\n\n\n\n<h4 class=\"wp-block-heading\"><strong>Una red con un amplio potencial<\/strong><\/h4>\n\n\n\n<p>En la Comunidad de Madrid, Mario Garc\u00eda Gil ensalz\u00f3 el enorme potencial de la red de hospitales y de&nbsp;farmacias comunitarias con el que cuenta la regi\u00f3n para impulsar esa dispensaci\u00f3n colaborativa en aras de una mayor continuidad asistencial. &#8220;Tenemos que aprovechar esa red&#8221;, asever\u00f3. Sin embargo, tambi\u00e9n destac\u00f3 que hay aspectos que deben concretarse y analizarse detenidamente, como son, por ejemplo, la formaci\u00f3n de los profesionales, la v\u00eda de comunicaci\u00f3n entre ellos, la estructura de los circuitos y el dise\u00f1o del servicio. &#8220;El trabajo conjunto para lograr la m\u00e1xima cooperaci\u00f3n supone un reto, una necesidad y una oportunidad para avanzar, apoyados en las nuevas tecnolog\u00edas&#8221;, indic\u00f3.<\/p>\n\n\n\n<p>Por ello, a\u00f1adi\u00f3 que es fundamental seguir progresando en esta l\u00ednea, junto con la Administraci\u00f3n sanitaria, para alcanzar f\u00f3rmulas que permitan mejorar la asistencia en la regi\u00f3n ya que, como destac\u00f3, &#8220;la&nbsp;continuidad asistencial permite resolver problemas al paciente&#8221;, y es importante que los distintos niveles asistenciales compartan y conozcan necesidades para, a partir de ellas, adoptar las herramientas tecnol\u00f3gicas necesarias.<\/p>\n","protected":false},"excerpt":{"rendered":"<p>Madrid, 27 de marzo de 2026. \u00bfCu\u00e1l es el escenario actual de la colaboraci\u00f3n entre los servicios de Farmacia Hospitalaria y la red de oficinas de farmacia? \u00bfA qu\u00e9 desaf\u00edos se enfrenta\u00a0esta colaboraci\u00f3n? \u00bfC\u00f3mo debe construirse esa colaboraci\u00f3n para garantizar la continuidad asistencial de los pacientes? Estas fueron algunas de las principales cuestiones que se [&hellip;]<\/p>\n","protected":false},"author":2,"featured_media":24606,"comment_status":"closed","ping_status":"open","sticky":false,"template":"","format":"standard","meta":{"footnotes":""},"categories":[159],"tags":[],"class_list":["post-24605","post","type-post","status-publish","format-standard","has-post-thumbnail","hentry","category-notas_prensa"],"yoast_head":"<!-- This site is optimized with the Yoast SEO plugin v27.4 - https:\/\/yoast.com\/product\/yoast-seo-wordpress\/ -->\n<title>Colaboraci\u00f3n, formaci\u00f3n y comunicaci\u00f3n, claves para la continuidad asistencial entre farmacia hospitalaria y farmacia comunitaria<\/title>\n<meta name=\"description\" content=\"En Infarma 2026 se analizaron los retos\u00a0de la continuidad asistencial entre los servicios de Farmacia Hospitalaria y las\u00a0farmacias comunitarias.\" \/>\n<meta name=\"robots\" content=\"index, follow, max-snippet:-1, max-image-preview:large, max-video-preview:-1\" \/>\n<link rel=\"canonical\" href=\"https:\/\/www.infarma.es\/en\/colaboracion-formacion-comunicacion-continuidad-asistencial-farmacia-hospitalaria-comunitaria\/\" \/>\n<meta property=\"og:locale\" content=\"en_US\" \/>\n<meta property=\"og:type\" content=\"article\" \/>\n<meta property=\"og:title\" content=\"Colaboraci\u00f3n, formaci\u00f3n y comunicaci\u00f3n, claves para la continuidad asistencial entre farmacia hospitalaria y farmacia comunitaria\" \/>\n<meta property=\"og:description\" content=\"En Infarma 2026 se analizaron los retos\u00a0de la continuidad asistencial entre los servicios de Farmacia Hospitalaria y las\u00a0farmacias comunitarias.\" \/>\n<meta property=\"og:url\" content=\"https:\/\/www.infarma.es\/en\/colaboracion-formacion-comunicacion-continuidad-asistencial-farmacia-hospitalaria-comunitaria\/\" \/>\n<meta property=\"og:site_name\" content=\"Infarma\" \/>\n<meta property=\"article:publisher\" content=\"https:\/\/www.facebook.com\/infarmaoficial\/\" \/>\n<meta property=\"article:published_time\" content=\"2026-03-27T18:36:00+00:00\" \/>\n<meta property=\"article:modified_time\" content=\"2026-03-30T07:42:57+00:00\" \/>\n<meta property=\"og:image\" content=\"https:\/\/www.infarma.es\/wp-content\/uploads\/2026\/03\/inf2026-np-armacia-hospitalaria.webp\" \/>\n\t<meta property=\"og:image:width\" content=\"1600\" \/>\n\t<meta property=\"og:image:height\" content=\"900\" \/>\n\t<meta property=\"og:image:type\" content=\"image\/webp\" \/>\n<meta name=\"author\" content=\"xavier\" \/>\n<meta name=\"twitter:card\" content=\"summary_large_image\" \/>\n<meta name=\"twitter:creator\" content=\"@infarma_es\" \/>\n<meta name=\"twitter:site\" content=\"@infarma_es\" \/>\n<meta name=\"twitter:label1\" content=\"Written by\" \/>\n\t<meta name=\"twitter:data1\" content=\"xavier\" \/>\n\t<meta name=\"twitter:label2\" content=\"Est. reading time\" \/>\n\t<meta name=\"twitter:data2\" content=\"5 minutes\" \/>\n<script type=\"application\/ld+json\" class=\"yoast-schema-graph\">{\"@context\":\"https:\\\/\\\/schema.org\",\"@graph\":[{\"@type\":\"Article\",\"@id\":\"https:\\\/\\\/www.infarma.es\\\/en\\\/colaboracion-formacion-comunicacion-continuidad-asistencial-farmacia-hospitalaria-comunitaria\\\/#article\",\"isPartOf\":{\"@id\":\"https:\\\/\\\/www.infarma.es\\\/en\\\/colaboracion-formacion-comunicacion-continuidad-asistencial-farmacia-hospitalaria-comunitaria\\\/\"},\"author\":{\"name\":\"xavier\",\"@id\":\"https:\\\/\\\/www.infarma.es\\\/en\\\/#\\\/schema\\\/person\\\/e53486dc47606cc5c89217026a8a01a7\"},\"headline\":\"Colaboraci\u00f3n, formaci\u00f3n y comunicaci\u00f3n, claves para la continuidad asistencial entre farmacia hospitalaria y farmacia comunitaria\",\"datePublished\":\"2026-03-27T18:36:00+00:00\",\"dateModified\":\"2026-03-30T07:42:57+00:00\",\"mainEntityOfPage\":{\"@id\":\"https:\\\/\\\/www.infarma.es\\\/en\\\/colaboracion-formacion-comunicacion-continuidad-asistencial-farmacia-hospitalaria-comunitaria\\\/\"},\"wordCount\":1046,\"publisher\":{\"@id\":\"https:\\\/\\\/www.infarma.es\\\/en\\\/#organization\"},\"image\":{\"@id\":\"https:\\\/\\\/www.infarma.es\\\/en\\\/colaboracion-formacion-comunicacion-continuidad-asistencial-farmacia-hospitalaria-comunitaria\\\/#primaryimage\"},\"thumbnailUrl\":\"https:\\\/\\\/www.infarma.es\\\/wp-content\\\/uploads\\\/2026\\\/03\\\/inf2026-np-armacia-hospitalaria.webp\",\"articleSection\":[\"Notas de prensa\"],\"inLanguage\":\"en-US\"},{\"@type\":\"WebPage\",\"@id\":\"https:\\\/\\\/www.infarma.es\\\/en\\\/colaboracion-formacion-comunicacion-continuidad-asistencial-farmacia-hospitalaria-comunitaria\\\/\",\"url\":\"https:\\\/\\\/www.infarma.es\\\/en\\\/colaboracion-formacion-comunicacion-continuidad-asistencial-farmacia-hospitalaria-comunitaria\\\/\",\"name\":\"Colaboraci\u00f3n, formaci\u00f3n y comunicaci\u00f3n, claves para la continuidad asistencial entre farmacia hospitalaria y farmacia comunitaria\",\"isPartOf\":{\"@id\":\"https:\\\/\\\/www.infarma.es\\\/en\\\/#website\"},\"primaryImageOfPage\":{\"@id\":\"https:\\\/\\\/www.infarma.es\\\/en\\\/colaboracion-formacion-comunicacion-continuidad-asistencial-farmacia-hospitalaria-comunitaria\\\/#primaryimage\"},\"image\":{\"@id\":\"https:\\\/\\\/www.infarma.es\\\/en\\\/colaboracion-formacion-comunicacion-continuidad-asistencial-farmacia-hospitalaria-comunitaria\\\/#primaryimage\"},\"thumbnailUrl\":\"https:\\\/\\\/www.infarma.es\\\/wp-content\\\/uploads\\\/2026\\\/03\\\/inf2026-np-armacia-hospitalaria.webp\",\"datePublished\":\"2026-03-27T18:36:00+00:00\",\"dateModified\":\"2026-03-30T07:42:57+00:00\",\"description\":\"En Infarma 2026 se analizaron los retos\u00a0de la continuidad asistencial entre los servicios de Farmacia Hospitalaria y las\u00a0farmacias comunitarias.\",\"breadcrumb\":{\"@id\":\"https:\\\/\\\/www.infarma.es\\\/en\\\/colaboracion-formacion-comunicacion-continuidad-asistencial-farmacia-hospitalaria-comunitaria\\\/#breadcrumb\"},\"inLanguage\":\"en-US\",\"potentialAction\":[{\"@type\":\"ReadAction\",\"target\":[\"https:\\\/\\\/www.infarma.es\\\/en\\\/colaboracion-formacion-comunicacion-continuidad-asistencial-farmacia-hospitalaria-comunitaria\\\/\"]}]},{\"@type\":\"ImageObject\",\"inLanguage\":\"en-US\",\"@id\":\"https:\\\/\\\/www.infarma.es\\\/en\\\/colaboracion-formacion-comunicacion-continuidad-asistencial-farmacia-hospitalaria-comunitaria\\\/#primaryimage\",\"url\":\"https:\\\/\\\/www.infarma.es\\\/wp-content\\\/uploads\\\/2026\\\/03\\\/inf2026-np-armacia-hospitalaria.webp\",\"contentUrl\":\"https:\\\/\\\/www.infarma.es\\\/wp-content\\\/uploads\\\/2026\\\/03\\\/inf2026-np-armacia-hospitalaria.webp\",\"width\":1600,\"height\":900,\"caption\":\"Alicia Herrero, Mario Garc\u00eda Gil, Vicente Colomer y Alberto Carazo, durante la mesa coloquio.\"},{\"@type\":\"BreadcrumbList\",\"@id\":\"https:\\\/\\\/www.infarma.es\\\/en\\\/colaboracion-formacion-comunicacion-continuidad-asistencial-farmacia-hospitalaria-comunitaria\\\/#breadcrumb\",\"itemListElement\":[{\"@type\":\"ListItem\",\"position\":1,\"name\":\"Portada\",\"item\":\"https:\\\/\\\/www.infarma.es\\\/en\\\/\"},{\"@type\":\"ListItem\",\"position\":2,\"name\":\"Colaboraci\u00f3n, formaci\u00f3n y comunicaci\u00f3n, claves para la continuidad asistencial entre farmacia hospitalaria y farmacia comunitaria\"}]},{\"@type\":\"WebSite\",\"@id\":\"https:\\\/\\\/www.infarma.es\\\/en\\\/#website\",\"url\":\"https:\\\/\\\/www.infarma.es\\\/en\\\/\",\"name\":\"Infarma\",\"description\":\"El mayor encuentro de farmacia\",\"publisher\":{\"@id\":\"https:\\\/\\\/www.infarma.es\\\/en\\\/#organization\"},\"potentialAction\":[{\"@type\":\"SearchAction\",\"target\":{\"@type\":\"EntryPoint\",\"urlTemplate\":\"https:\\\/\\\/www.infarma.es\\\/en\\\/?s={search_term_string}\"},\"query-input\":{\"@type\":\"PropertyValueSpecification\",\"valueRequired\":true,\"valueName\":\"search_term_string\"}}],\"inLanguage\":\"en-US\"},{\"@type\":\"Organization\",\"@id\":\"https:\\\/\\\/www.infarma.es\\\/en\\\/#organization\",\"name\":\"Infarma\",\"url\":\"https:\\\/\\\/www.infarma.es\\\/en\\\/\",\"logo\":{\"@type\":\"ImageObject\",\"inLanguage\":\"en-US\",\"@id\":\"https:\\\/\\\/www.infarma.es\\\/en\\\/#\\\/schema\\\/logo\\\/image\\\/\",\"url\":\"https:\\\/\\\/www.infarma.es\\\/wp-content\\\/uploads\\\/2024\\\/10\\\/logo-simple.svg\",\"contentUrl\":\"https:\\\/\\\/www.infarma.es\\\/wp-content\\\/uploads\\\/2024\\\/10\\\/logo-simple.svg\",\"width\":1,\"height\":1,\"caption\":\"Infarma\"},\"image\":{\"@id\":\"https:\\\/\\\/www.infarma.es\\\/en\\\/#\\\/schema\\\/logo\\\/image\\\/\"},\"sameAs\":[\"https:\\\/\\\/www.facebook.com\\\/infarmaoficial\\\/\",\"https:\\\/\\\/x.com\\\/infarma_es\",\"https:\\\/\\\/www.instagram.com\\\/infarma_oficial\\\/\",\"https:\\\/\\\/www.linkedin.com\\\/showcase\\\/infarma-salon\\\/\",\"https:\\\/\\\/www.youtube.com\\\/@INFARMAOFICIAL\"]},{\"@type\":\"Person\",\"@id\":\"https:\\\/\\\/www.infarma.es\\\/en\\\/#\\\/schema\\\/person\\\/e53486dc47606cc5c89217026a8a01a7\",\"name\":\"xavier\",\"image\":{\"@type\":\"ImageObject\",\"inLanguage\":\"en-US\",\"@id\":\"https:\\\/\\\/secure.gravatar.com\\\/avatar\\\/9014b89254123c1f240ae636cc793b98ce50ec2df162909756be1d23adc503e4?s=96&d=mm&r=g\",\"url\":\"https:\\\/\\\/secure.gravatar.com\\\/avatar\\\/9014b89254123c1f240ae636cc793b98ce50ec2df162909756be1d23adc503e4?s=96&d=mm&r=g\",\"contentUrl\":\"https:\\\/\\\/secure.gravatar.com\\\/avatar\\\/9014b89254123c1f240ae636cc793b98ce50ec2df162909756be1d23adc503e4?s=96&d=mm&r=g\",\"caption\":\"xavier\"},\"url\":\"https:\\\/\\\/www.infarma.es\\\/en\\\/author\\\/xavier\\\/\"}]}<\/script>\n<!-- \/ Yoast SEO plugin. -->","yoast_head_json":{"title":"Colaboraci\u00f3n, formaci\u00f3n y comunicaci\u00f3n, claves para la continuidad asistencial entre farmacia hospitalaria y farmacia comunitaria","description":"En Infarma 2026 se analizaron los retos\u00a0de la continuidad asistencial entre los servicios de Farmacia Hospitalaria y las\u00a0farmacias comunitarias.","robots":{"index":"index","follow":"follow","max-snippet":"max-snippet:-1","max-image-preview":"max-image-preview:large","max-video-preview":"max-video-preview:-1"},"canonical":"https:\/\/www.infarma.es\/en\/colaboracion-formacion-comunicacion-continuidad-asistencial-farmacia-hospitalaria-comunitaria\/","og_locale":"en_US","og_type":"article","og_title":"Colaboraci\u00f3n, formaci\u00f3n y comunicaci\u00f3n, claves para la continuidad asistencial entre farmacia hospitalaria y farmacia comunitaria","og_description":"En Infarma 2026 se analizaron los retos\u00a0de la continuidad asistencial entre los servicios de Farmacia Hospitalaria y las\u00a0farmacias comunitarias.","og_url":"https:\/\/www.infarma.es\/en\/colaboracion-formacion-comunicacion-continuidad-asistencial-farmacia-hospitalaria-comunitaria\/","og_site_name":"Infarma","article_publisher":"https:\/\/www.facebook.com\/infarmaoficial\/","article_published_time":"2026-03-27T18:36:00+00:00","article_modified_time":"2026-03-30T07:42:57+00:00","og_image":[{"width":1600,"height":900,"url":"https:\/\/www.infarma.es\/wp-content\/uploads\/2026\/03\/inf2026-np-armacia-hospitalaria.webp","type":"image\/webp"}],"author":"xavier","twitter_card":"summary_large_image","twitter_creator":"@infarma_es","twitter_site":"@infarma_es","twitter_misc":{"Written by":"xavier","Est. reading time":"5 minutes"},"schema":{"@context":"https:\/\/schema.org","@graph":[{"@type":"Article","@id":"https:\/\/www.infarma.es\/en\/colaboracion-formacion-comunicacion-continuidad-asistencial-farmacia-hospitalaria-comunitaria\/#article","isPartOf":{"@id":"https:\/\/www.infarma.es\/en\/colaboracion-formacion-comunicacion-continuidad-asistencial-farmacia-hospitalaria-comunitaria\/"},"author":{"name":"xavier","@id":"https:\/\/www.infarma.es\/en\/#\/schema\/person\/e53486dc47606cc5c89217026a8a01a7"},"headline":"Colaboraci\u00f3n, formaci\u00f3n y comunicaci\u00f3n, claves para la continuidad asistencial entre farmacia hospitalaria y farmacia comunitaria","datePublished":"2026-03-27T18:36:00+00:00","dateModified":"2026-03-30T07:42:57+00:00","mainEntityOfPage":{"@id":"https:\/\/www.infarma.es\/en\/colaboracion-formacion-comunicacion-continuidad-asistencial-farmacia-hospitalaria-comunitaria\/"},"wordCount":1046,"publisher":{"@id":"https:\/\/www.infarma.es\/en\/#organization"},"image":{"@id":"https:\/\/www.infarma.es\/en\/colaboracion-formacion-comunicacion-continuidad-asistencial-farmacia-hospitalaria-comunitaria\/#primaryimage"},"thumbnailUrl":"https:\/\/www.infarma.es\/wp-content\/uploads\/2026\/03\/inf2026-np-armacia-hospitalaria.webp","articleSection":["Notas de prensa"],"inLanguage":"en-US"},{"@type":"WebPage","@id":"https:\/\/www.infarma.es\/en\/colaboracion-formacion-comunicacion-continuidad-asistencial-farmacia-hospitalaria-comunitaria\/","url":"https:\/\/www.infarma.es\/en\/colaboracion-formacion-comunicacion-continuidad-asistencial-farmacia-hospitalaria-comunitaria\/","name":"Colaboraci\u00f3n, formaci\u00f3n y comunicaci\u00f3n, claves para la continuidad asistencial entre farmacia hospitalaria y farmacia comunitaria","isPartOf":{"@id":"https:\/\/www.infarma.es\/en\/#website"},"primaryImageOfPage":{"@id":"https:\/\/www.infarma.es\/en\/colaboracion-formacion-comunicacion-continuidad-asistencial-farmacia-hospitalaria-comunitaria\/#primaryimage"},"image":{"@id":"https:\/\/www.infarma.es\/en\/colaboracion-formacion-comunicacion-continuidad-asistencial-farmacia-hospitalaria-comunitaria\/#primaryimage"},"thumbnailUrl":"https:\/\/www.infarma.es\/wp-content\/uploads\/2026\/03\/inf2026-np-armacia-hospitalaria.webp","datePublished":"2026-03-27T18:36:00+00:00","dateModified":"2026-03-30T07:42:57+00:00","description":"En Infarma 2026 se analizaron los retos\u00a0de la continuidad asistencial entre los servicios de Farmacia Hospitalaria y las\u00a0farmacias comunitarias.","breadcrumb":{"@id":"https:\/\/www.infarma.es\/en\/colaboracion-formacion-comunicacion-continuidad-asistencial-farmacia-hospitalaria-comunitaria\/#breadcrumb"},"inLanguage":"en-US","potentialAction":[{"@type":"ReadAction","target":["https:\/\/www.infarma.es\/en\/colaboracion-formacion-comunicacion-continuidad-asistencial-farmacia-hospitalaria-comunitaria\/"]}]},{"@type":"ImageObject","inLanguage":"en-US","@id":"https:\/\/www.infarma.es\/en\/colaboracion-formacion-comunicacion-continuidad-asistencial-farmacia-hospitalaria-comunitaria\/#primaryimage","url":"https:\/\/www.infarma.es\/wp-content\/uploads\/2026\/03\/inf2026-np-armacia-hospitalaria.webp","contentUrl":"https:\/\/www.infarma.es\/wp-content\/uploads\/2026\/03\/inf2026-np-armacia-hospitalaria.webp","width":1600,"height":900,"caption":"Alicia Herrero, Mario Garc\u00eda Gil, Vicente Colomer y Alberto Carazo, durante la mesa coloquio."},{"@type":"BreadcrumbList","@id":"https:\/\/www.infarma.es\/en\/colaboracion-formacion-comunicacion-continuidad-asistencial-farmacia-hospitalaria-comunitaria\/#breadcrumb","itemListElement":[{"@type":"ListItem","position":1,"name":"Portada","item":"https:\/\/www.infarma.es\/en\/"},{"@type":"ListItem","position":2,"name":"Colaboraci\u00f3n, formaci\u00f3n y comunicaci\u00f3n, claves para la continuidad asistencial entre farmacia hospitalaria y farmacia comunitaria"}]},{"@type":"WebSite","@id":"https:\/\/www.infarma.es\/en\/#website","url":"https:\/\/www.infarma.es\/en\/","name":"Infarma","description":"El mayor encuentro de farmacia","publisher":{"@id":"https:\/\/www.infarma.es\/en\/#organization"},"potentialAction":[{"@type":"SearchAction","target":{"@type":"EntryPoint","urlTemplate":"https:\/\/www.infarma.es\/en\/?s={search_term_string}"},"query-input":{"@type":"PropertyValueSpecification","valueRequired":true,"valueName":"search_term_string"}}],"inLanguage":"en-US"},{"@type":"Organization","@id":"https:\/\/www.infarma.es\/en\/#organization","name":"Infarma","url":"https:\/\/www.infarma.es\/en\/","logo":{"@type":"ImageObject","inLanguage":"en-US","@id":"https:\/\/www.infarma.es\/en\/#\/schema\/logo\/image\/","url":"https:\/\/www.infarma.es\/wp-content\/uploads\/2024\/10\/logo-simple.svg","contentUrl":"https:\/\/www.infarma.es\/wp-content\/uploads\/2024\/10\/logo-simple.svg","width":1,"height":1,"caption":"Infarma"},"image":{"@id":"https:\/\/www.infarma.es\/en\/#\/schema\/logo\/image\/"},"sameAs":["https:\/\/www.facebook.com\/infarmaoficial\/","https:\/\/x.com\/infarma_es","https:\/\/www.instagram.com\/infarma_oficial\/","https:\/\/www.linkedin.com\/showcase\/infarma-salon\/","https:\/\/www.youtube.com\/@INFARMAOFICIAL"]},{"@type":"Person","@id":"https:\/\/www.infarma.es\/en\/#\/schema\/person\/e53486dc47606cc5c89217026a8a01a7","name":"xavier","image":{"@type":"ImageObject","inLanguage":"en-US","@id":"https:\/\/secure.gravatar.com\/avatar\/9014b89254123c1f240ae636cc793b98ce50ec2df162909756be1d23adc503e4?s=96&d=mm&r=g","url":"https:\/\/secure.gravatar.com\/avatar\/9014b89254123c1f240ae636cc793b98ce50ec2df162909756be1d23adc503e4?s=96&d=mm&r=g","contentUrl":"https:\/\/secure.gravatar.com\/avatar\/9014b89254123c1f240ae636cc793b98ce50ec2df162909756be1d23adc503e4?s=96&d=mm&r=g","caption":"xavier"},"url":"https:\/\/www.infarma.es\/en\/author\/xavier\/"}]}},"_links":{"self":[{"href":"https:\/\/www.infarma.es\/en\/wp-json\/wp\/v2\/posts\/24605","targetHints":{"allow":["GET"]}}],"collection":[{"href":"https:\/\/www.infarma.es\/en\/wp-json\/wp\/v2\/posts"}],"about":[{"href":"https:\/\/www.infarma.es\/en\/wp-json\/wp\/v2\/types\/post"}],"author":[{"embeddable":true,"href":"https:\/\/www.infarma.es\/en\/wp-json\/wp\/v2\/users\/2"}],"replies":[{"embeddable":true,"href":"https:\/\/www.infarma.es\/en\/wp-json\/wp\/v2\/comments?post=24605"}],"version-history":[{"count":2,"href":"https:\/\/www.infarma.es\/en\/wp-json\/wp\/v2\/posts\/24605\/revisions"}],"predecessor-version":[{"id":24610,"href":"https:\/\/www.infarma.es\/en\/wp-json\/wp\/v2\/posts\/24605\/revisions\/24610"}],"wp:featuredmedia":[{"embeddable":true,"href":"https:\/\/www.infarma.es\/en\/wp-json\/wp\/v2\/media\/24606"}],"wp:attachment":[{"href":"https:\/\/www.infarma.es\/en\/wp-json\/wp\/v2\/media?parent=24605"}],"wp:term":[{"taxonomy":"category","embeddable":true,"href":"https:\/\/www.infarma.es\/en\/wp-json\/wp\/v2\/categories?post=24605"},{"taxonomy":"post_tag","embeddable":true,"href":"https:\/\/www.infarma.es\/en\/wp-json\/wp\/v2\/tags?post=24605"}],"curies":[{"name":"wp","href":"https:\/\/api.w.org\/{rel}","templated":true}]}}