{"id":24625,"date":"2026-03-30T12:31:00","date_gmt":"2026-03-30T10:31:00","guid":{"rendered":"https:\/\/www.infarma.es\/?p=24625"},"modified":"2026-03-30T12:31:00","modified_gmt":"2026-03-30T10:31:00","slug":"zenement-refuerza-equipo-comercial-antonia-ramajo-referente-sector-farmaceutico","status":"publish","type":"post","link":"https:\/\/www.infarma.es\/en\/zenement-refuerza-equipo-comercial-antonia-ramajo-referente-sector-farmaceutico\/","title":{"rendered":"Zenement refuerza su equipo comercial con la incorporaci\u00f3n de Antonia Ramajo, una referente del sector farmac\u00e9utico con m\u00e1s de tres d\u00e9cadas de trayectoria"},"content":{"rendered":"\n<p><strong><em>Una s\u00f3lida carrera al servicio del canal farmacia encuentra en Zenement el proyecto que a\u00fana prop\u00f3sito, producto y personas.<\/em><\/strong><\/p>\n\n\n\n<div style=\"height:20px\" aria-hidden=\"true\" class=\"wp-block-spacer\"><\/div>\n\n\n\n<p class=\"has-small-font-size\"><strong>Barcelona, marzo de 2026.<\/strong><\/p>\n\n\n\n<p>Zenement, laboratorio de complementos alimenticios formulados en Barcelona, anuncia la incorporaci\u00f3n de su nueva Responsable Comercial del \u00c1rea de Farmacias. Con m\u00e1s de 30 a\u00f1os de experiencia en el sector farmac\u00e9utico, la nueva incorporaci\u00f3n aporta un profundo conocimiento del canal, una extensa red de relaciones profesionales y una visi\u00f3n estrat\u00e9gica consolidada a lo largo de una dilatada trayectoria en el sector.<\/p>\n\n\n\n<p>Esta incorporaci\u00f3n refuerza la apuesta de Zenement por construir un equipo comercial de primer nivel en el canal farmacia, uno de los pilares fundamentales de la compa\u00f1\u00eda para seguir acercando sus productos a los profesionales y consumidores que conf\u00edan en la nutrici\u00f3n como herramienta de salud y bienestar.<br><br>Conversamos con ella para entender qu\u00e9 la ha tra\u00eddo hasta Zenement, y c\u00f3mo vive este nuevo paso en su carrera profesional, <strong>coincidiendo con la reciente presencia de la marca en Infarma 2026.<\/strong><\/p>\n\n\n\n<div style=\"height:40px\" aria-hidden=\"true\" class=\"wp-block-spacer\"><\/div>\n\n\n\n<h4 class=\"wp-block-heading\"><strong>Antonia, despu\u00e9s de m\u00e1s de tres d\u00e9cadas en el sector farmac\u00e9utico, \u00bfqu\u00e9 te llev\u00f3 a dar este paso y sumarte a Zenement?<\/strong><\/h4>\n\n\n\n<p><em>&#8220;Despu\u00e9s de muchos a\u00f1os en este sector, llega un momento en el que buscas algo m\u00e1s que un trabajo: buscas un proyecto en el que creer. En Zenement encontr\u00e9 exactamente eso. Unos valores que se aplican de verdad, unos productos en los que conf\u00edo plenamente y, sobre todo, un equipo humano excepcional. Eso no tiene precio.&#8221;<br><br><\/em>La nueva Responsable Comercial ha trasladado que su incorporaci\u00f3n a Zenement responde a una decisi\u00f3n personal y profesional plenamente consciente. Tras m\u00e1s de tres d\u00e9cadas en el sector, la posibilidad de sumarse a un proyecto con el que comparte valores fue determinante.<\/p>\n\n\n\n<div style=\"height:40px\" aria-hidden=\"true\" class=\"wp-block-spacer\"><\/div>\n\n\n\n<h4 class=\"wp-block-heading\"><strong>\u00bfQu\u00e9 te convenci\u00f3 de los productos de Zenement?<\/strong><\/h4>\n\n\n\n<p>Entre las razones que motivaron su decisi\u00f3n, la nueva responsable destaca la calidad y rigor cient\u00edfico de la gama de complementos alimenticios de Zenement. <em>&#8220;Es fundamental poder representar con convicci\u00f3n lo que vendes. Con Zenement no tengo ninguna duda: son productos que funcionan, que est\u00e1n bien formulados, que gustan al farmac\u00e9utico y que responden a necesidades reales de los consumidores<\/em>.&#8221;, se\u00f1ala.<\/p>\n\n\n\n<div style=\"height:40px\" aria-hidden=\"true\" class=\"wp-block-spacer\"><\/div>\n\n\n\n<h4 class=\"wp-block-heading\"><strong>Has mencionado los valores de la empresa. \u00bfQu\u00e9 papel juegan en tu decisi\u00f3n?<\/strong><\/h4>\n\n\n\n<p><em>&#8220;Ver que comparto los valores de Zenement, sin duda ha sido un factor determinante. Los valores de cualquier empresa no pueden ser solo una declaraci\u00f3n de intenciones, sino principios que se viven en el d\u00eda a d\u00eda y se sienten. <br><br>&#8220;<\/em><strong><em>Cuidamos tu bienestar<\/em><\/strong><em>&#8221; &#8220;Es una filosof\u00eda que comparto profundamente. En este sector, todo lo que hacemos tiene un impacto directo en la salud de las personas, y eso exige responsabilidad y coherencia.&#8221;<\/em><\/p>\n\n\n\n<p><em>&#8220;<\/em><strong><em>Calidad garantizada<\/em><\/strong><em>&#8221;&nbsp; &#8220;El farmac\u00e9utico necesita confiar en lo que recomienda. Y yo necesito confiar en lo que represento. Con Zenement, esa confianza est\u00e1 plenamente justificada.&#8221;<\/em><\/p>\n\n\n\n<p><em>&#8220;<\/em><strong><em>Innovaci\u00f3n desde Barcelona<\/em><\/strong><em>&#8221;&nbsp; &#8220;Es un valor que tambi\u00e9n me sorprendi\u00f3 y me cautiva de manera especial. Zenement trabaja desde el Barcelona Health Hub, un ecosistema de referencia internacional que promueve la innovaci\u00f3n en el sector de la salud. Estar en ese entorno no es casual. Refleja una empresa que mira hacia adelante, que apuesta por la ciencia y que quiere estar en la vanguardia de la salud. Eso es exactamente donde quiero estar yo tambi\u00e9n.&#8221;<\/em><\/p>\n\n\n\n<p><em>&#8220;<\/em><strong><em>Atenci\u00f3n personalizada<\/em><\/strong><em>&#8221; &#8220;En mi experiencia, el farmac\u00e9utico no solo quiere un buen producto: quiere respaldo, formaci\u00f3n y un interlocutor de confianza. Zenement lo entiende, y lo ofrece. Eso marca una diferencia enorme.&#8221;<\/em><br><br>Zenement es una empresa que defiende la honestidad como principio rector, tanto en la relaci\u00f3n con sus clientes y colaboradores como en la forma en que concibe y comunica sus productos, algo que encaja de manera natural con su forma de entender la profesi\u00f3n.<\/p>\n\n\n\n<div style=\"height:40px\" aria-hidden=\"true\" class=\"wp-block-spacer\"><\/div>\n\n\n\n<h4 class=\"wp-block-heading\"><strong>Hablas mucho de confianza. \u00bfQu\u00e9 diferencia a Zenement de otras marcas con las que has trabajado a lo largo de tu carrera?<\/strong><\/h4>\n\n\n\n<p><em>\u201cEn Zenement hay un equilibrio que no es f\u00e1cil de encontrar: rigor en la formulaci\u00f3n, claridad en la informaci\u00f3n y un acompa\u00f1amiento real al profesional. Adem\u00e1s, la marca trabaja desde el Recinto Modernista de Sant Pau, en el Barcelona Health Hub, un entorno donde conviven salud, ciencia e innovaci\u00f3n. Eso no es solo una direcci\u00f3n postal; es un reflejo de c\u00f3mo la empresa entiende su trabajo.\u201d<\/em><\/p>\n\n\n\n<div style=\"height:40px\" aria-hidden=\"true\" class=\"wp-block-spacer\"><\/div>\n\n\n\n<h4 class=\"wp-block-heading\"><strong>\u00bfY el equipo? \u00bfQu\u00e9 papel tiene en tu d\u00eda a d\u00eda?<\/strong><\/h4>\n\n\n\n<p>&#8220;<em>El equipo es lo que marca la diferencia en el d\u00eda a d\u00eda. Desde el primer momento percib\u00ed una cultura de trabajo colaborativa, con personas comprometidas y con ganas de hacer las cosas bien. Eso genera un entorno en el que merece la pena trabajar y crecer.&#8221;<\/em><em><br><\/em><em><br><\/em>Con una amplia experiencia en la gesti\u00f3n de equipos y relaciones comerciales en el canal farmacia, la nueva responsable pone especial \u00e9nfasis en el factor humano como elemento diferenciador de Zenement.<\/p>\n\n\n\n<p>Desde su nueva posici\u00f3n, trabajar\u00e1 para consolidar y ampliar la presencia de Zenement en el canal farmacia, estableciendo relaciones s\u00f3lidas y de largo recorrido con los profesionales del sector, en l\u00ednea con la filosof\u00eda de la compa\u00f1\u00eda.<\/p>\n\n\n\n<div style=\"height:40px\" aria-hidden=\"true\" class=\"wp-block-spacer\"><\/div>\n\n\n\n<h4 class=\"wp-block-heading\"><strong>Zenement estuvo presente en Infarma 2026. \u00bfC\u00f3mo fue la experiencia?<\/strong><\/h4>\n\n\n\n<p><em>\u201cInfarma fue un punto de encuentro muy valioso. Tuvimos la oportunidad de conversar con muchos profesionales del sector, escuchar sus necesidades y presentar de primera mano nuestra gama de complementos alimenticios.<\/em><\/p>\n\n\n\n<p><em>Adem\u00e1s, en el stand ofrecimos una actividad de realidad virtual dise\u00f1ada en l\u00ednea con la filosof\u00eda de la marca: una experiencia donde los asistentes pod\u00edan sumergirse en la naturaleza para encontrar un momento de calma y equilibrio. <\/em><em><br><\/em><em><br><\/em><em>La acogida fue muy buena, y para nosotros fue una forma distinta de acercar el universo Zen que inspira a Zenement.\u201d<\/em><\/p>\n\n\n\n<p>Desde Zenement, queremos agradecer a todos los profesionales del sector el inter\u00e9s mostrado y el tiempo que dedicaron en conocernos un poco m\u00e1s.<\/p>\n\n\n\n<p>Para quienes no pudieron visitarnos, seguimos a disposici\u00f3n a trav\u00e9s de nuestros canales habituales, escr\u00edbenos a <a href=\"mailto:b2b@zenement.com\" target=\"_blank\" rel=\"noreferrer noopener\">b2b@zenement.com<\/a> o llama al<br>936 941 615. Ser\u00e1 un placer atenderos.<\/p>\n\n\n\n<div style=\"height:40px\" aria-hidden=\"true\" class=\"wp-block-spacer\"><\/div>\n\n\n\n<h4 class=\"wp-block-heading\"><strong>Sobre Zenement<\/strong><\/h4>\n\n\n\n<p>Zenement es un laboratorio de complementos alimenticios formulados en Barcelona por un equipo multidisciplinar de profesionales de la salud. Con sede en el Recinto Modernista de Sant Pau y miembro del Barcelona Health Hub, la compa\u00f1\u00eda desarrolla formulaciones basadas en conocimiento cient\u00edfico e innovaci\u00f3n, con ingredientes seleccionados seg\u00fan criterios de pureza y concentraci\u00f3n y controles de calidad realizados por laboratorios externos independientes. Zenement est\u00e1 presente tanto en canales digitales como en farmacias, con el compromiso de acompa\u00f1ar a las personas en el cuidado de su bienestar con informaci\u00f3n clara y responsable.<\/p>\n\n\n\n<h5 class=\"wp-block-heading\"><strong>Nos vemos el a\u00f1o que viene en Infarma 2027.<\/strong><\/h5>\n","protected":false},"excerpt":{"rendered":"<p>Una s\u00f3lida carrera al servicio del canal farmacia encuentra en Zenement el proyecto que a\u00fana prop\u00f3sito, producto y personas. Barcelona, marzo de 2026. Zenement, laboratorio de complementos alimenticios formulados en Barcelona, anuncia la incorporaci\u00f3n de su nueva Responsable Comercial del \u00c1rea de Farmacias. Con m\u00e1s de 30 a\u00f1os de experiencia en el sector farmac\u00e9utico, la [&hellip;]<\/p>\n","protected":false},"author":2,"featured_media":24626,"comment_status":"closed","ping_status":"closed","sticky":false,"template":"","format":"standard","meta":{"footnotes":""},"categories":[141],"tags":[],"class_list":["post-24625","post","type-post","status-publish","format-standard","has-post-thumbnail","hentry","category-noticias-del-salon"],"yoast_head":"<!-- This site is optimized with the Yoast SEO plugin v27.4 - https:\/\/yoast.com\/product\/yoast-seo-wordpress\/ -->\n<title>Zenement refuerza su equipo comercial con la incorporaci\u00f3n de Antonia Ramajo<\/title>\n<meta name=\"description\" content=\"Con la reciente presencia de la marca en Infarma 2026, conversamos con ella para entender qu\u00e9 la ha tra\u00eddo hasta Zenement.\" \/>\n<meta name=\"robots\" content=\"index, follow, max-snippet:-1, max-image-preview:large, max-video-preview:-1\" \/>\n<link rel=\"canonical\" href=\"https:\/\/www.infarma.es\/en\/zenement-refuerza-equipo-comercial-antonia-ramajo-referente-sector-farmaceutico\/\" \/>\n<meta property=\"og:locale\" content=\"en_US\" \/>\n<meta property=\"og:type\" content=\"article\" \/>\n<meta property=\"og:title\" content=\"Zenement refuerza su equipo comercial con la incorporaci\u00f3n de Antonia Ramajo\" \/>\n<meta property=\"og:description\" content=\"Con la reciente presencia de la marca en Infarma 2026, conversamos con ella para entender qu\u00e9 la ha tra\u00eddo hasta Zenement.\" \/>\n<meta property=\"og:url\" content=\"https:\/\/www.infarma.es\/en\/zenement-refuerza-equipo-comercial-antonia-ramajo-referente-sector-farmaceutico\/\" \/>\n<meta property=\"og:site_name\" content=\"Infarma\" \/>\n<meta property=\"article:publisher\" content=\"https:\/\/www.facebook.com\/infarmaoficial\/\" \/>\n<meta property=\"article:published_time\" content=\"2026-03-30T10:31:00+00:00\" \/>\n<meta property=\"og:image\" content=\"https:\/\/www.infarma.es\/wp-content\/uploads\/2026\/03\/inf2026-zenement-antonia-ramajo-blog.webp\" \/>\n\t<meta property=\"og:image:width\" content=\"1600\" \/>\n\t<meta property=\"og:image:height\" content=\"900\" \/>\n\t<meta property=\"og:image:type\" content=\"image\/webp\" \/>\n<meta name=\"author\" content=\"xavier\" \/>\n<meta name=\"twitter:card\" content=\"summary_large_image\" \/>\n<meta name=\"twitter:creator\" content=\"@infarma_es\" \/>\n<meta name=\"twitter:site\" content=\"@infarma_es\" \/>\n<meta name=\"twitter:label1\" content=\"Written by\" \/>\n\t<meta name=\"twitter:data1\" content=\"xavier\" \/>\n\t<meta name=\"twitter:label2\" content=\"Est. reading time\" \/>\n\t<meta name=\"twitter:data2\" content=\"6 minutes\" \/>\n<script type=\"application\/ld+json\" class=\"yoast-schema-graph\">{\"@context\":\"https:\\\/\\\/schema.org\",\"@graph\":[{\"@type\":\"Article\",\"@id\":\"https:\\\/\\\/www.infarma.es\\\/en\\\/zenement-refuerza-equipo-comercial-antonia-ramajo-referente-sector-farmaceutico\\\/#article\",\"isPartOf\":{\"@id\":\"https:\\\/\\\/www.infarma.es\\\/en\\\/zenement-refuerza-equipo-comercial-antonia-ramajo-referente-sector-farmaceutico\\\/\"},\"author\":{\"name\":\"xavier\",\"@id\":\"https:\\\/\\\/www.infarma.es\\\/en\\\/#\\\/schema\\\/person\\\/e53486dc47606cc5c89217026a8a01a7\"},\"headline\":\"Zenement refuerza su equipo comercial con la incorporaci\u00f3n de Antonia Ramajo, una referente del sector farmac\u00e9utico con m\u00e1s de tres d\u00e9cadas de trayectoria\",\"datePublished\":\"2026-03-30T10:31:00+00:00\",\"mainEntityOfPage\":{\"@id\":\"https:\\\/\\\/www.infarma.es\\\/en\\\/zenement-refuerza-equipo-comercial-antonia-ramajo-referente-sector-farmaceutico\\\/\"},\"wordCount\":1189,\"publisher\":{\"@id\":\"https:\\\/\\\/www.infarma.es\\\/en\\\/#organization\"},\"image\":{\"@id\":\"https:\\\/\\\/www.infarma.es\\\/en\\\/zenement-refuerza-equipo-comercial-antonia-ramajo-referente-sector-farmaceutico\\\/#primaryimage\"},\"thumbnailUrl\":\"https:\\\/\\\/www.infarma.es\\\/wp-content\\\/uploads\\\/2026\\\/03\\\/inf2026-zenement-antonia-ramajo-blog.webp\",\"articleSection\":[\"Noticias del Sal\u00f3n\"],\"inLanguage\":\"en-US\"},{\"@type\":\"WebPage\",\"@id\":\"https:\\\/\\\/www.infarma.es\\\/en\\\/zenement-refuerza-equipo-comercial-antonia-ramajo-referente-sector-farmaceutico\\\/\",\"url\":\"https:\\\/\\\/www.infarma.es\\\/en\\\/zenement-refuerza-equipo-comercial-antonia-ramajo-referente-sector-farmaceutico\\\/\",\"name\":\"Zenement refuerza su equipo comercial con la incorporaci\u00f3n de Antonia Ramajo\",\"isPartOf\":{\"@id\":\"https:\\\/\\\/www.infarma.es\\\/en\\\/#website\"},\"primaryImageOfPage\":{\"@id\":\"https:\\\/\\\/www.infarma.es\\\/en\\\/zenement-refuerza-equipo-comercial-antonia-ramajo-referente-sector-farmaceutico\\\/#primaryimage\"},\"image\":{\"@id\":\"https:\\\/\\\/www.infarma.es\\\/en\\\/zenement-refuerza-equipo-comercial-antonia-ramajo-referente-sector-farmaceutico\\\/#primaryimage\"},\"thumbnailUrl\":\"https:\\\/\\\/www.infarma.es\\\/wp-content\\\/uploads\\\/2026\\\/03\\\/inf2026-zenement-antonia-ramajo-blog.webp\",\"datePublished\":\"2026-03-30T10:31:00+00:00\",\"description\":\"Con la reciente presencia de la marca en Infarma 2026, conversamos con ella para entender qu\u00e9 la ha tra\u00eddo hasta Zenement.\",\"breadcrumb\":{\"@id\":\"https:\\\/\\\/www.infarma.es\\\/en\\\/zenement-refuerza-equipo-comercial-antonia-ramajo-referente-sector-farmaceutico\\\/#breadcrumb\"},\"inLanguage\":\"en-US\",\"potentialAction\":[{\"@type\":\"ReadAction\",\"target\":[\"https:\\\/\\\/www.infarma.es\\\/en\\\/zenement-refuerza-equipo-comercial-antonia-ramajo-referente-sector-farmaceutico\\\/\"]}]},{\"@type\":\"ImageObject\",\"inLanguage\":\"en-US\",\"@id\":\"https:\\\/\\\/www.infarma.es\\\/en\\\/zenement-refuerza-equipo-comercial-antonia-ramajo-referente-sector-farmaceutico\\\/#primaryimage\",\"url\":\"https:\\\/\\\/www.infarma.es\\\/wp-content\\\/uploads\\\/2026\\\/03\\\/inf2026-zenement-antonia-ramajo-blog.webp\",\"contentUrl\":\"https:\\\/\\\/www.infarma.es\\\/wp-content\\\/uploads\\\/2026\\\/03\\\/inf2026-zenement-antonia-ramajo-blog.webp\",\"width\":1600,\"height\":900,\"caption\":\"Entrevista a Antonia Ramajo, responsable comercial de farmacias de Zenement.\"},{\"@type\":\"BreadcrumbList\",\"@id\":\"https:\\\/\\\/www.infarma.es\\\/en\\\/zenement-refuerza-equipo-comercial-antonia-ramajo-referente-sector-farmaceutico\\\/#breadcrumb\",\"itemListElement\":[{\"@type\":\"ListItem\",\"position\":1,\"name\":\"Portada\",\"item\":\"https:\\\/\\\/www.infarma.es\\\/en\\\/\"},{\"@type\":\"ListItem\",\"position\":2,\"name\":\"Zenement refuerza su equipo comercial con la incorporaci\u00f3n de Antonia Ramajo, una referente del sector farmac\u00e9utico con m\u00e1s de tres d\u00e9cadas de trayectoria\"}]},{\"@type\":\"WebSite\",\"@id\":\"https:\\\/\\\/www.infarma.es\\\/en\\\/#website\",\"url\":\"https:\\\/\\\/www.infarma.es\\\/en\\\/\",\"name\":\"Infarma\",\"description\":\"El mayor encuentro de farmacia\",\"publisher\":{\"@id\":\"https:\\\/\\\/www.infarma.es\\\/en\\\/#organization\"},\"potentialAction\":[{\"@type\":\"SearchAction\",\"target\":{\"@type\":\"EntryPoint\",\"urlTemplate\":\"https:\\\/\\\/www.infarma.es\\\/en\\\/?s={search_term_string}\"},\"query-input\":{\"@type\":\"PropertyValueSpecification\",\"valueRequired\":true,\"valueName\":\"search_term_string\"}}],\"inLanguage\":\"en-US\"},{\"@type\":\"Organization\",\"@id\":\"https:\\\/\\\/www.infarma.es\\\/en\\\/#organization\",\"name\":\"Infarma\",\"url\":\"https:\\\/\\\/www.infarma.es\\\/en\\\/\",\"logo\":{\"@type\":\"ImageObject\",\"inLanguage\":\"en-US\",\"@id\":\"https:\\\/\\\/www.infarma.es\\\/en\\\/#\\\/schema\\\/logo\\\/image\\\/\",\"url\":\"https:\\\/\\\/www.infarma.es\\\/wp-content\\\/uploads\\\/2024\\\/10\\\/logo-simple.svg\",\"contentUrl\":\"https:\\\/\\\/www.infarma.es\\\/wp-content\\\/uploads\\\/2024\\\/10\\\/logo-simple.svg\",\"width\":1,\"height\":1,\"caption\":\"Infarma\"},\"image\":{\"@id\":\"https:\\\/\\\/www.infarma.es\\\/en\\\/#\\\/schema\\\/logo\\\/image\\\/\"},\"sameAs\":[\"https:\\\/\\\/www.facebook.com\\\/infarmaoficial\\\/\",\"https:\\\/\\\/x.com\\\/infarma_es\",\"https:\\\/\\\/www.instagram.com\\\/infarma_oficial\\\/\",\"https:\\\/\\\/www.linkedin.com\\\/showcase\\\/infarma-salon\\\/\",\"https:\\\/\\\/www.youtube.com\\\/@INFARMAOFICIAL\"]},{\"@type\":\"Person\",\"@id\":\"https:\\\/\\\/www.infarma.es\\\/en\\\/#\\\/schema\\\/person\\\/e53486dc47606cc5c89217026a8a01a7\",\"name\":\"xavier\",\"image\":{\"@type\":\"ImageObject\",\"inLanguage\":\"en-US\",\"@id\":\"https:\\\/\\\/secure.gravatar.com\\\/avatar\\\/9014b89254123c1f240ae636cc793b98ce50ec2df162909756be1d23adc503e4?s=96&d=mm&r=g\",\"url\":\"https:\\\/\\\/secure.gravatar.com\\\/avatar\\\/9014b89254123c1f240ae636cc793b98ce50ec2df162909756be1d23adc503e4?s=96&d=mm&r=g\",\"contentUrl\":\"https:\\\/\\\/secure.gravatar.com\\\/avatar\\\/9014b89254123c1f240ae636cc793b98ce50ec2df162909756be1d23adc503e4?s=96&d=mm&r=g\",\"caption\":\"xavier\"},\"url\":\"https:\\\/\\\/www.infarma.es\\\/en\\\/author\\\/xavier\\\/\"}]}<\/script>\n<!-- \/ Yoast SEO plugin. -->","yoast_head_json":{"title":"Zenement refuerza su equipo comercial con la incorporaci\u00f3n de Antonia Ramajo","description":"Con la reciente presencia de la marca en Infarma 2026, conversamos con ella para entender qu\u00e9 la ha tra\u00eddo hasta Zenement.","robots":{"index":"index","follow":"follow","max-snippet":"max-snippet:-1","max-image-preview":"max-image-preview:large","max-video-preview":"max-video-preview:-1"},"canonical":"https:\/\/www.infarma.es\/en\/zenement-refuerza-equipo-comercial-antonia-ramajo-referente-sector-farmaceutico\/","og_locale":"en_US","og_type":"article","og_title":"Zenement refuerza su equipo comercial con la incorporaci\u00f3n de Antonia Ramajo","og_description":"Con la reciente presencia de la marca en Infarma 2026, conversamos con ella para entender qu\u00e9 la ha tra\u00eddo hasta Zenement.","og_url":"https:\/\/www.infarma.es\/en\/zenement-refuerza-equipo-comercial-antonia-ramajo-referente-sector-farmaceutico\/","og_site_name":"Infarma","article_publisher":"https:\/\/www.facebook.com\/infarmaoficial\/","article_published_time":"2026-03-30T10:31:00+00:00","og_image":[{"width":1600,"height":900,"url":"https:\/\/www.infarma.es\/wp-content\/uploads\/2026\/03\/inf2026-zenement-antonia-ramajo-blog.webp","type":"image\/webp"}],"author":"xavier","twitter_card":"summary_large_image","twitter_creator":"@infarma_es","twitter_site":"@infarma_es","twitter_misc":{"Written by":"xavier","Est. reading time":"6 minutes"},"schema":{"@context":"https:\/\/schema.org","@graph":[{"@type":"Article","@id":"https:\/\/www.infarma.es\/en\/zenement-refuerza-equipo-comercial-antonia-ramajo-referente-sector-farmaceutico\/#article","isPartOf":{"@id":"https:\/\/www.infarma.es\/en\/zenement-refuerza-equipo-comercial-antonia-ramajo-referente-sector-farmaceutico\/"},"author":{"name":"xavier","@id":"https:\/\/www.infarma.es\/en\/#\/schema\/person\/e53486dc47606cc5c89217026a8a01a7"},"headline":"Zenement refuerza su equipo comercial con la incorporaci\u00f3n de Antonia Ramajo, una referente del sector farmac\u00e9utico con m\u00e1s de tres d\u00e9cadas de trayectoria","datePublished":"2026-03-30T10:31:00+00:00","mainEntityOfPage":{"@id":"https:\/\/www.infarma.es\/en\/zenement-refuerza-equipo-comercial-antonia-ramajo-referente-sector-farmaceutico\/"},"wordCount":1189,"publisher":{"@id":"https:\/\/www.infarma.es\/en\/#organization"},"image":{"@id":"https:\/\/www.infarma.es\/en\/zenement-refuerza-equipo-comercial-antonia-ramajo-referente-sector-farmaceutico\/#primaryimage"},"thumbnailUrl":"https:\/\/www.infarma.es\/wp-content\/uploads\/2026\/03\/inf2026-zenement-antonia-ramajo-blog.webp","articleSection":["Noticias del Sal\u00f3n"],"inLanguage":"en-US"},{"@type":"WebPage","@id":"https:\/\/www.infarma.es\/en\/zenement-refuerza-equipo-comercial-antonia-ramajo-referente-sector-farmaceutico\/","url":"https:\/\/www.infarma.es\/en\/zenement-refuerza-equipo-comercial-antonia-ramajo-referente-sector-farmaceutico\/","name":"Zenement refuerza su equipo comercial con la incorporaci\u00f3n de Antonia Ramajo","isPartOf":{"@id":"https:\/\/www.infarma.es\/en\/#website"},"primaryImageOfPage":{"@id":"https:\/\/www.infarma.es\/en\/zenement-refuerza-equipo-comercial-antonia-ramajo-referente-sector-farmaceutico\/#primaryimage"},"image":{"@id":"https:\/\/www.infarma.es\/en\/zenement-refuerza-equipo-comercial-antonia-ramajo-referente-sector-farmaceutico\/#primaryimage"},"thumbnailUrl":"https:\/\/www.infarma.es\/wp-content\/uploads\/2026\/03\/inf2026-zenement-antonia-ramajo-blog.webp","datePublished":"2026-03-30T10:31:00+00:00","description":"Con la reciente presencia de la marca en Infarma 2026, conversamos con ella para entender qu\u00e9 la ha tra\u00eddo hasta Zenement.","breadcrumb":{"@id":"https:\/\/www.infarma.es\/en\/zenement-refuerza-equipo-comercial-antonia-ramajo-referente-sector-farmaceutico\/#breadcrumb"},"inLanguage":"en-US","potentialAction":[{"@type":"ReadAction","target":["https:\/\/www.infarma.es\/en\/zenement-refuerza-equipo-comercial-antonia-ramajo-referente-sector-farmaceutico\/"]}]},{"@type":"ImageObject","inLanguage":"en-US","@id":"https:\/\/www.infarma.es\/en\/zenement-refuerza-equipo-comercial-antonia-ramajo-referente-sector-farmaceutico\/#primaryimage","url":"https:\/\/www.infarma.es\/wp-content\/uploads\/2026\/03\/inf2026-zenement-antonia-ramajo-blog.webp","contentUrl":"https:\/\/www.infarma.es\/wp-content\/uploads\/2026\/03\/inf2026-zenement-antonia-ramajo-blog.webp","width":1600,"height":900,"caption":"Entrevista a Antonia Ramajo, responsable comercial de farmacias de Zenement."},{"@type":"BreadcrumbList","@id":"https:\/\/www.infarma.es\/en\/zenement-refuerza-equipo-comercial-antonia-ramajo-referente-sector-farmaceutico\/#breadcrumb","itemListElement":[{"@type":"ListItem","position":1,"name":"Portada","item":"https:\/\/www.infarma.es\/en\/"},{"@type":"ListItem","position":2,"name":"Zenement refuerza su equipo comercial con la incorporaci\u00f3n de Antonia Ramajo, una referente del sector farmac\u00e9utico con m\u00e1s de tres d\u00e9cadas de trayectoria"}]},{"@type":"WebSite","@id":"https:\/\/www.infarma.es\/en\/#website","url":"https:\/\/www.infarma.es\/en\/","name":"Infarma","description":"El mayor encuentro de farmacia","publisher":{"@id":"https:\/\/www.infarma.es\/en\/#organization"},"potentialAction":[{"@type":"SearchAction","target":{"@type":"EntryPoint","urlTemplate":"https:\/\/www.infarma.es\/en\/?s={search_term_string}"},"query-input":{"@type":"PropertyValueSpecification","valueRequired":true,"valueName":"search_term_string"}}],"inLanguage":"en-US"},{"@type":"Organization","@id":"https:\/\/www.infarma.es\/en\/#organization","name":"Infarma","url":"https:\/\/www.infarma.es\/en\/","logo":{"@type":"ImageObject","inLanguage":"en-US","@id":"https:\/\/www.infarma.es\/en\/#\/schema\/logo\/image\/","url":"https:\/\/www.infarma.es\/wp-content\/uploads\/2024\/10\/logo-simple.svg","contentUrl":"https:\/\/www.infarma.es\/wp-content\/uploads\/2024\/10\/logo-simple.svg","width":1,"height":1,"caption":"Infarma"},"image":{"@id":"https:\/\/www.infarma.es\/en\/#\/schema\/logo\/image\/"},"sameAs":["https:\/\/www.facebook.com\/infarmaoficial\/","https:\/\/x.com\/infarma_es","https:\/\/www.instagram.com\/infarma_oficial\/","https:\/\/www.linkedin.com\/showcase\/infarma-salon\/","https:\/\/www.youtube.com\/@INFARMAOFICIAL"]},{"@type":"Person","@id":"https:\/\/www.infarma.es\/en\/#\/schema\/person\/e53486dc47606cc5c89217026a8a01a7","name":"xavier","image":{"@type":"ImageObject","inLanguage":"en-US","@id":"https:\/\/secure.gravatar.com\/avatar\/9014b89254123c1f240ae636cc793b98ce50ec2df162909756be1d23adc503e4?s=96&d=mm&r=g","url":"https:\/\/secure.gravatar.com\/avatar\/9014b89254123c1f240ae636cc793b98ce50ec2df162909756be1d23adc503e4?s=96&d=mm&r=g","contentUrl":"https:\/\/secure.gravatar.com\/avatar\/9014b89254123c1f240ae636cc793b98ce50ec2df162909756be1d23adc503e4?s=96&d=mm&r=g","caption":"xavier"},"url":"https:\/\/www.infarma.es\/en\/author\/xavier\/"}]}},"_links":{"self":[{"href":"https:\/\/www.infarma.es\/en\/wp-json\/wp\/v2\/posts\/24625","targetHints":{"allow":["GET"]}}],"collection":[{"href":"https:\/\/www.infarma.es\/en\/wp-json\/wp\/v2\/posts"}],"about":[{"href":"https:\/\/www.infarma.es\/en\/wp-json\/wp\/v2\/types\/post"}],"author":[{"embeddable":true,"href":"https:\/\/www.infarma.es\/en\/wp-json\/wp\/v2\/users\/2"}],"replies":[{"embeddable":true,"href":"https:\/\/www.infarma.es\/en\/wp-json\/wp\/v2\/comments?post=24625"}],"version-history":[{"count":2,"href":"https:\/\/www.infarma.es\/en\/wp-json\/wp\/v2\/posts\/24625\/revisions"}],"predecessor-version":[{"id":24630,"href":"https:\/\/www.infarma.es\/en\/wp-json\/wp\/v2\/posts\/24625\/revisions\/24630"}],"wp:featuredmedia":[{"embeddable":true,"href":"https:\/\/www.infarma.es\/en\/wp-json\/wp\/v2\/media\/24626"}],"wp:attachment":[{"href":"https:\/\/www.infarma.es\/en\/wp-json\/wp\/v2\/media?parent=24625"}],"wp:term":[{"taxonomy":"category","embeddable":true,"href":"https:\/\/www.infarma.es\/en\/wp-json\/wp\/v2\/categories?post=24625"},{"taxonomy":"post_tag","embeddable":true,"href":"https:\/\/www.infarma.es\/en\/wp-json\/wp\/v2\/tags?post=24625"}],"curies":[{"name":"wp","href":"https:\/\/api.w.org\/{rel}","templated":true}]}}