{"id":26793,"date":"2026-04-20T16:41:30","date_gmt":"2026-04-20T14:41:30","guid":{"rendered":"https:\/\/www.infarma.es\/?p=26793"},"modified":"2026-04-20T16:41:30","modified_gmt":"2026-04-20T14:41:30","slug":"farmatrends-farmaconsulting-falta-personal-preocupacion-farmaceuticos","status":"publish","type":"post","link":"https:\/\/www.infarma.es\/en\/farmatrends-farmaconsulting-falta-personal-preocupacion-farmaceuticos\/","title":{"rendered":"La falta de personal, principal preocupaci\u00f3n del 62% de los farmac\u00e9uticos titulares"},"content":{"rendered":"\n<p><a href=\"https:\/\/www.infarma.es\/\" target=\"_blank\" rel=\"noreferrer noopener\"><strong>Infarma<\/strong><\/a><strong> 2026<\/strong> ha acogido la presentaci\u00f3n de la tercera edici\u00f3n de <strong>Farmatrends 2026<\/strong>, el estudio de tendencias laborales elaborado por <strong>Farmaconsulting<\/strong> en colaboraci\u00f3n con la <a href=\"https:\/\/www.feef.es\/\" target=\"_blank\" rel=\"noreferrer noopener\"><strong>Federaci\u00f3n Espa\u00f1ola de Estudiantes de Farmacia (FEEF)<\/strong><\/a>.<\/p>\n\n\n\n<p><br>La conclusi\u00f3n principal es clara: <strong>el 62% de los farmac\u00e9uticos titulares considera la falta de personal su mayor preocupaci\u00f3n<\/strong>, un dato que confirma el desaf\u00edo que supone, hoy, la captaci\u00f3n y retenci\u00f3n de profesionales en la oficina de farmacia.<\/p>\n\n\n\n<div style=\"height:40px\" aria-hidden=\"true\" class=\"wp-block-spacer\"><\/div>\n\n\n\n<h4 class=\"wp-block-heading\"><strong>La industria gana terreno: tres veces m\u00e1s demandada que la farmacia comunitaria entre los estudiantes<\/strong><\/h4>\n\n\n\n<p>El estudio tambi\u00e9n revela un cambio profundo en las preferencias laborales de los j\u00f3venes farmac\u00e9uticos: <strong>la industria es tres veces m\u00e1s elegida que la farmacia comunitaria<\/strong>. Esta inclinaci\u00f3n explica la creciente dificultad que encuentran las boticas para atraer talento y anticipa un escenario en el que la competencia por los profesionales ser\u00e1 cada vez mayor.<\/p>\n\n\n\n<div style=\"height:40px\" aria-hidden=\"true\" class=\"wp-block-spacer\"><\/div>\n\n\n\n<h4 class=\"wp-block-heading\"><strong>Un estudio clave para entender el empleo farmac\u00e9utico<\/strong><\/h4>\n\n\n\n<p>En un entorno laboral que se transforma r\u00e1pidamente, Farmatrends ofrece una radiograf\u00eda precisa de <strong>qu\u00e9 mueve, qu\u00e9 preocupa y qu\u00e9 buscan los profesionales<\/strong> de la farmacia.<\/p>\n\n\n\n<p>La tercera edici\u00f3n refuerza su objetivo: proporcionar datos fiables que ayuden a titulares, estudiantes e instituciones a <strong>interpretar las din\u00e1micas reales del empleo<\/strong> y a tomar decisiones con una visi\u00f3n m\u00e1s amplia del mercado.<\/p>\n\n\n\n<p><em>\u201cEste informe aporta algo esencial al sector: claridad. Nos da luz a una realidad que hay en el sector y el Farmatrends es una de las herramientas que nos ayuda a seguir guardando el modelo y a luchar por \u00e9l.\u201d<\/em>&nbsp; En la inauguraci\u00f3n de Farmatrends en Infarma, Juli\u00e1n La\u00ednez \u2014farmac\u00e9utico sevillano y miembro de ASFAS y FEFANE\u2014 compart\u00eda esta reflexi\u00f3n como participante del informe.<\/p>\n\n\n\n<p>Adem\u00e1s, vuelve a tener un componente solidario: <strong>por cada encuesta realizada, Farmaconsulting ha destinado una donaci\u00f3n a <\/strong><a href=\"https:\/\/farmaceuticosmundi.org\/\" target=\"_blank\" rel=\"noreferrer noopener\"><strong>Farmamundi<\/strong><\/a>, reforzando el compromiso con iniciativas sociales que aportan valor m\u00e1s all\u00e1 del \u00e1mbito profesional.<\/p>\n\n\n\n<div style=\"height:40px\" aria-hidden=\"true\" class=\"wp-block-spacer\"><\/div>\n\n\n\n<h4 class=\"wp-block-heading\"><strong>35 a\u00f1os de liderazgo y compromiso con la protecci\u00f3n del modelo<\/strong><\/h4>\n\n\n\n<p>La elaboraci\u00f3n de Farmatrends forma parte del prop\u00f3sito de <a href=\"https:\/\/www.farmaconsulting.es\/\" target=\"_blank\" rel=\"noreferrer noopener\"><strong>Farmaconsulting<\/strong><\/a>, que este a\u00f1o celebra <strong>35 a\u00f1os de liderazgo<\/strong>, de <strong>proteger y fortalecer el modelo farmac\u00e9utico espa\u00f1ol<\/strong>. La compa\u00f1\u00eda mantiene una relaci\u00f3n diaria con miles de farmac\u00e9uticos en todo el pa\u00eds, lo que le permite contextualizar los datos y ofrecer una lectura realista de los retos que afronta el sector.<\/p>\n","protected":false},"excerpt":{"rendered":"<p>Infarma 2026 ha acogido la presentaci\u00f3n de la tercera edici\u00f3n de Farmatrends 2026, el estudio de tendencias laborales elaborado por Farmaconsulting en colaboraci\u00f3n con la Federaci\u00f3n Espa\u00f1ola de Estudiantes de Farmacia (FEEF). La conclusi\u00f3n principal es clara: el 62% de los farmac\u00e9uticos titulares considera la falta de personal su mayor preocupaci\u00f3n, un dato que confirma [&hellip;]<\/p>\n","protected":false},"author":2,"featured_media":26794,"comment_status":"closed","ping_status":"closed","sticky":false,"template":"","format":"standard","meta":{"footnotes":""},"categories":[141],"tags":[],"class_list":["post-26793","post","type-post","status-publish","format-standard","has-post-thumbnail","hentry","category-noticias-del-salon"],"yoast_head":"<!-- This site is optimized with the Yoast SEO plugin v27.4 - https:\/\/yoast.com\/product\/yoast-seo-wordpress\/ -->\n<title>La falta de personal, principal preocupaci\u00f3n del 62% de los farmac\u00e9uticos titulares<\/title>\n<meta name=\"description\" content=\"Infarma 2026 ha acogido la presentaci\u00f3n de la tercera edici\u00f3n de Farmatrends 2026, el estudio de tendencias laborales elaborado por Farmaconsulting.\" \/>\n<meta name=\"robots\" content=\"index, follow, max-snippet:-1, max-image-preview:large, max-video-preview:-1\" \/>\n<link rel=\"canonical\" href=\"https:\/\/www.infarma.es\/en\/farmatrends-farmaconsulting-falta-personal-preocupacion-farmaceuticos\/\" \/>\n<meta property=\"og:locale\" content=\"en_US\" \/>\n<meta property=\"og:type\" content=\"article\" \/>\n<meta property=\"og:title\" content=\"La falta de personal, principal preocupaci\u00f3n del 62% de los farmac\u00e9uticos titulares\" \/>\n<meta property=\"og:description\" content=\"Infarma 2026 ha acogido la presentaci\u00f3n de la tercera edici\u00f3n de Farmatrends 2026, el estudio de tendencias laborales elaborado por Farmaconsulting.\" \/>\n<meta property=\"og:url\" content=\"https:\/\/www.infarma.es\/en\/farmatrends-farmaconsulting-falta-personal-preocupacion-farmaceuticos\/\" \/>\n<meta property=\"og:site_name\" content=\"Infarma\" \/>\n<meta property=\"article:publisher\" content=\"https:\/\/www.facebook.com\/infarmaoficial\/\" \/>\n<meta property=\"article:published_time\" content=\"2026-04-20T14:41:30+00:00\" \/>\n<meta property=\"og:image\" content=\"https:\/\/www.infarma.es\/wp-content\/uploads\/2026\/04\/inf2026-Farmatrends-Infarma.webp\" \/>\n\t<meta property=\"og:image:width\" content=\"1600\" \/>\n\t<meta property=\"og:image:height\" content=\"900\" \/>\n\t<meta property=\"og:image:type\" content=\"image\/webp\" \/>\n<meta name=\"author\" content=\"xavier\" \/>\n<meta name=\"twitter:card\" content=\"summary_large_image\" \/>\n<meta name=\"twitter:creator\" content=\"@infarma_es\" \/>\n<meta name=\"twitter:site\" content=\"@infarma_es\" \/>\n<meta name=\"twitter:label1\" content=\"Written by\" \/>\n\t<meta name=\"twitter:data1\" content=\"xavier\" \/>\n\t<meta name=\"twitter:label2\" content=\"Est. reading time\" \/>\n\t<meta name=\"twitter:data2\" content=\"2 minutes\" \/>\n<script type=\"application\/ld+json\" class=\"yoast-schema-graph\">{\"@context\":\"https:\\\/\\\/schema.org\",\"@graph\":[{\"@type\":\"Article\",\"@id\":\"https:\\\/\\\/www.infarma.es\\\/en\\\/farmatrends-farmaconsulting-falta-personal-preocupacion-farmaceuticos\\\/#article\",\"isPartOf\":{\"@id\":\"https:\\\/\\\/www.infarma.es\\\/en\\\/farmatrends-farmaconsulting-falta-personal-preocupacion-farmaceuticos\\\/\"},\"author\":{\"name\":\"xavier\",\"@id\":\"https:\\\/\\\/www.infarma.es\\\/en\\\/#\\\/schema\\\/person\\\/e53486dc47606cc5c89217026a8a01a7\"},\"headline\":\"La falta de personal, principal preocupaci\u00f3n del 62% de los farmac\u00e9uticos titulares\",\"datePublished\":\"2026-04-20T14:41:30+00:00\",\"mainEntityOfPage\":{\"@id\":\"https:\\\/\\\/www.infarma.es\\\/en\\\/farmatrends-farmaconsulting-falta-personal-preocupacion-farmaceuticos\\\/\"},\"wordCount\":429,\"publisher\":{\"@id\":\"https:\\\/\\\/www.infarma.es\\\/en\\\/#organization\"},\"image\":{\"@id\":\"https:\\\/\\\/www.infarma.es\\\/en\\\/farmatrends-farmaconsulting-falta-personal-preocupacion-farmaceuticos\\\/#primaryimage\"},\"thumbnailUrl\":\"https:\\\/\\\/www.infarma.es\\\/wp-content\\\/uploads\\\/2026\\\/04\\\/inf2026-Farmatrends-Infarma.webp\",\"articleSection\":[\"Noticias del Sal\u00f3n\"],\"inLanguage\":\"en-US\"},{\"@type\":\"WebPage\",\"@id\":\"https:\\\/\\\/www.infarma.es\\\/en\\\/farmatrends-farmaconsulting-falta-personal-preocupacion-farmaceuticos\\\/\",\"url\":\"https:\\\/\\\/www.infarma.es\\\/en\\\/farmatrends-farmaconsulting-falta-personal-preocupacion-farmaceuticos\\\/\",\"name\":\"La falta de personal, principal preocupaci\u00f3n del 62% de los farmac\u00e9uticos titulares\",\"isPartOf\":{\"@id\":\"https:\\\/\\\/www.infarma.es\\\/en\\\/#website\"},\"primaryImageOfPage\":{\"@id\":\"https:\\\/\\\/www.infarma.es\\\/en\\\/farmatrends-farmaconsulting-falta-personal-preocupacion-farmaceuticos\\\/#primaryimage\"},\"image\":{\"@id\":\"https:\\\/\\\/www.infarma.es\\\/en\\\/farmatrends-farmaconsulting-falta-personal-preocupacion-farmaceuticos\\\/#primaryimage\"},\"thumbnailUrl\":\"https:\\\/\\\/www.infarma.es\\\/wp-content\\\/uploads\\\/2026\\\/04\\\/inf2026-Farmatrends-Infarma.webp\",\"datePublished\":\"2026-04-20T14:41:30+00:00\",\"description\":\"Infarma 2026 ha acogido la presentaci\u00f3n de la tercera edici\u00f3n de Farmatrends 2026, el estudio de tendencias laborales elaborado por Farmaconsulting.\",\"breadcrumb\":{\"@id\":\"https:\\\/\\\/www.infarma.es\\\/en\\\/farmatrends-farmaconsulting-falta-personal-preocupacion-farmaceuticos\\\/#breadcrumb\"},\"inLanguage\":\"en-US\",\"potentialAction\":[{\"@type\":\"ReadAction\",\"target\":[\"https:\\\/\\\/www.infarma.es\\\/en\\\/farmatrends-farmaconsulting-falta-personal-preocupacion-farmaceuticos\\\/\"]}]},{\"@type\":\"ImageObject\",\"inLanguage\":\"en-US\",\"@id\":\"https:\\\/\\\/www.infarma.es\\\/en\\\/farmatrends-farmaconsulting-falta-personal-preocupacion-farmaceuticos\\\/#primaryimage\",\"url\":\"https:\\\/\\\/www.infarma.es\\\/wp-content\\\/uploads\\\/2026\\\/04\\\/inf2026-Farmatrends-Infarma.webp\",\"contentUrl\":\"https:\\\/\\\/www.infarma.es\\\/wp-content\\\/uploads\\\/2026\\\/04\\\/inf2026-Farmatrends-Infarma.webp\",\"width\":1600,\"height\":900,\"caption\":\"inf2026 Farmatrends Infarma\"},{\"@type\":\"BreadcrumbList\",\"@id\":\"https:\\\/\\\/www.infarma.es\\\/en\\\/farmatrends-farmaconsulting-falta-personal-preocupacion-farmaceuticos\\\/#breadcrumb\",\"itemListElement\":[{\"@type\":\"ListItem\",\"position\":1,\"name\":\"Portada\",\"item\":\"https:\\\/\\\/www.infarma.es\\\/en\\\/\"},{\"@type\":\"ListItem\",\"position\":2,\"name\":\"La falta de personal, principal preocupaci\u00f3n del 62% de los farmac\u00e9uticos titulares\"}]},{\"@type\":\"WebSite\",\"@id\":\"https:\\\/\\\/www.infarma.es\\\/en\\\/#website\",\"url\":\"https:\\\/\\\/www.infarma.es\\\/en\\\/\",\"name\":\"Infarma\",\"description\":\"El mayor encuentro de farmacia\",\"publisher\":{\"@id\":\"https:\\\/\\\/www.infarma.es\\\/en\\\/#organization\"},\"potentialAction\":[{\"@type\":\"SearchAction\",\"target\":{\"@type\":\"EntryPoint\",\"urlTemplate\":\"https:\\\/\\\/www.infarma.es\\\/en\\\/?s={search_term_string}\"},\"query-input\":{\"@type\":\"PropertyValueSpecification\",\"valueRequired\":true,\"valueName\":\"search_term_string\"}}],\"inLanguage\":\"en-US\"},{\"@type\":\"Organization\",\"@id\":\"https:\\\/\\\/www.infarma.es\\\/en\\\/#organization\",\"name\":\"Infarma\",\"url\":\"https:\\\/\\\/www.infarma.es\\\/en\\\/\",\"logo\":{\"@type\":\"ImageObject\",\"inLanguage\":\"en-US\",\"@id\":\"https:\\\/\\\/www.infarma.es\\\/en\\\/#\\\/schema\\\/logo\\\/image\\\/\",\"url\":\"https:\\\/\\\/www.infarma.es\\\/wp-content\\\/uploads\\\/2024\\\/10\\\/logo-simple.svg\",\"contentUrl\":\"https:\\\/\\\/www.infarma.es\\\/wp-content\\\/uploads\\\/2024\\\/10\\\/logo-simple.svg\",\"width\":1,\"height\":1,\"caption\":\"Infarma\"},\"image\":{\"@id\":\"https:\\\/\\\/www.infarma.es\\\/en\\\/#\\\/schema\\\/logo\\\/image\\\/\"},\"sameAs\":[\"https:\\\/\\\/www.facebook.com\\\/infarmaoficial\\\/\",\"https:\\\/\\\/x.com\\\/infarma_es\",\"https:\\\/\\\/www.instagram.com\\\/infarma_oficial\\\/\",\"https:\\\/\\\/www.linkedin.com\\\/showcase\\\/infarma-salon\\\/\",\"https:\\\/\\\/www.youtube.com\\\/@INFARMAOFICIAL\"]},{\"@type\":\"Person\",\"@id\":\"https:\\\/\\\/www.infarma.es\\\/en\\\/#\\\/schema\\\/person\\\/e53486dc47606cc5c89217026a8a01a7\",\"name\":\"xavier\",\"image\":{\"@type\":\"ImageObject\",\"inLanguage\":\"en-US\",\"@id\":\"https:\\\/\\\/secure.gravatar.com\\\/avatar\\\/9014b89254123c1f240ae636cc793b98ce50ec2df162909756be1d23adc503e4?s=96&d=mm&r=g\",\"url\":\"https:\\\/\\\/secure.gravatar.com\\\/avatar\\\/9014b89254123c1f240ae636cc793b98ce50ec2df162909756be1d23adc503e4?s=96&d=mm&r=g\",\"contentUrl\":\"https:\\\/\\\/secure.gravatar.com\\\/avatar\\\/9014b89254123c1f240ae636cc793b98ce50ec2df162909756be1d23adc503e4?s=96&d=mm&r=g\",\"caption\":\"xavier\"},\"url\":\"https:\\\/\\\/www.infarma.es\\\/en\\\/author\\\/xavier\\\/\"}]}<\/script>\n<!-- \/ Yoast SEO plugin. -->","yoast_head_json":{"title":"La falta de personal, principal preocupaci\u00f3n del 62% de los farmac\u00e9uticos titulares","description":"Infarma 2026 ha acogido la presentaci\u00f3n de la tercera edici\u00f3n de Farmatrends 2026, el estudio de tendencias laborales elaborado por Farmaconsulting.","robots":{"index":"index","follow":"follow","max-snippet":"max-snippet:-1","max-image-preview":"max-image-preview:large","max-video-preview":"max-video-preview:-1"},"canonical":"https:\/\/www.infarma.es\/en\/farmatrends-farmaconsulting-falta-personal-preocupacion-farmaceuticos\/","og_locale":"en_US","og_type":"article","og_title":"La falta de personal, principal preocupaci\u00f3n del 62% de los farmac\u00e9uticos titulares","og_description":"Infarma 2026 ha acogido la presentaci\u00f3n de la tercera edici\u00f3n de Farmatrends 2026, el estudio de tendencias laborales elaborado por Farmaconsulting.","og_url":"https:\/\/www.infarma.es\/en\/farmatrends-farmaconsulting-falta-personal-preocupacion-farmaceuticos\/","og_site_name":"Infarma","article_publisher":"https:\/\/www.facebook.com\/infarmaoficial\/","article_published_time":"2026-04-20T14:41:30+00:00","og_image":[{"width":1600,"height":900,"url":"https:\/\/www.infarma.es\/wp-content\/uploads\/2026\/04\/inf2026-Farmatrends-Infarma.webp","type":"image\/webp"}],"author":"xavier","twitter_card":"summary_large_image","twitter_creator":"@infarma_es","twitter_site":"@infarma_es","twitter_misc":{"Written by":"xavier","Est. reading time":"2 minutes"},"schema":{"@context":"https:\/\/schema.org","@graph":[{"@type":"Article","@id":"https:\/\/www.infarma.es\/en\/farmatrends-farmaconsulting-falta-personal-preocupacion-farmaceuticos\/#article","isPartOf":{"@id":"https:\/\/www.infarma.es\/en\/farmatrends-farmaconsulting-falta-personal-preocupacion-farmaceuticos\/"},"author":{"name":"xavier","@id":"https:\/\/www.infarma.es\/en\/#\/schema\/person\/e53486dc47606cc5c89217026a8a01a7"},"headline":"La falta de personal, principal preocupaci\u00f3n del 62% de los farmac\u00e9uticos titulares","datePublished":"2026-04-20T14:41:30+00:00","mainEntityOfPage":{"@id":"https:\/\/www.infarma.es\/en\/farmatrends-farmaconsulting-falta-personal-preocupacion-farmaceuticos\/"},"wordCount":429,"publisher":{"@id":"https:\/\/www.infarma.es\/en\/#organization"},"image":{"@id":"https:\/\/www.infarma.es\/en\/farmatrends-farmaconsulting-falta-personal-preocupacion-farmaceuticos\/#primaryimage"},"thumbnailUrl":"https:\/\/www.infarma.es\/wp-content\/uploads\/2026\/04\/inf2026-Farmatrends-Infarma.webp","articleSection":["Noticias del Sal\u00f3n"],"inLanguage":"en-US"},{"@type":"WebPage","@id":"https:\/\/www.infarma.es\/en\/farmatrends-farmaconsulting-falta-personal-preocupacion-farmaceuticos\/","url":"https:\/\/www.infarma.es\/en\/farmatrends-farmaconsulting-falta-personal-preocupacion-farmaceuticos\/","name":"La falta de personal, principal preocupaci\u00f3n del 62% de los farmac\u00e9uticos titulares","isPartOf":{"@id":"https:\/\/www.infarma.es\/en\/#website"},"primaryImageOfPage":{"@id":"https:\/\/www.infarma.es\/en\/farmatrends-farmaconsulting-falta-personal-preocupacion-farmaceuticos\/#primaryimage"},"image":{"@id":"https:\/\/www.infarma.es\/en\/farmatrends-farmaconsulting-falta-personal-preocupacion-farmaceuticos\/#primaryimage"},"thumbnailUrl":"https:\/\/www.infarma.es\/wp-content\/uploads\/2026\/04\/inf2026-Farmatrends-Infarma.webp","datePublished":"2026-04-20T14:41:30+00:00","description":"Infarma 2026 ha acogido la presentaci\u00f3n de la tercera edici\u00f3n de Farmatrends 2026, el estudio de tendencias laborales elaborado por Farmaconsulting.","breadcrumb":{"@id":"https:\/\/www.infarma.es\/en\/farmatrends-farmaconsulting-falta-personal-preocupacion-farmaceuticos\/#breadcrumb"},"inLanguage":"en-US","potentialAction":[{"@type":"ReadAction","target":["https:\/\/www.infarma.es\/en\/farmatrends-farmaconsulting-falta-personal-preocupacion-farmaceuticos\/"]}]},{"@type":"ImageObject","inLanguage":"en-US","@id":"https:\/\/www.infarma.es\/en\/farmatrends-farmaconsulting-falta-personal-preocupacion-farmaceuticos\/#primaryimage","url":"https:\/\/www.infarma.es\/wp-content\/uploads\/2026\/04\/inf2026-Farmatrends-Infarma.webp","contentUrl":"https:\/\/www.infarma.es\/wp-content\/uploads\/2026\/04\/inf2026-Farmatrends-Infarma.webp","width":1600,"height":900,"caption":"inf2026 Farmatrends Infarma"},{"@type":"BreadcrumbList","@id":"https:\/\/www.infarma.es\/en\/farmatrends-farmaconsulting-falta-personal-preocupacion-farmaceuticos\/#breadcrumb","itemListElement":[{"@type":"ListItem","position":1,"name":"Portada","item":"https:\/\/www.infarma.es\/en\/"},{"@type":"ListItem","position":2,"name":"La falta de personal, principal preocupaci\u00f3n del 62% de los farmac\u00e9uticos titulares"}]},{"@type":"WebSite","@id":"https:\/\/www.infarma.es\/en\/#website","url":"https:\/\/www.infarma.es\/en\/","name":"Infarma","description":"El mayor encuentro de farmacia","publisher":{"@id":"https:\/\/www.infarma.es\/en\/#organization"},"potentialAction":[{"@type":"SearchAction","target":{"@type":"EntryPoint","urlTemplate":"https:\/\/www.infarma.es\/en\/?s={search_term_string}"},"query-input":{"@type":"PropertyValueSpecification","valueRequired":true,"valueName":"search_term_string"}}],"inLanguage":"en-US"},{"@type":"Organization","@id":"https:\/\/www.infarma.es\/en\/#organization","name":"Infarma","url":"https:\/\/www.infarma.es\/en\/","logo":{"@type":"ImageObject","inLanguage":"en-US","@id":"https:\/\/www.infarma.es\/en\/#\/schema\/logo\/image\/","url":"https:\/\/www.infarma.es\/wp-content\/uploads\/2024\/10\/logo-simple.svg","contentUrl":"https:\/\/www.infarma.es\/wp-content\/uploads\/2024\/10\/logo-simple.svg","width":1,"height":1,"caption":"Infarma"},"image":{"@id":"https:\/\/www.infarma.es\/en\/#\/schema\/logo\/image\/"},"sameAs":["https:\/\/www.facebook.com\/infarmaoficial\/","https:\/\/x.com\/infarma_es","https:\/\/www.instagram.com\/infarma_oficial\/","https:\/\/www.linkedin.com\/showcase\/infarma-salon\/","https:\/\/www.youtube.com\/@INFARMAOFICIAL"]},{"@type":"Person","@id":"https:\/\/www.infarma.es\/en\/#\/schema\/person\/e53486dc47606cc5c89217026a8a01a7","name":"xavier","image":{"@type":"ImageObject","inLanguage":"en-US","@id":"https:\/\/secure.gravatar.com\/avatar\/9014b89254123c1f240ae636cc793b98ce50ec2df162909756be1d23adc503e4?s=96&d=mm&r=g","url":"https:\/\/secure.gravatar.com\/avatar\/9014b89254123c1f240ae636cc793b98ce50ec2df162909756be1d23adc503e4?s=96&d=mm&r=g","contentUrl":"https:\/\/secure.gravatar.com\/avatar\/9014b89254123c1f240ae636cc793b98ce50ec2df162909756be1d23adc503e4?s=96&d=mm&r=g","caption":"xavier"},"url":"https:\/\/www.infarma.es\/en\/author\/xavier\/"}]}},"_links":{"self":[{"href":"https:\/\/www.infarma.es\/en\/wp-json\/wp\/v2\/posts\/26793","targetHints":{"allow":["GET"]}}],"collection":[{"href":"https:\/\/www.infarma.es\/en\/wp-json\/wp\/v2\/posts"}],"about":[{"href":"https:\/\/www.infarma.es\/en\/wp-json\/wp\/v2\/types\/post"}],"author":[{"embeddable":true,"href":"https:\/\/www.infarma.es\/en\/wp-json\/wp\/v2\/users\/2"}],"replies":[{"embeddable":true,"href":"https:\/\/www.infarma.es\/en\/wp-json\/wp\/v2\/comments?post=26793"}],"version-history":[{"count":2,"href":"https:\/\/www.infarma.es\/en\/wp-json\/wp\/v2\/posts\/26793\/revisions"}],"predecessor-version":[{"id":26798,"href":"https:\/\/www.infarma.es\/en\/wp-json\/wp\/v2\/posts\/26793\/revisions\/26798"}],"wp:featuredmedia":[{"embeddable":true,"href":"https:\/\/www.infarma.es\/en\/wp-json\/wp\/v2\/media\/26794"}],"wp:attachment":[{"href":"https:\/\/www.infarma.es\/en\/wp-json\/wp\/v2\/media?parent=26793"}],"wp:term":[{"taxonomy":"category","embeddable":true,"href":"https:\/\/www.infarma.es\/en\/wp-json\/wp\/v2\/categories?post=26793"},{"taxonomy":"post_tag","embeddable":true,"href":"https:\/\/www.infarma.es\/en\/wp-json\/wp\/v2\/tags?post=26793"}],"curies":[{"name":"wp","href":"https:\/\/api.w.org\/{rel}","templated":true}]}}