{"id":7085,"date":"2022-02-03T14:01:11","date_gmt":"2022-02-03T13:01:11","guid":{"rendered":"https:\/\/www.infarma.es\/?p=7085"},"modified":"2024-09-30T17:44:54","modified_gmt":"2024-09-30T15:44:54","slug":"la-farmacia-en-primera-linea-lema-de-infarma-madrid-2022","status":"publish","type":"post","link":"https:\/\/www.infarma.es\/en\/la-farmacia-en-primera-linea-lema-de-infarma-madrid-2022\/","title":{"rendered":"\u2018La farmacia, en primera l\u00ednea\u2019, lema de Infarma Madrid 2022"},"content":{"rendered":"\n<p><strong>El Congreso y Sal\u00f3n de la farmacia reivindicar\u00e1 la actuaci\u00f3n y el compromiso sanitario asumido por los farmac\u00e9uticos espa\u00f1oles durante la pandemia como una oportunidad de desarrollo profesional<\/strong><\/p>\n\n\n\n<div style=\"height:20px\" aria-hidden=\"true\" class=\"wp-block-spacer\"><\/div>\n\n\n\n<p><strong>Madrid, 3 de febrero.<\/strong><em> La farmacia, en primera l\u00ednea<\/em> es el lema elegido por <em>Infarma Madrid 2022<\/em> para celebrar la pr\u00f3xima edici\u00f3n del Congreso y Sal\u00f3n Europeo de la Oficina de Farmacia, que abrir\u00e1 sus puertas en el recinto ferial de Ifema entre los d\u00edas 22 y 24 de marzo.<\/p>\n\n\n\n<p>Organizado por los colegios oficiales de farmac\u00e9uticos de Madrid y Barcelona, en colaboraci\u00f3n con Interalia, Infarma reivindicar\u00e1 la actuaci\u00f3n sanitaria y el compromiso personal asumido por los farmac\u00e9uticos espa\u00f1oles durante la actual emergencia sanitaria.<\/p>\n\n\n\n<p>\u201cDos a\u00f1os despu\u00e9s de que se declarase el estado de pandemia, que nos llev\u00f3 a suspender la edici\u00f3n programada de 2020 en Madrid una semana antes de su inauguraci\u00f3n, volvemos con mucha ilusi\u00f3n y tambi\u00e9n con el orgullo de saber que los farmac\u00e9uticos hemos estado en primera l\u00ednea desde el primer momento, siempre al lado de los ciudadanos. Este es el sentimiento que hemos querido plasmar en el lema de la pr\u00f3xima edici\u00f3n\u201d, explica <strong>Luis Gonz\u00e1lez D\u00edez<\/strong>, presidente de Infarma y presidente en funciones del Colegio Oficial de Farmac\u00e9uticos de Madrid (COFM).<\/p>\n\n\n\n<p>La reflexi\u00f3n en las reuniones de trabajo del Comit\u00e9 Organizador de Infarma es que<em> En primera l\u00ednea<\/em> ha sido uno de los t\u00e9rminos m\u00e1s repetidos y que mejor expresan el nivel de compromiso y de sacrificio personal que hemos tenido como profesionales sanitarios durante esta lucha contra la pandemia, trabajando siempre al servicio del sistema de salud y de la poblaci\u00f3n.<\/p>\n\n\n\n<p>Los dos \u00faltimos a\u00f1os no solo han marcado la trayectoria de los farmac\u00e9uticos en Espa\u00f1a, tambi\u00e9n han abierto un camino de desarrollo profesional que el Congreso de Infarma se propone analizar. \u201cLos farmac\u00e9uticos hemos marcado importantes hitos en la vacunaci\u00f3n, en la detecci\u00f3n de contagios o en la atenci\u00f3n de colectivos vulnerables, por mencionar algunas de las actuaciones m\u00e1s destacadas en esta crisis, que deben tener continuidad en el futuro. Son contenidos que hemos incorporado al programa cient\u00edfico de Infarma, porque la red de oficinas de farmacia representa una gran oportunidad para la sociedad y el propio Sistema Nacional de Salud a la hora de afrontar retos tan acuciantes como el envejecimiento, la despoblaci\u00f3n o la prevenci\u00f3n\u201d, se\u00f1ala <strong>Luis Panadero Carlavilla<\/strong>, coordinador del programa cient\u00edfico de Infarma Madrid 2022.<\/p>\n\n\n\n<p>El programa cient\u00edfico examinar\u00e1 as\u00ed la experiencia profesional acumulada durante la pandemia y dedicar\u00e1 un espacio en exclusiva a conocer las novedades relacionadas con las nuevas vacunas, tratamientos antivirales o la evoluci\u00f3n de la variante \u00d3micron. Asimismo, se ofrecer\u00e1n resultados auton\u00f3micos e internacionales de las pruebas diagn\u00f3sticas realizadas por los farmac\u00e9uticos de oficina de farmacia.<\/p>\n\n\n\n<p>\u201cM\u00e1s all\u00e1 de la pandemia, el lema de Infarma define tambi\u00e9n una actitud del propio colectivo farmac\u00e9utico de querer ser protagonistas en el futuro a trav\u00e9s del desarrollo profesional continuado, la prestaci\u00f3n de nuevos servicios como el asesoramiento nutricional, la indicaci\u00f3n farmac\u00e9utica, el seguimiento farmacoterap\u00e9utico o la atenci\u00f3n de los colectivos m\u00e1s vulnerables, aspectos de la profesi\u00f3n que tambi\u00e9n tendr\u00e1n cabida en el Congreso\u201d, concluye <strong>Luis Gonz\u00e1lez<\/strong>.<\/p>\n","protected":false},"excerpt":{"rendered":"<p>El Congreso y Sal\u00f3n de la farmacia reivindicar\u00e1 la actuaci\u00f3n y el compromiso sanitario asumido por los farmac\u00e9uticos espa\u00f1oles durante la pandemia como una oportunidad de desarrollo profesional Madrid, 3 de febrero. La farmacia, en primera l\u00ednea es el lema elegido por Infarma Madrid 2022 para celebrar la pr\u00f3xima edici\u00f3n del Congreso y Sal\u00f3n Europeo [&hellip;]<\/p>\n","protected":false},"author":2,"featured_media":15212,"comment_status":"closed","ping_status":"closed","sticky":false,"template":"","format":"standard","meta":{"footnotes":""},"categories":[159],"tags":[],"class_list":["post-7085","post","type-post","status-publish","format-standard","has-post-thumbnail","hentry","category-notas_prensa"],"yoast_head":"<!-- This site is optimized with the Yoast SEO plugin v27.4 - https:\/\/yoast.com\/product\/yoast-seo-wordpress\/ -->\n<title>\u2018La farmacia, en primera l\u00ednea\u2019, lema de Infarma Madrid 2022<\/title>\n<meta name=\"description\" content=\"El Congreso y Sal\u00f3n de la farmacia reivindicar\u00e1 la actuaci\u00f3n y el compromiso sanitario asumido por los farmac\u00e9uticos espa\u00f1oles\" \/>\n<meta name=\"robots\" content=\"index, follow, max-snippet:-1, max-image-preview:large, max-video-preview:-1\" \/>\n<link rel=\"canonical\" href=\"https:\/\/www.infarma.es\/en\/la-farmacia-en-primera-linea-lema-de-infarma-madrid-2022\/\" \/>\n<meta property=\"og:locale\" content=\"en_US\" \/>\n<meta property=\"og:type\" content=\"article\" \/>\n<meta property=\"og:title\" content=\"\u2018La farmacia, en primera l\u00ednea\u2019, lema de Infarma Madrid 2022\" \/>\n<meta property=\"og:description\" content=\"El Congreso y Sal\u00f3n de la farmacia reivindicar\u00e1 la actuaci\u00f3n y el compromiso sanitario asumido por los farmac\u00e9uticos espa\u00f1oles\" \/>\n<meta property=\"og:url\" content=\"https:\/\/www.infarma.es\/en\/la-farmacia-en-primera-linea-lema-de-infarma-madrid-2022\/\" \/>\n<meta property=\"og:site_name\" content=\"Infarma\" \/>\n<meta property=\"article:publisher\" content=\"https:\/\/www.facebook.com\/infarmaoficial\/\" \/>\n<meta property=\"article:published_time\" content=\"2022-02-03T13:01:11+00:00\" \/>\n<meta property=\"article:modified_time\" content=\"2024-09-30T15:44:54+00:00\" \/>\n<meta property=\"og:image\" content=\"https:\/\/www.infarma.es\/wp-content\/uploads\/2022\/02\/inf2022-reunion-comite-organizador.webp\" \/>\n\t<meta property=\"og:image:width\" content=\"852\" \/>\n\t<meta property=\"og:image:height\" content=\"300\" \/>\n\t<meta property=\"og:image:type\" content=\"image\/webp\" \/>\n<meta name=\"author\" content=\"xavier\" \/>\n<meta name=\"twitter:card\" content=\"summary_large_image\" \/>\n<meta name=\"twitter:creator\" content=\"@infarma_es\" \/>\n<meta name=\"twitter:site\" content=\"@infarma_es\" \/>\n<meta name=\"twitter:label1\" content=\"Written by\" \/>\n\t<meta name=\"twitter:data1\" content=\"xavier\" \/>\n\t<meta name=\"twitter:label2\" content=\"Est. reading time\" \/>\n\t<meta name=\"twitter:data2\" content=\"3 minutes\" \/>\n<script type=\"application\/ld+json\" class=\"yoast-schema-graph\">{\"@context\":\"https:\\\/\\\/schema.org\",\"@graph\":[{\"@type\":\"Article\",\"@id\":\"https:\\\/\\\/www.infarma.es\\\/en\\\/la-farmacia-en-primera-linea-lema-de-infarma-madrid-2022\\\/#article\",\"isPartOf\":{\"@id\":\"https:\\\/\\\/www.infarma.es\\\/en\\\/la-farmacia-en-primera-linea-lema-de-infarma-madrid-2022\\\/\"},\"author\":{\"name\":\"xavier\",\"@id\":\"https:\\\/\\\/www.infarma.es\\\/en\\\/#\\\/schema\\\/person\\\/e53486dc47606cc5c89217026a8a01a7\"},\"headline\":\"\u2018La farmacia, en primera l\u00ednea\u2019, lema de Infarma Madrid 2022\",\"datePublished\":\"2022-02-03T13:01:11+00:00\",\"dateModified\":\"2024-09-30T15:44:54+00:00\",\"mainEntityOfPage\":{\"@id\":\"https:\\\/\\\/www.infarma.es\\\/en\\\/la-farmacia-en-primera-linea-lema-de-infarma-madrid-2022\\\/\"},\"wordCount\":586,\"publisher\":{\"@id\":\"https:\\\/\\\/www.infarma.es\\\/en\\\/#organization\"},\"image\":{\"@id\":\"https:\\\/\\\/www.infarma.es\\\/en\\\/la-farmacia-en-primera-linea-lema-de-infarma-madrid-2022\\\/#primaryimage\"},\"thumbnailUrl\":\"https:\\\/\\\/www.infarma.es\\\/wp-content\\\/uploads\\\/2022\\\/02\\\/inf2022-reunion-comite-organizador.webp\",\"articleSection\":[\"Notas de prensa\"],\"inLanguage\":\"en-US\"},{\"@type\":\"WebPage\",\"@id\":\"https:\\\/\\\/www.infarma.es\\\/en\\\/la-farmacia-en-primera-linea-lema-de-infarma-madrid-2022\\\/\",\"url\":\"https:\\\/\\\/www.infarma.es\\\/en\\\/la-farmacia-en-primera-linea-lema-de-infarma-madrid-2022\\\/\",\"name\":\"\u2018La farmacia, en primera l\u00ednea\u2019, lema de Infarma Madrid 2022\",\"isPartOf\":{\"@id\":\"https:\\\/\\\/www.infarma.es\\\/en\\\/#website\"},\"primaryImageOfPage\":{\"@id\":\"https:\\\/\\\/www.infarma.es\\\/en\\\/la-farmacia-en-primera-linea-lema-de-infarma-madrid-2022\\\/#primaryimage\"},\"image\":{\"@id\":\"https:\\\/\\\/www.infarma.es\\\/en\\\/la-farmacia-en-primera-linea-lema-de-infarma-madrid-2022\\\/#primaryimage\"},\"thumbnailUrl\":\"https:\\\/\\\/www.infarma.es\\\/wp-content\\\/uploads\\\/2022\\\/02\\\/inf2022-reunion-comite-organizador.webp\",\"datePublished\":\"2022-02-03T13:01:11+00:00\",\"dateModified\":\"2024-09-30T15:44:54+00:00\",\"description\":\"El Congreso y Sal\u00f3n de la farmacia reivindicar\u00e1 la actuaci\u00f3n y el compromiso sanitario asumido por los farmac\u00e9uticos espa\u00f1oles\",\"breadcrumb\":{\"@id\":\"https:\\\/\\\/www.infarma.es\\\/en\\\/la-farmacia-en-primera-linea-lema-de-infarma-madrid-2022\\\/#breadcrumb\"},\"inLanguage\":\"en-US\",\"potentialAction\":[{\"@type\":\"ReadAction\",\"target\":[\"https:\\\/\\\/www.infarma.es\\\/en\\\/la-farmacia-en-primera-linea-lema-de-infarma-madrid-2022\\\/\"]}]},{\"@type\":\"ImageObject\",\"inLanguage\":\"en-US\",\"@id\":\"https:\\\/\\\/www.infarma.es\\\/en\\\/la-farmacia-en-primera-linea-lema-de-infarma-madrid-2022\\\/#primaryimage\",\"url\":\"https:\\\/\\\/www.infarma.es\\\/wp-content\\\/uploads\\\/2022\\\/02\\\/inf2022-reunion-comite-organizador.webp\",\"contentUrl\":\"https:\\\/\\\/www.infarma.es\\\/wp-content\\\/uploads\\\/2022\\\/02\\\/inf2022-reunion-comite-organizador.webp\",\"width\":852,\"height\":300},{\"@type\":\"BreadcrumbList\",\"@id\":\"https:\\\/\\\/www.infarma.es\\\/en\\\/la-farmacia-en-primera-linea-lema-de-infarma-madrid-2022\\\/#breadcrumb\",\"itemListElement\":[{\"@type\":\"ListItem\",\"position\":1,\"name\":\"Portada\",\"item\":\"https:\\\/\\\/www.infarma.es\\\/en\\\/\"},{\"@type\":\"ListItem\",\"position\":2,\"name\":\"\u2018La farmacia, en primera l\u00ednea\u2019, lema de Infarma Madrid 2022\"}]},{\"@type\":\"WebSite\",\"@id\":\"https:\\\/\\\/www.infarma.es\\\/en\\\/#website\",\"url\":\"https:\\\/\\\/www.infarma.es\\\/en\\\/\",\"name\":\"Infarma\",\"description\":\"El mayor encuentro de farmacia\",\"publisher\":{\"@id\":\"https:\\\/\\\/www.infarma.es\\\/en\\\/#organization\"},\"potentialAction\":[{\"@type\":\"SearchAction\",\"target\":{\"@type\":\"EntryPoint\",\"urlTemplate\":\"https:\\\/\\\/www.infarma.es\\\/en\\\/?s={search_term_string}\"},\"query-input\":{\"@type\":\"PropertyValueSpecification\",\"valueRequired\":true,\"valueName\":\"search_term_string\"}}],\"inLanguage\":\"en-US\"},{\"@type\":\"Organization\",\"@id\":\"https:\\\/\\\/www.infarma.es\\\/en\\\/#organization\",\"name\":\"Infarma\",\"url\":\"https:\\\/\\\/www.infarma.es\\\/en\\\/\",\"logo\":{\"@type\":\"ImageObject\",\"inLanguage\":\"en-US\",\"@id\":\"https:\\\/\\\/www.infarma.es\\\/en\\\/#\\\/schema\\\/logo\\\/image\\\/\",\"url\":\"https:\\\/\\\/www.infarma.es\\\/wp-content\\\/uploads\\\/2024\\\/10\\\/logo-simple.svg\",\"contentUrl\":\"https:\\\/\\\/www.infarma.es\\\/wp-content\\\/uploads\\\/2024\\\/10\\\/logo-simple.svg\",\"width\":1,\"height\":1,\"caption\":\"Infarma\"},\"image\":{\"@id\":\"https:\\\/\\\/www.infarma.es\\\/en\\\/#\\\/schema\\\/logo\\\/image\\\/\"},\"sameAs\":[\"https:\\\/\\\/www.facebook.com\\\/infarmaoficial\\\/\",\"https:\\\/\\\/x.com\\\/infarma_es\",\"https:\\\/\\\/www.instagram.com\\\/infarma_oficial\\\/\",\"https:\\\/\\\/www.linkedin.com\\\/showcase\\\/infarma-salon\\\/\",\"https:\\\/\\\/www.youtube.com\\\/@INFARMAOFICIAL\"]},{\"@type\":\"Person\",\"@id\":\"https:\\\/\\\/www.infarma.es\\\/en\\\/#\\\/schema\\\/person\\\/e53486dc47606cc5c89217026a8a01a7\",\"name\":\"xavier\",\"image\":{\"@type\":\"ImageObject\",\"inLanguage\":\"en-US\",\"@id\":\"https:\\\/\\\/secure.gravatar.com\\\/avatar\\\/9014b89254123c1f240ae636cc793b98ce50ec2df162909756be1d23adc503e4?s=96&d=mm&r=g\",\"url\":\"https:\\\/\\\/secure.gravatar.com\\\/avatar\\\/9014b89254123c1f240ae636cc793b98ce50ec2df162909756be1d23adc503e4?s=96&d=mm&r=g\",\"contentUrl\":\"https:\\\/\\\/secure.gravatar.com\\\/avatar\\\/9014b89254123c1f240ae636cc793b98ce50ec2df162909756be1d23adc503e4?s=96&d=mm&r=g\",\"caption\":\"xavier\"},\"url\":\"https:\\\/\\\/www.infarma.es\\\/en\\\/author\\\/xavier\\\/\"}]}<\/script>\n<!-- \/ Yoast SEO plugin. -->","yoast_head_json":{"title":"\u2018La farmacia, en primera l\u00ednea\u2019, lema de Infarma Madrid 2022","description":"El Congreso y Sal\u00f3n de la farmacia reivindicar\u00e1 la actuaci\u00f3n y el compromiso sanitario asumido por los farmac\u00e9uticos espa\u00f1oles","robots":{"index":"index","follow":"follow","max-snippet":"max-snippet:-1","max-image-preview":"max-image-preview:large","max-video-preview":"max-video-preview:-1"},"canonical":"https:\/\/www.infarma.es\/en\/la-farmacia-en-primera-linea-lema-de-infarma-madrid-2022\/","og_locale":"en_US","og_type":"article","og_title":"\u2018La farmacia, en primera l\u00ednea\u2019, lema de Infarma Madrid 2022","og_description":"El Congreso y Sal\u00f3n de la farmacia reivindicar\u00e1 la actuaci\u00f3n y el compromiso sanitario asumido por los farmac\u00e9uticos espa\u00f1oles","og_url":"https:\/\/www.infarma.es\/en\/la-farmacia-en-primera-linea-lema-de-infarma-madrid-2022\/","og_site_name":"Infarma","article_publisher":"https:\/\/www.facebook.com\/infarmaoficial\/","article_published_time":"2022-02-03T13:01:11+00:00","article_modified_time":"2024-09-30T15:44:54+00:00","og_image":[{"width":852,"height":300,"url":"https:\/\/www.infarma.es\/wp-content\/uploads\/2022\/02\/inf2022-reunion-comite-organizador.webp","type":"image\/webp"}],"author":"xavier","twitter_card":"summary_large_image","twitter_creator":"@infarma_es","twitter_site":"@infarma_es","twitter_misc":{"Written by":"xavier","Est. reading time":"3 minutes"},"schema":{"@context":"https:\/\/schema.org","@graph":[{"@type":"Article","@id":"https:\/\/www.infarma.es\/en\/la-farmacia-en-primera-linea-lema-de-infarma-madrid-2022\/#article","isPartOf":{"@id":"https:\/\/www.infarma.es\/en\/la-farmacia-en-primera-linea-lema-de-infarma-madrid-2022\/"},"author":{"name":"xavier","@id":"https:\/\/www.infarma.es\/en\/#\/schema\/person\/e53486dc47606cc5c89217026a8a01a7"},"headline":"\u2018La farmacia, en primera l\u00ednea\u2019, lema de Infarma Madrid 2022","datePublished":"2022-02-03T13:01:11+00:00","dateModified":"2024-09-30T15:44:54+00:00","mainEntityOfPage":{"@id":"https:\/\/www.infarma.es\/en\/la-farmacia-en-primera-linea-lema-de-infarma-madrid-2022\/"},"wordCount":586,"publisher":{"@id":"https:\/\/www.infarma.es\/en\/#organization"},"image":{"@id":"https:\/\/www.infarma.es\/en\/la-farmacia-en-primera-linea-lema-de-infarma-madrid-2022\/#primaryimage"},"thumbnailUrl":"https:\/\/www.infarma.es\/wp-content\/uploads\/2022\/02\/inf2022-reunion-comite-organizador.webp","articleSection":["Notas de prensa"],"inLanguage":"en-US"},{"@type":"WebPage","@id":"https:\/\/www.infarma.es\/en\/la-farmacia-en-primera-linea-lema-de-infarma-madrid-2022\/","url":"https:\/\/www.infarma.es\/en\/la-farmacia-en-primera-linea-lema-de-infarma-madrid-2022\/","name":"\u2018La farmacia, en primera l\u00ednea\u2019, lema de Infarma Madrid 2022","isPartOf":{"@id":"https:\/\/www.infarma.es\/en\/#website"},"primaryImageOfPage":{"@id":"https:\/\/www.infarma.es\/en\/la-farmacia-en-primera-linea-lema-de-infarma-madrid-2022\/#primaryimage"},"image":{"@id":"https:\/\/www.infarma.es\/en\/la-farmacia-en-primera-linea-lema-de-infarma-madrid-2022\/#primaryimage"},"thumbnailUrl":"https:\/\/www.infarma.es\/wp-content\/uploads\/2022\/02\/inf2022-reunion-comite-organizador.webp","datePublished":"2022-02-03T13:01:11+00:00","dateModified":"2024-09-30T15:44:54+00:00","description":"El Congreso y Sal\u00f3n de la farmacia reivindicar\u00e1 la actuaci\u00f3n y el compromiso sanitario asumido por los farmac\u00e9uticos espa\u00f1oles","breadcrumb":{"@id":"https:\/\/www.infarma.es\/en\/la-farmacia-en-primera-linea-lema-de-infarma-madrid-2022\/#breadcrumb"},"inLanguage":"en-US","potentialAction":[{"@type":"ReadAction","target":["https:\/\/www.infarma.es\/en\/la-farmacia-en-primera-linea-lema-de-infarma-madrid-2022\/"]}]},{"@type":"ImageObject","inLanguage":"en-US","@id":"https:\/\/www.infarma.es\/en\/la-farmacia-en-primera-linea-lema-de-infarma-madrid-2022\/#primaryimage","url":"https:\/\/www.infarma.es\/wp-content\/uploads\/2022\/02\/inf2022-reunion-comite-organizador.webp","contentUrl":"https:\/\/www.infarma.es\/wp-content\/uploads\/2022\/02\/inf2022-reunion-comite-organizador.webp","width":852,"height":300},{"@type":"BreadcrumbList","@id":"https:\/\/www.infarma.es\/en\/la-farmacia-en-primera-linea-lema-de-infarma-madrid-2022\/#breadcrumb","itemListElement":[{"@type":"ListItem","position":1,"name":"Portada","item":"https:\/\/www.infarma.es\/en\/"},{"@type":"ListItem","position":2,"name":"\u2018La farmacia, en primera l\u00ednea\u2019, lema de Infarma Madrid 2022"}]},{"@type":"WebSite","@id":"https:\/\/www.infarma.es\/en\/#website","url":"https:\/\/www.infarma.es\/en\/","name":"Infarma","description":"El mayor encuentro de farmacia","publisher":{"@id":"https:\/\/www.infarma.es\/en\/#organization"},"potentialAction":[{"@type":"SearchAction","target":{"@type":"EntryPoint","urlTemplate":"https:\/\/www.infarma.es\/en\/?s={search_term_string}"},"query-input":{"@type":"PropertyValueSpecification","valueRequired":true,"valueName":"search_term_string"}}],"inLanguage":"en-US"},{"@type":"Organization","@id":"https:\/\/www.infarma.es\/en\/#organization","name":"Infarma","url":"https:\/\/www.infarma.es\/en\/","logo":{"@type":"ImageObject","inLanguage":"en-US","@id":"https:\/\/www.infarma.es\/en\/#\/schema\/logo\/image\/","url":"https:\/\/www.infarma.es\/wp-content\/uploads\/2024\/10\/logo-simple.svg","contentUrl":"https:\/\/www.infarma.es\/wp-content\/uploads\/2024\/10\/logo-simple.svg","width":1,"height":1,"caption":"Infarma"},"image":{"@id":"https:\/\/www.infarma.es\/en\/#\/schema\/logo\/image\/"},"sameAs":["https:\/\/www.facebook.com\/infarmaoficial\/","https:\/\/x.com\/infarma_es","https:\/\/www.instagram.com\/infarma_oficial\/","https:\/\/www.linkedin.com\/showcase\/infarma-salon\/","https:\/\/www.youtube.com\/@INFARMAOFICIAL"]},{"@type":"Person","@id":"https:\/\/www.infarma.es\/en\/#\/schema\/person\/e53486dc47606cc5c89217026a8a01a7","name":"xavier","image":{"@type":"ImageObject","inLanguage":"en-US","@id":"https:\/\/secure.gravatar.com\/avatar\/9014b89254123c1f240ae636cc793b98ce50ec2df162909756be1d23adc503e4?s=96&d=mm&r=g","url":"https:\/\/secure.gravatar.com\/avatar\/9014b89254123c1f240ae636cc793b98ce50ec2df162909756be1d23adc503e4?s=96&d=mm&r=g","contentUrl":"https:\/\/secure.gravatar.com\/avatar\/9014b89254123c1f240ae636cc793b98ce50ec2df162909756be1d23adc503e4?s=96&d=mm&r=g","caption":"xavier"},"url":"https:\/\/www.infarma.es\/en\/author\/xavier\/"}]}},"_links":{"self":[{"href":"https:\/\/www.infarma.es\/en\/wp-json\/wp\/v2\/posts\/7085","targetHints":{"allow":["GET"]}}],"collection":[{"href":"https:\/\/www.infarma.es\/en\/wp-json\/wp\/v2\/posts"}],"about":[{"href":"https:\/\/www.infarma.es\/en\/wp-json\/wp\/v2\/types\/post"}],"author":[{"embeddable":true,"href":"https:\/\/www.infarma.es\/en\/wp-json\/wp\/v2\/users\/2"}],"replies":[{"embeddable":true,"href":"https:\/\/www.infarma.es\/en\/wp-json\/wp\/v2\/comments?post=7085"}],"version-history":[{"count":2,"href":"https:\/\/www.infarma.es\/en\/wp-json\/wp\/v2\/posts\/7085\/revisions"}],"predecessor-version":[{"id":15215,"href":"https:\/\/www.infarma.es\/en\/wp-json\/wp\/v2\/posts\/7085\/revisions\/15215"}],"wp:featuredmedia":[{"embeddable":true,"href":"https:\/\/www.infarma.es\/en\/wp-json\/wp\/v2\/media\/15212"}],"wp:attachment":[{"href":"https:\/\/www.infarma.es\/en\/wp-json\/wp\/v2\/media?parent=7085"}],"wp:term":[{"taxonomy":"category","embeddable":true,"href":"https:\/\/www.infarma.es\/en\/wp-json\/wp\/v2\/categories?post=7085"},{"taxonomy":"post_tag","embeddable":true,"href":"https:\/\/www.infarma.es\/en\/wp-json\/wp\/v2\/tags?post=7085"}],"curies":[{"name":"wp","href":"https:\/\/api.w.org\/{rel}","templated":true}]}}