{"id":7490,"date":"2022-03-10T11:19:03","date_gmt":"2022-03-10T10:19:03","guid":{"rendered":"https:\/\/www.infarma.es\/?p=7490"},"modified":"2024-09-30T17:42:20","modified_gmt":"2024-09-30T15:42:20","slug":"agora-sanitaria-celebrara-en-infarma-madrid-2022-12-anos-como-referente-en-formacion-con-doce-talleres-y-concursos-interactivos","status":"publish","type":"post","link":"https:\/\/www.infarma.es\/en\/agora-sanitaria-celebrara-en-infarma-madrid-2022-12-anos-como-referente-en-formacion-con-doce-talleres-y-concursos-interactivos\/","title":{"rendered":"\u00c1gora Sanitaria celebrar\u00e1 en Infarma Madrid 2022 12 a\u00f1os como referente en formaci\u00f3n con doce talleres y concursos interactivos"},"content":{"rendered":"\n<p><strong>Farmac\u00e9uticos expertos en diferentes \u00e1reas de la salud fomentar\u00e1n en Aula \u00c1gora el aprendizaje pr\u00e1ctico y activo que permita el desarrollo profesional de los farmac\u00e9uticos. Concursos y premios esperan a los visitantes que se acerquen al Congreso<\/strong><\/p>\n\n\n\n<hr class=\"wp-block-separator\"\/>\n\n\n\n<p>Madrid, 9 de marzo. \u00c1gora Sanitaria, el portal de formaci\u00f3n online de los Colegios de Farmac\u00e9uticos de Madrid y Barcelona, cumple 12 a\u00f1os apostando por la formaci\u00f3n continuada de los profesionales sanitarios farmac\u00e9uticos, orientada a la pr\u00e1ctica diaria y<strong> liderando la calidad y la innovaci\u00f3n. &nbsp;<\/strong>Todo ello, lo celebrar\u00e1 en Infarma Madrid 2022 con una programaci\u00f3n muy especial, llena de sorpresas para los visitantes.<\/p>\n\n\n\n<div style=\"height:30px\" aria-hidden=\"true\" class=\"wp-block-spacer\"><\/div>\n\n\n\n<h2 class=\"wp-block-heading\"><strong>12 a\u00f1os, 12 talleres<\/strong><\/h2>\n\n\n\n<p>Durante tres d\u00edas en <strong>Aula \u00c1gora,<\/strong> ubicada entre el pabell\u00f3n 1 y 3 del recinto ferial Ifema, los asistentes podr\u00e1n participar en <a href=\"http:\/\/comunicacion.cofm.es\/url\/ver\/193467410\/b70a7d64-2abe-11e5-b39e-0050569a455d\/y4QIPpqZK188WeqEgVxMcH3cWdJ2boKQIppgx38Z0\" target=\"_blank\" rel=\"noreferrer noopener\"><strong>12 talleres formativos con contenido cient\u00edfico<\/strong><\/a>, que se combinar\u00e1n con <strong>experiencias pr\u00e1cticasa trav\u00e9s de formatos interactivos. <\/strong>\u201cMediante diferentes metodolog\u00edas fomentamos a la vez el aprendizaje pr\u00e1ctico, din\u00e1mico y motivador para conseguir el m\u00e1ximo desarrollo del farmac\u00e9utico como profesional sanitario\u201d, explica Marisa Jadraque, coordinadora de \u00c1gora Sanitaria.<br><br>Entre el amplio programa creado especialmente para esta esperada edici\u00f3n, destaca <strong>\u201cDesaf\u00edo Animal\u201d,<\/strong> donde Raquel Casado, vocal en funciones de Titulares de Farmacia Rural del COFM y directora acad\u00e9mica de los cursos del \u00c1rea Veterinaria de \u00c1gora Sanitaria, impartir\u00e1 un <strong>taller pr\u00e1ctico<\/strong> sobre la <strong>dispensaci\u00f3n de medicamentos de uso animal<\/strong> y, como su t\u00edtulo indica, se desafiar\u00e1 a los farmac\u00e9uticos a participar en un <strong>concurso <\/strong>cuyo ganador recibir\u00e1 un <strong>sorprendente premio.<\/strong><br><br>Otros de los temas que genera muchas consultas en la farmacia y que se abordar\u00e1 en Aula \u00c1gora ser\u00e1 la <em><strong>\u201cAlimentaci\u00f3n en el envejecimiento\u201d<\/strong>,<\/em> de la mano de la farmac\u00e9utica Eva Hortas, tutora de los cursos del \u00e1rea de alimentaci\u00f3n y nutrici\u00f3n en \u00c1gora Sanitaria, y <em><strong>\u201cComunicaci\u00f3n con pacientes con depresi\u00f3n en la OF\u201d, <\/strong><\/em>impartido por la farmac\u00e9utica<em><strong> <\/strong><\/em>Puy Heredia, tutora del curso <em>Pacientes con trastornos afectivos y psic\u00f3ticos<\/em> de la plataforma virtual.<br>Asimismo, destacar\u00e1 uno de los talleres de gran \u00e9xito en el sector, <em><strong>\u201cPricing, gesti\u00f3n de precios en la farmacia\u201d<\/strong><\/em>, de la mano de Juan Carlos Serra, director del M\u00e1ster de Gesti\u00f3n de OF del COFB y coordinador de Programas de Gesti\u00f3n de \u00c1gora Sanitaria.<\/p>\n\n\n\n<div style=\"height:30px\" aria-hidden=\"true\" class=\"wp-block-spacer\"><\/div>\n\n\n\n<h2 class=\"wp-block-heading\"><strong>\u201cSuper\u00c1gora Game\u201d<\/strong><\/h2>\n\n\n\n<p>Pero si hay algo que marcar\u00e1 la diferencia ser\u00e1 el <strong>Super\u00c1gora Game,<\/strong> un concurso dinamizado y conducido por el presentador y comunicador Manuel Feijoo Arag\u00f3n, en el que solo los asistentes m\u00e1s h\u00e1biles y r\u00e1pidos en resolver preguntas sobre las diferentes tem\u00e1ticas de los cursos de \u00c1gora podr\u00e1n ganar un premio tecnol\u00f3gico, entre otros.<br><br>Cristina Rodr\u00edguez, responsable del Departamento de Formaci\u00f3n del COF de Barcelona, anima a todos los farmac\u00e9uticos a participar en Infarma Madrid 2022: \u201cQueremos convertir, una vez m\u00e1s, el aprendizaje en una experiencia diferente con el fin de motivar y aportar conocimientos pr\u00e1cticos para el d\u00eda a d\u00eda de los farmac\u00e9uticos\u201d.<\/p>\n\n\n\n<div style=\"height:40px\" aria-hidden=\"true\" class=\"wp-block-spacer\"><\/div>\n\n\n\n<h2 class=\"wp-block-heading\"><strong>Sobre \u00c1gora Sanitaria<\/strong><\/h2>\n\n\n\n<p><em>El proyecto de formaci\u00f3n online \u00c1gora nace de la voluntad de los Colegios de Farmac\u00e9uticos de Madrid y de Barcelona para promover y garantizar las competencias del profesional sanitario. Ambos colegios re\u00fanen una larga trayectoria en proyectos de formaci\u00f3n y coinciden en el inter\u00e9s de poner en marcha una plataforma de aprendizaje que facilite la formaci\u00f3n continuada de los profesionales sanitarios. La uni\u00f3n entre las dos instituciones, que acumulan amplia experiencia en el \u00e1mbito de la formaci\u00f3n, permitir\u00e1 abrir una nueva v\u00eda en la formaci\u00f3n continuada, objetivo estrat\u00e9gico de ambas entidades.<\/em><\/p>\n\n\n\n<div style=\"height:30px\" aria-hidden=\"true\" class=\"wp-block-spacer\"><\/div>\n\n\n\n<h2 class=\"wp-block-heading\"><strong>Sobre Infarma Madrid 2022<\/strong><\/h2>\n\n\n\n<p><em>El Congreso Europeo de Oficina de Farmacia es una cita profesional reconocida de inter\u00e9s sanitario por parte del Ministerio de Sanidad, Consumo y Bienestar Social. En su \u00faltima edici\u00f3n de 2018 en Madrid, ya que Infarma 2020 qued\u00f3 en suspenso ante la irrupci\u00f3n de la pandemia, reuni\u00f3 a 33.850 visitantes y a 3.450 congresistas. Desde que los Colegios Farmac\u00e9uticos de Madrid y Barcelona decidieron colaborar para organizar Infarma de forma conjunta junto con Interalia, el crecimiento del Congreso y Sal\u00f3n ha sido sostenido en cada edici\u00f3n. Si en 2012, fecha del primer encuentro conjunto, se consigui\u00f3 reunir a 2.356 y 21.000 profesionales, la \u00faltima edici\u00f3n de Barcelona de 2019 se cerr\u00f3 con un balance de 3.480 congresistas y 33.770 visitantes, un 47 por ciento m\u00e1s de congresistas y un 60 por ciento m\u00e1s de profesionales.&nbsp;Son algunas de las grandes cifras de un Congreso que en 2018 logr\u00f3 adem\u00e1s un nuevo r\u00e9cord de espacio ferial al contratar 35.000 metros cuadrados, as\u00ed como de expositores, con 387 empresas y laboratorios presentes.<\/em><\/p>\n","protected":false},"excerpt":{"rendered":"<p>Farmac\u00e9uticos expertos en diferentes \u00e1reas de la salud fomentar\u00e1n en Aula \u00c1gora el aprendizaje pr\u00e1ctico y activo que permita el desarrollo profesional de los farmac\u00e9uticos. Concursos y premios esperan a los visitantes que se acerquen al Congreso Madrid, 9 de marzo. \u00c1gora Sanitaria, el portal de formaci\u00f3n online de los Colegios de Farmac\u00e9uticos de Madrid [&hellip;]<\/p>\n","protected":false},"author":2,"featured_media":15184,"comment_status":"closed","ping_status":"closed","sticky":false,"template":"","format":"standard","meta":{"footnotes":""},"categories":[159],"tags":[],"class_list":["post-7490","post","type-post","status-publish","format-standard","has-post-thumbnail","hentry","category-notas_prensa"],"yoast_head":"<!-- This site is optimized with the Yoast SEO plugin v27.4 - https:\/\/yoast.com\/product\/yoast-seo-wordpress\/ -->\n<title>\u00c1gora Sanitaria celebrar\u00e1 en Infarma Madrid 2022 12 a\u00f1os como referente en formaci\u00f3n con doce talleres y concursos interactivos<\/title>\n<meta name=\"description\" content=\"Farmac\u00e9uticos expertos en diferentes \u00e1reas de la salud fomentar\u00e1n en Aula \u00c1gora el aprendizaje pr\u00e1ctico y activo que permita el desarrollo...\" \/>\n<meta name=\"robots\" content=\"index, follow, max-snippet:-1, max-image-preview:large, max-video-preview:-1\" \/>\n<link rel=\"canonical\" href=\"https:\/\/www.infarma.es\/en\/agora-sanitaria-celebrara-en-infarma-madrid-2022-12-anos-como-referente-en-formacion-con-doce-talleres-y-concursos-interactivos\/\" \/>\n<meta property=\"og:locale\" content=\"en_US\" \/>\n<meta property=\"og:type\" content=\"article\" \/>\n<meta property=\"og:title\" content=\"\u00c1gora Sanitaria celebrar\u00e1 en Infarma Madrid 2022 12 a\u00f1os como referente en formaci\u00f3n con doce talleres y concursos interactivos\" \/>\n<meta property=\"og:description\" content=\"Farmac\u00e9uticos expertos en diferentes \u00e1reas de la salud fomentar\u00e1n en Aula \u00c1gora el aprendizaje pr\u00e1ctico y activo que permita el desarrollo...\" \/>\n<meta property=\"og:url\" content=\"https:\/\/www.infarma.es\/en\/agora-sanitaria-celebrara-en-infarma-madrid-2022-12-anos-como-referente-en-formacion-con-doce-talleres-y-concursos-interactivos\/\" \/>\n<meta property=\"og:site_name\" content=\"Infarma\" \/>\n<meta property=\"article:publisher\" content=\"https:\/\/www.facebook.com\/infarmaoficial\/\" \/>\n<meta property=\"article:published_time\" content=\"2022-03-10T10:19:03+00:00\" \/>\n<meta property=\"article:modified_time\" content=\"2024-09-30T15:42:20+00:00\" \/>\n<meta property=\"og:image\" content=\"https:\/\/www.infarma.es\/wp-content\/uploads\/2022\/03\/Stand-Agora-Sanitaria-Infarma2018.webp\" \/>\n\t<meta property=\"og:image:width\" content=\"852\" \/>\n\t<meta property=\"og:image:height\" content=\"300\" \/>\n\t<meta property=\"og:image:type\" content=\"image\/webp\" \/>\n<meta name=\"author\" content=\"xavier\" \/>\n<meta name=\"twitter:card\" content=\"summary_large_image\" \/>\n<meta name=\"twitter:creator\" content=\"@infarma_es\" \/>\n<meta name=\"twitter:site\" content=\"@infarma_es\" \/>\n<meta name=\"twitter:label1\" content=\"Written by\" \/>\n\t<meta name=\"twitter:data1\" content=\"xavier\" \/>\n\t<meta name=\"twitter:label2\" content=\"Est. reading time\" \/>\n\t<meta name=\"twitter:data2\" content=\"4 minutes\" \/>\n<script type=\"application\/ld+json\" class=\"yoast-schema-graph\">{\"@context\":\"https:\\\/\\\/schema.org\",\"@graph\":[{\"@type\":\"Article\",\"@id\":\"https:\\\/\\\/www.infarma.es\\\/en\\\/agora-sanitaria-celebrara-en-infarma-madrid-2022-12-anos-como-referente-en-formacion-con-doce-talleres-y-concursos-interactivos\\\/#article\",\"isPartOf\":{\"@id\":\"https:\\\/\\\/www.infarma.es\\\/en\\\/agora-sanitaria-celebrara-en-infarma-madrid-2022-12-anos-como-referente-en-formacion-con-doce-talleres-y-concursos-interactivos\\\/\"},\"author\":{\"name\":\"xavier\",\"@id\":\"https:\\\/\\\/www.infarma.es\\\/en\\\/#\\\/schema\\\/person\\\/e53486dc47606cc5c89217026a8a01a7\"},\"headline\":\"\u00c1gora Sanitaria celebrar\u00e1 en Infarma Madrid 2022 12 a\u00f1os como referente en formaci\u00f3n con doce talleres y concursos interactivos\",\"datePublished\":\"2022-03-10T10:19:03+00:00\",\"dateModified\":\"2024-09-30T15:42:20+00:00\",\"mainEntityOfPage\":{\"@id\":\"https:\\\/\\\/www.infarma.es\\\/en\\\/agora-sanitaria-celebrara-en-infarma-madrid-2022-12-anos-como-referente-en-formacion-con-doce-talleres-y-concursos-interactivos\\\/\"},\"wordCount\":814,\"publisher\":{\"@id\":\"https:\\\/\\\/www.infarma.es\\\/en\\\/#organization\"},\"image\":{\"@id\":\"https:\\\/\\\/www.infarma.es\\\/en\\\/agora-sanitaria-celebrara-en-infarma-madrid-2022-12-anos-como-referente-en-formacion-con-doce-talleres-y-concursos-interactivos\\\/#primaryimage\"},\"thumbnailUrl\":\"https:\\\/\\\/www.infarma.es\\\/wp-content\\\/uploads\\\/2022\\\/03\\\/Stand-Agora-Sanitaria-Infarma2018.webp\",\"articleSection\":[\"Notas de prensa\"],\"inLanguage\":\"en-US\"},{\"@type\":\"WebPage\",\"@id\":\"https:\\\/\\\/www.infarma.es\\\/en\\\/agora-sanitaria-celebrara-en-infarma-madrid-2022-12-anos-como-referente-en-formacion-con-doce-talleres-y-concursos-interactivos\\\/\",\"url\":\"https:\\\/\\\/www.infarma.es\\\/en\\\/agora-sanitaria-celebrara-en-infarma-madrid-2022-12-anos-como-referente-en-formacion-con-doce-talleres-y-concursos-interactivos\\\/\",\"name\":\"\u00c1gora Sanitaria celebrar\u00e1 en Infarma Madrid 2022 12 a\u00f1os como referente en formaci\u00f3n con doce talleres y concursos interactivos\",\"isPartOf\":{\"@id\":\"https:\\\/\\\/www.infarma.es\\\/en\\\/#website\"},\"primaryImageOfPage\":{\"@id\":\"https:\\\/\\\/www.infarma.es\\\/en\\\/agora-sanitaria-celebrara-en-infarma-madrid-2022-12-anos-como-referente-en-formacion-con-doce-talleres-y-concursos-interactivos\\\/#primaryimage\"},\"image\":{\"@id\":\"https:\\\/\\\/www.infarma.es\\\/en\\\/agora-sanitaria-celebrara-en-infarma-madrid-2022-12-anos-como-referente-en-formacion-con-doce-talleres-y-concursos-interactivos\\\/#primaryimage\"},\"thumbnailUrl\":\"https:\\\/\\\/www.infarma.es\\\/wp-content\\\/uploads\\\/2022\\\/03\\\/Stand-Agora-Sanitaria-Infarma2018.webp\",\"datePublished\":\"2022-03-10T10:19:03+00:00\",\"dateModified\":\"2024-09-30T15:42:20+00:00\",\"description\":\"Farmac\u00e9uticos expertos en diferentes \u00e1reas de la salud fomentar\u00e1n en Aula \u00c1gora el aprendizaje pr\u00e1ctico y activo que permita el desarrollo...\",\"breadcrumb\":{\"@id\":\"https:\\\/\\\/www.infarma.es\\\/en\\\/agora-sanitaria-celebrara-en-infarma-madrid-2022-12-anos-como-referente-en-formacion-con-doce-talleres-y-concursos-interactivos\\\/#breadcrumb\"},\"inLanguage\":\"en-US\",\"potentialAction\":[{\"@type\":\"ReadAction\",\"target\":[\"https:\\\/\\\/www.infarma.es\\\/en\\\/agora-sanitaria-celebrara-en-infarma-madrid-2022-12-anos-como-referente-en-formacion-con-doce-talleres-y-concursos-interactivos\\\/\"]}]},{\"@type\":\"ImageObject\",\"inLanguage\":\"en-US\",\"@id\":\"https:\\\/\\\/www.infarma.es\\\/en\\\/agora-sanitaria-celebrara-en-infarma-madrid-2022-12-anos-como-referente-en-formacion-con-doce-talleres-y-concursos-interactivos\\\/#primaryimage\",\"url\":\"https:\\\/\\\/www.infarma.es\\\/wp-content\\\/uploads\\\/2022\\\/03\\\/Stand-Agora-Sanitaria-Infarma2018.webp\",\"contentUrl\":\"https:\\\/\\\/www.infarma.es\\\/wp-content\\\/uploads\\\/2022\\\/03\\\/Stand-Agora-Sanitaria-Infarma2018.webp\",\"width\":852,\"height\":300},{\"@type\":\"BreadcrumbList\",\"@id\":\"https:\\\/\\\/www.infarma.es\\\/en\\\/agora-sanitaria-celebrara-en-infarma-madrid-2022-12-anos-como-referente-en-formacion-con-doce-talleres-y-concursos-interactivos\\\/#breadcrumb\",\"itemListElement\":[{\"@type\":\"ListItem\",\"position\":1,\"name\":\"Portada\",\"item\":\"https:\\\/\\\/www.infarma.es\\\/en\\\/\"},{\"@type\":\"ListItem\",\"position\":2,\"name\":\"\u00c1gora Sanitaria celebrar\u00e1 en Infarma Madrid 2022 12 a\u00f1os como referente en formaci\u00f3n con doce talleres y concursos interactivos\"}]},{\"@type\":\"WebSite\",\"@id\":\"https:\\\/\\\/www.infarma.es\\\/en\\\/#website\",\"url\":\"https:\\\/\\\/www.infarma.es\\\/en\\\/\",\"name\":\"Infarma\",\"description\":\"El mayor encuentro de farmacia\",\"publisher\":{\"@id\":\"https:\\\/\\\/www.infarma.es\\\/en\\\/#organization\"},\"potentialAction\":[{\"@type\":\"SearchAction\",\"target\":{\"@type\":\"EntryPoint\",\"urlTemplate\":\"https:\\\/\\\/www.infarma.es\\\/en\\\/?s={search_term_string}\"},\"query-input\":{\"@type\":\"PropertyValueSpecification\",\"valueRequired\":true,\"valueName\":\"search_term_string\"}}],\"inLanguage\":\"en-US\"},{\"@type\":\"Organization\",\"@id\":\"https:\\\/\\\/www.infarma.es\\\/en\\\/#organization\",\"name\":\"Infarma\",\"url\":\"https:\\\/\\\/www.infarma.es\\\/en\\\/\",\"logo\":{\"@type\":\"ImageObject\",\"inLanguage\":\"en-US\",\"@id\":\"https:\\\/\\\/www.infarma.es\\\/en\\\/#\\\/schema\\\/logo\\\/image\\\/\",\"url\":\"https:\\\/\\\/www.infarma.es\\\/wp-content\\\/uploads\\\/2024\\\/10\\\/logo-simple.svg\",\"contentUrl\":\"https:\\\/\\\/www.infarma.es\\\/wp-content\\\/uploads\\\/2024\\\/10\\\/logo-simple.svg\",\"width\":1,\"height\":1,\"caption\":\"Infarma\"},\"image\":{\"@id\":\"https:\\\/\\\/www.infarma.es\\\/en\\\/#\\\/schema\\\/logo\\\/image\\\/\"},\"sameAs\":[\"https:\\\/\\\/www.facebook.com\\\/infarmaoficial\\\/\",\"https:\\\/\\\/x.com\\\/infarma_es\",\"https:\\\/\\\/www.instagram.com\\\/infarma_oficial\\\/\",\"https:\\\/\\\/www.linkedin.com\\\/showcase\\\/infarma-salon\\\/\",\"https:\\\/\\\/www.youtube.com\\\/@INFARMAOFICIAL\"]},{\"@type\":\"Person\",\"@id\":\"https:\\\/\\\/www.infarma.es\\\/en\\\/#\\\/schema\\\/person\\\/e53486dc47606cc5c89217026a8a01a7\",\"name\":\"xavier\",\"image\":{\"@type\":\"ImageObject\",\"inLanguage\":\"en-US\",\"@id\":\"https:\\\/\\\/secure.gravatar.com\\\/avatar\\\/9014b89254123c1f240ae636cc793b98ce50ec2df162909756be1d23adc503e4?s=96&d=mm&r=g\",\"url\":\"https:\\\/\\\/secure.gravatar.com\\\/avatar\\\/9014b89254123c1f240ae636cc793b98ce50ec2df162909756be1d23adc503e4?s=96&d=mm&r=g\",\"contentUrl\":\"https:\\\/\\\/secure.gravatar.com\\\/avatar\\\/9014b89254123c1f240ae636cc793b98ce50ec2df162909756be1d23adc503e4?s=96&d=mm&r=g\",\"caption\":\"xavier\"},\"url\":\"https:\\\/\\\/www.infarma.es\\\/en\\\/author\\\/xavier\\\/\"}]}<\/script>\n<!-- \/ Yoast SEO plugin. -->","yoast_head_json":{"title":"\u00c1gora Sanitaria celebrar\u00e1 en Infarma Madrid 2022 12 a\u00f1os como referente en formaci\u00f3n con doce talleres y concursos interactivos","description":"Farmac\u00e9uticos expertos en diferentes \u00e1reas de la salud fomentar\u00e1n en Aula \u00c1gora el aprendizaje pr\u00e1ctico y activo que permita el desarrollo...","robots":{"index":"index","follow":"follow","max-snippet":"max-snippet:-1","max-image-preview":"max-image-preview:large","max-video-preview":"max-video-preview:-1"},"canonical":"https:\/\/www.infarma.es\/en\/agora-sanitaria-celebrara-en-infarma-madrid-2022-12-anos-como-referente-en-formacion-con-doce-talleres-y-concursos-interactivos\/","og_locale":"en_US","og_type":"article","og_title":"\u00c1gora Sanitaria celebrar\u00e1 en Infarma Madrid 2022 12 a\u00f1os como referente en formaci\u00f3n con doce talleres y concursos interactivos","og_description":"Farmac\u00e9uticos expertos en diferentes \u00e1reas de la salud fomentar\u00e1n en Aula \u00c1gora el aprendizaje pr\u00e1ctico y activo que permita el desarrollo...","og_url":"https:\/\/www.infarma.es\/en\/agora-sanitaria-celebrara-en-infarma-madrid-2022-12-anos-como-referente-en-formacion-con-doce-talleres-y-concursos-interactivos\/","og_site_name":"Infarma","article_publisher":"https:\/\/www.facebook.com\/infarmaoficial\/","article_published_time":"2022-03-10T10:19:03+00:00","article_modified_time":"2024-09-30T15:42:20+00:00","og_image":[{"width":852,"height":300,"url":"https:\/\/www.infarma.es\/wp-content\/uploads\/2022\/03\/Stand-Agora-Sanitaria-Infarma2018.webp","type":"image\/webp"}],"author":"xavier","twitter_card":"summary_large_image","twitter_creator":"@infarma_es","twitter_site":"@infarma_es","twitter_misc":{"Written by":"xavier","Est. reading time":"4 minutes"},"schema":{"@context":"https:\/\/schema.org","@graph":[{"@type":"Article","@id":"https:\/\/www.infarma.es\/en\/agora-sanitaria-celebrara-en-infarma-madrid-2022-12-anos-como-referente-en-formacion-con-doce-talleres-y-concursos-interactivos\/#article","isPartOf":{"@id":"https:\/\/www.infarma.es\/en\/agora-sanitaria-celebrara-en-infarma-madrid-2022-12-anos-como-referente-en-formacion-con-doce-talleres-y-concursos-interactivos\/"},"author":{"name":"xavier","@id":"https:\/\/www.infarma.es\/en\/#\/schema\/person\/e53486dc47606cc5c89217026a8a01a7"},"headline":"\u00c1gora Sanitaria celebrar\u00e1 en Infarma Madrid 2022 12 a\u00f1os como referente en formaci\u00f3n con doce talleres y concursos interactivos","datePublished":"2022-03-10T10:19:03+00:00","dateModified":"2024-09-30T15:42:20+00:00","mainEntityOfPage":{"@id":"https:\/\/www.infarma.es\/en\/agora-sanitaria-celebrara-en-infarma-madrid-2022-12-anos-como-referente-en-formacion-con-doce-talleres-y-concursos-interactivos\/"},"wordCount":814,"publisher":{"@id":"https:\/\/www.infarma.es\/en\/#organization"},"image":{"@id":"https:\/\/www.infarma.es\/en\/agora-sanitaria-celebrara-en-infarma-madrid-2022-12-anos-como-referente-en-formacion-con-doce-talleres-y-concursos-interactivos\/#primaryimage"},"thumbnailUrl":"https:\/\/www.infarma.es\/wp-content\/uploads\/2022\/03\/Stand-Agora-Sanitaria-Infarma2018.webp","articleSection":["Notas de prensa"],"inLanguage":"en-US"},{"@type":"WebPage","@id":"https:\/\/www.infarma.es\/en\/agora-sanitaria-celebrara-en-infarma-madrid-2022-12-anos-como-referente-en-formacion-con-doce-talleres-y-concursos-interactivos\/","url":"https:\/\/www.infarma.es\/en\/agora-sanitaria-celebrara-en-infarma-madrid-2022-12-anos-como-referente-en-formacion-con-doce-talleres-y-concursos-interactivos\/","name":"\u00c1gora Sanitaria celebrar\u00e1 en Infarma Madrid 2022 12 a\u00f1os como referente en formaci\u00f3n con doce talleres y concursos interactivos","isPartOf":{"@id":"https:\/\/www.infarma.es\/en\/#website"},"primaryImageOfPage":{"@id":"https:\/\/www.infarma.es\/en\/agora-sanitaria-celebrara-en-infarma-madrid-2022-12-anos-como-referente-en-formacion-con-doce-talleres-y-concursos-interactivos\/#primaryimage"},"image":{"@id":"https:\/\/www.infarma.es\/en\/agora-sanitaria-celebrara-en-infarma-madrid-2022-12-anos-como-referente-en-formacion-con-doce-talleres-y-concursos-interactivos\/#primaryimage"},"thumbnailUrl":"https:\/\/www.infarma.es\/wp-content\/uploads\/2022\/03\/Stand-Agora-Sanitaria-Infarma2018.webp","datePublished":"2022-03-10T10:19:03+00:00","dateModified":"2024-09-30T15:42:20+00:00","description":"Farmac\u00e9uticos expertos en diferentes \u00e1reas de la salud fomentar\u00e1n en Aula \u00c1gora el aprendizaje pr\u00e1ctico y activo que permita el desarrollo...","breadcrumb":{"@id":"https:\/\/www.infarma.es\/en\/agora-sanitaria-celebrara-en-infarma-madrid-2022-12-anos-como-referente-en-formacion-con-doce-talleres-y-concursos-interactivos\/#breadcrumb"},"inLanguage":"en-US","potentialAction":[{"@type":"ReadAction","target":["https:\/\/www.infarma.es\/en\/agora-sanitaria-celebrara-en-infarma-madrid-2022-12-anos-como-referente-en-formacion-con-doce-talleres-y-concursos-interactivos\/"]}]},{"@type":"ImageObject","inLanguage":"en-US","@id":"https:\/\/www.infarma.es\/en\/agora-sanitaria-celebrara-en-infarma-madrid-2022-12-anos-como-referente-en-formacion-con-doce-talleres-y-concursos-interactivos\/#primaryimage","url":"https:\/\/www.infarma.es\/wp-content\/uploads\/2022\/03\/Stand-Agora-Sanitaria-Infarma2018.webp","contentUrl":"https:\/\/www.infarma.es\/wp-content\/uploads\/2022\/03\/Stand-Agora-Sanitaria-Infarma2018.webp","width":852,"height":300},{"@type":"BreadcrumbList","@id":"https:\/\/www.infarma.es\/en\/agora-sanitaria-celebrara-en-infarma-madrid-2022-12-anos-como-referente-en-formacion-con-doce-talleres-y-concursos-interactivos\/#breadcrumb","itemListElement":[{"@type":"ListItem","position":1,"name":"Portada","item":"https:\/\/www.infarma.es\/en\/"},{"@type":"ListItem","position":2,"name":"\u00c1gora Sanitaria celebrar\u00e1 en Infarma Madrid 2022 12 a\u00f1os como referente en formaci\u00f3n con doce talleres y concursos interactivos"}]},{"@type":"WebSite","@id":"https:\/\/www.infarma.es\/en\/#website","url":"https:\/\/www.infarma.es\/en\/","name":"Infarma","description":"El mayor encuentro de farmacia","publisher":{"@id":"https:\/\/www.infarma.es\/en\/#organization"},"potentialAction":[{"@type":"SearchAction","target":{"@type":"EntryPoint","urlTemplate":"https:\/\/www.infarma.es\/en\/?s={search_term_string}"},"query-input":{"@type":"PropertyValueSpecification","valueRequired":true,"valueName":"search_term_string"}}],"inLanguage":"en-US"},{"@type":"Organization","@id":"https:\/\/www.infarma.es\/en\/#organization","name":"Infarma","url":"https:\/\/www.infarma.es\/en\/","logo":{"@type":"ImageObject","inLanguage":"en-US","@id":"https:\/\/www.infarma.es\/en\/#\/schema\/logo\/image\/","url":"https:\/\/www.infarma.es\/wp-content\/uploads\/2024\/10\/logo-simple.svg","contentUrl":"https:\/\/www.infarma.es\/wp-content\/uploads\/2024\/10\/logo-simple.svg","width":1,"height":1,"caption":"Infarma"},"image":{"@id":"https:\/\/www.infarma.es\/en\/#\/schema\/logo\/image\/"},"sameAs":["https:\/\/www.facebook.com\/infarmaoficial\/","https:\/\/x.com\/infarma_es","https:\/\/www.instagram.com\/infarma_oficial\/","https:\/\/www.linkedin.com\/showcase\/infarma-salon\/","https:\/\/www.youtube.com\/@INFARMAOFICIAL"]},{"@type":"Person","@id":"https:\/\/www.infarma.es\/en\/#\/schema\/person\/e53486dc47606cc5c89217026a8a01a7","name":"xavier","image":{"@type":"ImageObject","inLanguage":"en-US","@id":"https:\/\/secure.gravatar.com\/avatar\/9014b89254123c1f240ae636cc793b98ce50ec2df162909756be1d23adc503e4?s=96&d=mm&r=g","url":"https:\/\/secure.gravatar.com\/avatar\/9014b89254123c1f240ae636cc793b98ce50ec2df162909756be1d23adc503e4?s=96&d=mm&r=g","contentUrl":"https:\/\/secure.gravatar.com\/avatar\/9014b89254123c1f240ae636cc793b98ce50ec2df162909756be1d23adc503e4?s=96&d=mm&r=g","caption":"xavier"},"url":"https:\/\/www.infarma.es\/en\/author\/xavier\/"}]}},"_links":{"self":[{"href":"https:\/\/www.infarma.es\/en\/wp-json\/wp\/v2\/posts\/7490","targetHints":{"allow":["GET"]}}],"collection":[{"href":"https:\/\/www.infarma.es\/en\/wp-json\/wp\/v2\/posts"}],"about":[{"href":"https:\/\/www.infarma.es\/en\/wp-json\/wp\/v2\/types\/post"}],"author":[{"embeddable":true,"href":"https:\/\/www.infarma.es\/en\/wp-json\/wp\/v2\/users\/2"}],"replies":[{"embeddable":true,"href":"https:\/\/www.infarma.es\/en\/wp-json\/wp\/v2\/comments?post=7490"}],"version-history":[{"count":2,"href":"https:\/\/www.infarma.es\/en\/wp-json\/wp\/v2\/posts\/7490\/revisions"}],"predecessor-version":[{"id":15187,"href":"https:\/\/www.infarma.es\/en\/wp-json\/wp\/v2\/posts\/7490\/revisions\/15187"}],"wp:featuredmedia":[{"embeddable":true,"href":"https:\/\/www.infarma.es\/en\/wp-json\/wp\/v2\/media\/15184"}],"wp:attachment":[{"href":"https:\/\/www.infarma.es\/en\/wp-json\/wp\/v2\/media?parent=7490"}],"wp:term":[{"taxonomy":"category","embeddable":true,"href":"https:\/\/www.infarma.es\/en\/wp-json\/wp\/v2\/categories?post=7490"},{"taxonomy":"post_tag","embeddable":true,"href":"https:\/\/www.infarma.es\/en\/wp-json\/wp\/v2\/tags?post=7490"}],"curies":[{"name":"wp","href":"https:\/\/api.w.org\/{rel}","templated":true}]}}